{"id":166067,"date":"2019-06-05T13:55:20","date_gmt":"2019-06-05T10:55:20","guid":{"rendered":"http:\/\/www.tvturk.com\/index.php\/ozel-erciyeste-teleferiklerin-orumcek-adamlari\/"},"modified":"2019-06-05T13:55:20","modified_gmt":"2019-06-05T10:55:20","slug":"ozel-erciyeste-teleferiklerin-orumcek-adamlari","status":"publish","type":"post","link":"http:\/\/www.tvturk.com\/index.php\/ozel-erciyeste-teleferiklerin-orumcek-adamlari\/","title":{"rendered":"(\u00d6zel) Erciyes\u2019te teleferiklerin \u00f6r\u00fcmcek adamlar\u0131"},"content":{"rendered":"<p>T\u00fcrkiye\u2019nin \u00f6nemli turizm merkezlerinden Erciyes\u2019te yeni sezon haz\u0131rl\u0131klar\u0131 kapsam\u0131nda teleferiklerin bak\u0131m\u0131n yapan ekipler, \u00f6r\u00fcmcek adam\u0131 and\u0131r\u0131yor.<\/p>\n<p>T\u00fcrkiye\u2019nin \u00f6nemli kayak merkezlerinden biri olan Erciyes\u2019te hareketli ge\u00e7en k\u0131\u015f sezonunun ard\u0131ndan yeni sezon haz\u0131rl\u0131klar\u0131 ba\u015flad\u0131. Turistleri Erciyes\u2019in zirvesine \u00e7\u0131karan teleferiklerin bak\u0131m\u0131na da ba\u015fland\u0131. Erciyes A\u015e b\u00fcnyesindeki Tamir Bak\u0131m M\u00fcd\u00fcrl\u00fc\u011f\u00fc ekipleri, 25 metre y\u00fcksekli\u011findeki teleferiklere \u00f6r\u00fcmcek adam gibi t\u0131rmanarak halatlar\u0131 kontrol edip, halata ba\u011flayan kremlerin bak\u0131mlar\u0131n\u0131 yap\u0131yor ve \u015fanz\u0131man ya\u011flar\u0131n\u0131 de\u011fi\u015ftiriyor.<\/p>\n<p>Erciyes A\u015e Y\u00f6netim Kurulu Ba\u015fkan\u0131 Murat Cahid C\u0131ng\u0131, 2019-2020 sezonunu rekorla kapatt\u0131klar\u0131n\u0131 s\u00f6yleyerek, \u201c2019-2020 sezonu Erciyesimiz a\u00e7\u0131s\u0131ndan olduk\u00e7a yo\u011fun ve bereketli ge\u00e7ti. Hareketli bir k\u0131\u015f mevsimi olarak tarihe ge\u00e7ti. Erciyes tarihinde yeni rekora imza atm\u0131\u015f olduk. Bu sene gelen ziyaret\u00e7i say\u0131s\u0131, yap\u0131lan faaliyet say\u0131s\u0131, kayak ve g\u00fcn\u00fcbirlik dinlenme maksad\u0131yla gelen misafirlerimizin oran\u0131 ve yurt d\u0131\u015f\u0131ndan gelen insan say\u0131s\u0131n\u0131 hesaplad\u0131\u011f\u0131m\u0131z zaman Erciyes i\u00e7in tarihi bir y\u0131l ge\u00e7irmi\u015f olduk\u201d dedi.<\/p>\n<p>C\u0131ng\u0131, tesislerin bak\u0131mlar\u0131n\u0131 yapt\u0131klar\u0131n\u0131 s\u00f6yleyerek, \u201cBizim yapm\u0131\u015f oldu\u011fumuz turizmi teknik turizm diye isimlendiriyoruz. \u00c7\u00fcnk\u00fc neticede sadece denizde oldu\u011fu gibi gidip Allah\u2019\u0131n yaratt\u0131\u011f\u0131 denize kendinizi b\u0131rakm\u0131yorsunuz. Teleferiklerle, suni karlama sistemleri ile bir noktada teknik i\u015flerle turizm \u00e7e\u015fidi ger\u00e7ekle\u015ftiriyoruz. Teleferiklerimiz e\u011fer vatanda\u015flar\u0131m\u0131z\u0131 da\u011f\u0131n \u00fcst kesimine \u00e7\u0131karmazlarsa onlar\u0131n kayak yapma imkan\u0131 ortadan kalkm\u0131\u015f oluyor. O y\u00fczden teknik bir turizm yapm\u0131\u015f oluyoruz ve kullanm\u0131\u015f oldu\u011fumuz b\u00fct\u00fcn bu tesisler, aletler ve makineler \u00e7ok ileri teknoloji \u00fcr\u00fcn\u00fc, i\u00e7inde hidrolik, dijital ve mekanik her t\u00fcrl\u00fc teknolojiyi bar\u0131nd\u0131ran sistemlerdir. Bunlar da tabii ki de\u011fi\u015fik tabiat \u015fartlar\u0131nda eksi 30 ile art\u0131 30 aras\u0131ndaki bu s\u0131cakl\u0131k de\u011fi\u015fikliklerinden etkileniyorlar ve tahrip oluyorlar. K\u0131\u015f\u0131n da \u00e7ok yo\u011fun kullan\u0131ld\u0131. Yo\u011fun bir izdiham oldu\u011fu i\u00e7in gayet ba\u015far\u0131l\u0131 ge\u00e7ti. S\u00fcrekli olarak sistemlerimiz kullan\u0131ld\u0131. Sezon biter bitmez de Erciyes A\u015e b\u00fcnyesinde Tamir Bak\u0131m M\u00fcd\u00fcrl\u00fc\u011f\u00fcm\u00fcz b\u00fcnyesinde yaz boyunca yap\u0131lacak tamirlerimiz ve bak\u0131mlar\u0131m\u0131z planlan\u0131yor. Hat hat da\u011fdaki b\u00fct\u00fcn teknik tesislerimizi elimize al\u0131yoruz. Arkada\u015flar\u0131m\u0131z i\u011fneden ipli\u011fe, vidas\u0131ndan somununa var\u0131ncaya kadar her \u015feyini de\u011fi\u015ftiriyorlar ve kontrol ediyorlar ve gelecek seneki kayak\u00e7\u0131lar\u0131m\u0131z i\u00e7in kaliteli, risk olu\u015fturmayacak bir sistem ortaya \u00e7\u0131kmas\u0131na vesile oluyorlar\u201d ifadelerini kulland\u0131.<\/p>\n","protected":false},"excerpt":{"rendered":"<p>T\u00dcRK\u0130YE\u2019N\u0130N \u00d6NEML\u0130 TUR\u0130ZM MERKEZLER\u0130NDEN B\u0130R\u0130 OLAN ERC\u0130YES\u2019TE YEN\u0130 SEZON HAZIRLIKLARI KAPSAMINDA TELEFER\u0130KLER\u0130N BAKIMIN YAPAN EK\u0130PLER, \u00d6R\u00dcMCEK ADAMI ANDIRIYOR.<\/p>\n","protected":false},"author":1,"featured_media":166068,"comment_status":"closed","ping_status":"open","sticky":false,"template":"","format":"standard","meta":{"jetpack_post_was_ever_published":false,"_jetpack_newsletter_access":"","_jetpack_dont_email_post_to_subs":false,"_jetpack_newsletter_tier_id":0,"_jetpack_memberships_contains_paywalled_content":false,"_jetpack_memberships_contains_paid_content":false,"footnotes":"","jetpack_publicize_message":"","jetpack_publicize_feature_enabled":true,"jetpack_social_post_already_shared":true,"jetpack_social_options":{"image_generator_settings":{"template":"highway","default_image_id":0,"font":"","enabled":false},"version":2}},"categories":[1],"tags":[1073,2829,11148,33753,39584],"class_list":["post-166067","post","type-post","status-publish","format-standard","has-post-thumbnail","hentry","category-genel","tag-ozel","tag-adamlari","tag-erciyeste","tag-orumcek","tag-teleferiklerin"],"jetpack_publicize_connections":[],"jetpack_featured_media_url":"https:\/\/i0.wp.com\/www.tvturk.com\/wp-content\/uploads\/2019\/06\/ozel-erciyeste-teleferiklerin-orumcek-adamlari_928ae11.jpg?fit=1000%2C562","jetpack_sharing_enabled":true,"jetpack_shortlink":"https:\/\/wp.me\/paKIfm-Hcv","_links":{"self":[{"href":"http:\/\/www.tvturk.com\/index.php\/wp-json\/wp\/v2\/posts\/166067","targetHints":{"allow":["GET"]}}],"collection":[{"href":"http:\/\/www.tvturk.com\/index.php\/wp-json\/wp\/v2\/posts"}],"about":[{"href":"http:\/\/www.tvturk.com\/index.php\/wp-json\/wp\/v2\/types\/post"}],"author":[{"embeddable":true,"href":"http:\/\/www.tvturk.com\/index.php\/wp-json\/wp\/v2\/users\/1"}],"replies":[{"embeddable":true,"href":"http:\/\/www.tvturk.com\/index.php\/wp-json\/wp\/v2\/comments?post=166067"}],"version-history":[{"count":0,"href":"http:\/\/www.tvturk.com\/index.php\/wp-json\/wp\/v2\/posts\/166067\/revisions"}],"wp:featuredmedia":[{"embeddable":true,"href":"http:\/\/www.tvturk.com\/index.php\/wp-json\/wp\/v2\/media\/166068"}],"wp:attachment":[{"href":"http:\/\/www.tvturk.com\/index.php\/wp-json\/wp\/v2\/media?parent=166067"}],"wp:term":[{"taxonomy":"category","embeddable":true,"href":"http:\/\/www.tvturk.com\/index.php\/wp-json\/wp\/v2\/categories?post=166067"},{"taxonomy":"post_tag","embeddable":true,"href":"http:\/\/www.tvturk.com\/index.php\/wp-json\/wp\/v2\/tags?post=166067"}],"curies":[{"name":"wp","href":"https:\/\/api.w.org\/{rel}","templated":true}]}}