{"id":166073,"date":"2019-06-05T14:21:12","date_gmt":"2019-06-05T11:21:12","guid":{"rendered":"http:\/\/www.tvturk.com\/index.php\/ozbek-ogrencinin-turkce-sevdasi\/"},"modified":"2019-06-05T14:21:12","modified_gmt":"2019-06-05T11:21:12","slug":"ozbek-ogrencinin-turkce-sevdasi","status":"publish","type":"post","link":"http:\/\/www.tvturk.com\/index.php\/ozbek-ogrencinin-turkce-sevdasi\/","title":{"rendered":"\u00d6zbek \u00f6\u011frencinin T\u00fcrk\u00e7e sevdas\u0131"},"content":{"rendered":"<p>\u00d6zbeklerin T\u00fcrkiye\u2019ye olan sevgisi her ge\u00e7en g\u00fcn artarken, diziler sayesinde T\u00fcrk\u00e7e \u00f6\u011frenen 17 ya\u015f\u0131ndaki Dil\u015fade, T\u00fcrkiye\u2019ye olan sevgisini dile getirdi. Dil\u015fade, Cumhurba\u015fkan\u0131 Recep Tayyip Erdo\u011fan\u2019\u0131n kitaplar\u0131n\u0131 da okudu\u011funu ifade etti.<\/p>\n<p>D\u00fcnya uygarl\u0131\u011f\u0131na katk\u0131da bulunmu\u015f d\u00fc\u015f\u00fcn\u00fcrler, bilim ve devlet adamlar\u0131, \u015fairlerin ya\u015fad\u0131\u011f\u0131 \u00d6zbekistan\u2019da k\u0131ymetli bilimsel ve edebi kitaplar, minyat\u00fcrler, emsalsiz mimari eserler g\u00fcn\u00fcm\u00fcze kadar ula\u015f\u0131rken, \u00d6zbeklerin T\u00fcrkiye\u2019ye olan sevgisi her ge\u00e7en g\u00fcn artarak devam ediyor. Matbaay\u0131 \u00d6zbekistan\u2019a ilk getiren \u0130shakhan T\u00f6re \u0130bret\u2019in ad\u0131n\u0131 ta\u015f\u0131yan okulda e\u011fitim g\u00f6ren 17 ya\u015f\u0131ndaki Dil\u015fade, 2017 y\u0131l\u0131nda a\u00e7\u0131lan ve hem dil hem de matematik, co\u011frafya gibi alanlarda derslerin verildi\u011fi okulda kendi imkanlar\u0131yla T\u00fcrk\u00e7e \u00f6\u011frenmeyi ba\u015fard\u0131. Cumhurba\u015fkan\u0131 Recep Tayyip Erdo\u011fan\u2019\u0131n kitaplar\u0131n\u0131 da okuyan Dil\u015fade, T\u00fcrk\u00e7e\u2019yi dizilerden \u00f6\u011frendi\u011fini ifade etti.<\/p>\n<p>T\u00fcrk\u00e7e\u2019yi kendi dili gibi konu\u015fan Dil\u015fade, T\u00fcrkiye\u2019ye olan sevgisini dile getirerek, \u201cT\u00fcrkiye Cumhurba\u015fkan\u0131 Recep Tayyip Erdo\u011fan\u2019\u0131n kitaplar\u0131n\u0131 okuyorum. T\u00fcrk dizilerini \u00e7ok seviyorum. Kara Sevda, K\u00f6sem, \u0130\u00e7erde, Muhte\u015fem Y\u00fczy\u0131l, Kurtlar Vadisini izliyorum\u201d ifadelerini kulland\u0131.<\/p>\n<p>211 \u00f6\u011frencinin bulundu\u011fu okullar\u0131nda \u0130ngilizce, Rus\u00e7a, Korece, Almanca dersleri bulundu\u011funu anlatan Dil\u015fade, kendisi gibi dizilerden T\u00fcrk\u00e7e \u00f6\u011frenen \u00d6zbek \u00f6\u011fretmeni ile T\u00fcrk\u00e7e konu\u015farak pratik yapt\u0131\u011f\u0131n\u0131 belirtti.<\/p>\n<p>\u0130shakhan T\u00f6re \u0130bret kimdir?<\/p>\n<p>\u00d6zbekistan\u2019a ilk matbaay\u0131 getiren \u0130shakhan T\u00f6re \u0130bret, Hindistan ve Rusya\u2019n\u0131n yan\u0131 s\u0131ra 2 y\u0131l T\u00fcrkiye\u2019de ya\u015fad\u0131. E\u011fitimci \u015fair, tarih uzman\u0131 ve ilk \u00d6zbek yay\u0131nc\u0131lar\u0131ndan olan \u0130bret, 1862 y\u0131l\u0131nda Namangan \u015fehrine yak\u0131n T\u00f6rekurgan k\u00f6y\u00fcnde d\u00fcnyaya geldi. \u0130lk e\u011fitimini eski usul mektepte, sonra annesinden alan \u0130bret, daha sonra Kokand\u2019a gitti ve medresede e\u011fitime ba\u015flad\u0131. \u0130stanbul, Sofya, Atina, Roma gibi \u00f6nemli \u015fehirlerde bulunan \u0130bret, uzun bir s\u00fcre Cidde\u2019de bulundu. Bombay ve Kalk\u00fcta\u2019da ya\u015fayan \u0130shakhan \u0130bret seyahatleri s\u0131ras\u0131nda Arap\u00e7a, Fars\u00e7a, Hint\u00e7e-Urduca ve \u0130ngilizce\u2019yi m\u00fckemmel derecede \u00f6\u011frendi. 1896 y\u0131l\u0131nda memleketine geri d\u00f6nd\u00fc. 1901 y\u0131l\u0131nda Arap\u00e7a, Fars\u00e7a, Hint\u00e7e, T\u00fcrk\u00e7e, \u00d6zbek dili ve Rus\u00e7a\u2019dan olu\u015fan Lugat-i Sitte-elsine (Alt\u0131 Dilli L\u00fcgat) eserini basan \u0130bret\u2019in kitab\u0131, do\u011fu dilleri ve Rus\u00e7a \u00f6\u011fretiminde yard\u0131mc\u0131 kitap olarak okutuldu. \u0130shakhan T\u00f6re \u0130bret, 14 adet bilimsel, tarihi ve dil bilimi alanlar\u0131nda eserler yazd\u0131. 30 y\u0131ll\u0131k \u015fiir \u00e7al\u0131\u015fmalar\u0131n\u0131 \u201cDivan-\u0131 \u0130bret\u201d  kitab\u0131nda toplayan \u00d6zbek d\u00fc\u015f\u00fcn\u00fcr, \u201cTarih-i Fergane\u201d, \u201cTarih-i Medeniyet\u201d ve \u201cMizan\u2019\u00fcz-zaman\u201d adl\u0131 tarih kitaplar\u0131n\u0131 yazd\u0131.<\/p>\n<p>\u0130bret\u2019an ad\u0131n\u0131 ta\u015f\u0131yan \u0130shakhan T\u00f6re \u0130bret Okulunda ise dil s\u0131n\u0131flar\u0131n\u0131 ba\u015far\u0131l\u0131 ile tamamlayan \u00f6\u011frenciler s\u0131nava girmeden \u00fcniversitelere al\u0131nabiliyor. Kamp\u00fcs i\u00e7erisinde bir de m\u00fcze bulunuyor. M\u00fcze i\u00e7erisinde \u0130shakhan T\u00f6re \u0130bret\u2019e ve ailesine ait ka\u011f\u0131tlara ve ta\u015fa yaz\u0131lan eserler sergileniyor. \u0130bret\u2019in annesi ve ailesinin foto\u011fraflar\u0131 ile eski yazmalar ziyaret\u00e7ilere sunuluyor.<\/p>\n","protected":false},"excerpt":{"rendered":"<p>\u00d6ZBEKLER\u0130N T\u00dcRK\u0130YE\u2019YE OLAN SEVG\u0130S\u0130 HER GE\u00c7EN G\u00dcN ARTARKEN, D\u0130Z\u0130LER SAYES\u0130NDE T\u00dcRK\u00c7E \u00d6\u011eRENEN 17 YA\u015eINDAK\u0130 D\u0130L\u015eADE, T\u00dcRK\u0130YE\u2019YE OLAN SEVG\u0130S\u0130N\u0130 D\u0130LE GET\u0130RD\u0130. D\u0130L\u015eADE, CUMHURBA\u015eKANI RECEP TAYY\u0130P ERDO\u011eAN\u2019IN K\u0130TAPLARINI DA OKUDU\u011eUNU \u0130FADE ETT\u0130.<\/p>\n","protected":false},"author":1,"featured_media":166074,"comment_status":"closed","ping_status":"open","sticky":false,"template":"","format":"standard","meta":{"jetpack_post_was_ever_published":false,"_jetpack_newsletter_access":"","_jetpack_dont_email_post_to_subs":false,"_jetpack_newsletter_tier_id":0,"_jetpack_memberships_contains_paywalled_content":false,"_jetpack_memberships_contains_paid_content":false,"footnotes":"","jetpack_publicize_message":"","jetpack_publicize_feature_enabled":true,"jetpack_social_post_already_shared":true,"jetpack_social_options":{"image_generator_settings":{"template":"highway","default_image_id":0,"font":"","enabled":false},"version":2}},"categories":[10],"tags":[7281,19729,39587,1539],"class_list":["post-166073","post","type-post","status-publish","format-standard","has-post-thumbnail","hentry","category-dunya","tag-ogrencinin","tag-ozbek","tag-sevdasi","tag-turkce"],"jetpack_publicize_connections":[],"jetpack_featured_media_url":"https:\/\/i0.wp.com\/www.tvturk.com\/wp-content\/uploads\/2019\/06\/ozbek-ogrencinin-turkce-sevdasi_cc914f9.jpg?fit=1000%2C619","jetpack_sharing_enabled":true,"jetpack_shortlink":"https:\/\/wp.me\/paKIfm-HcB","_links":{"self":[{"href":"http:\/\/www.tvturk.com\/index.php\/wp-json\/wp\/v2\/posts\/166073","targetHints":{"allow":["GET"]}}],"collection":[{"href":"http:\/\/www.tvturk.com\/index.php\/wp-json\/wp\/v2\/posts"}],"about":[{"href":"http:\/\/www.tvturk.com\/index.php\/wp-json\/wp\/v2\/types\/post"}],"author":[{"embeddable":true,"href":"http:\/\/www.tvturk.com\/index.php\/wp-json\/wp\/v2\/users\/1"}],"replies":[{"embeddable":true,"href":"http:\/\/www.tvturk.com\/index.php\/wp-json\/wp\/v2\/comments?post=166073"}],"version-history":[{"count":0,"href":"http:\/\/www.tvturk.com\/index.php\/wp-json\/wp\/v2\/posts\/166073\/revisions"}],"wp:featuredmedia":[{"embeddable":true,"href":"http:\/\/www.tvturk.com\/index.php\/wp-json\/wp\/v2\/media\/166074"}],"wp:attachment":[{"href":"http:\/\/www.tvturk.com\/index.php\/wp-json\/wp\/v2\/media?parent=166073"}],"wp:term":[{"taxonomy":"category","embeddable":true,"href":"http:\/\/www.tvturk.com\/index.php\/wp-json\/wp\/v2\/categories?post=166073"},{"taxonomy":"post_tag","embeddable":true,"href":"http:\/\/www.tvturk.com\/index.php\/wp-json\/wp\/v2\/tags?post=166073"}],"curies":[{"name":"wp","href":"https:\/\/api.w.org\/{rel}","templated":true}]}}