{"id":166091,"date":"2019-06-05T15:05:50","date_gmt":"2019-06-05T12:05:50","guid":{"rendered":"http:\/\/www.tvturk.com\/index.php\/fifada-gianni-infantino-yeniden-baskan\/"},"modified":"2019-06-05T15:05:50","modified_gmt":"2019-06-05T12:05:50","slug":"fifada-gianni-infantino-yeniden-baskan","status":"publish","type":"post","link":"http:\/\/www.tvturk.com\/index.php\/fifada-gianni-infantino-yeniden-baskan\/","title":{"rendered":"FIFA\u2019da Gianni Infantino yeniden ba\u015fkan"},"content":{"rendered":"<p>Uluslararas\u0131 Futbol Federasyonlar\u0131 Birli\u011fi\u2019nin (FIFA) 69. Ola\u011fan Kongresi, \u00fcye \u00fclke federasyonlar\u0131n\u0131n ba\u015fkan ve \u00fcst d\u00fczey y\u00f6neticilerinin kat\u0131l\u0131m\u0131yla Fransa\u2019n\u0131n ba\u015fkenti Paris\u2019te yap\u0131ld\u0131. Gianni Infantino, 4 y\u0131ll\u0131\u011f\u0131na FIFA Ba\u015fkanl\u0131\u011f\u0131 g\u00f6revine yeniden se\u00e7ildi.<\/p>\n<p>Paris Expo Porte de Versailles\u2019de kongrede T\u00fcrkiye Futbol Federasyonu\u2019nu TFF Ba\u015fkan\u0131 Nihat \u00d6zdemir, UEFA Y\u00f6netim Kurulu \u00fcyesi ve TFF Ba\u015fkan Vekili Servet Yard\u0131mc\u0131 ile Genel Sekreter Kadir Karda\u015f temsil etti. Kongrede yap\u0131lan se\u00e7ime tek aday olarak giren Gianni Infantino, 4 y\u0131ll\u0131\u011f\u0131na FIFA Ba\u015fkanl\u0131\u011f\u0131 g\u00f6revine yeniden se\u00e7ildi.<\/p>\n<p>TFF Ba\u015fkan\u0131 Nihat \u00d6zdemir, Ba\u015fkan Vekili Servet Yard\u0131mc\u0131, Kadir Karda\u015f ve TFF Onursal Ba\u015fkan\u0131 \u015eenes Erzik, bir araya geldi\u011fi Gianni Infantino\u2019yu tekrar ba\u015fkan se\u00e7ilmesi nedeniyle kutlad\u0131.<\/p>\n<p>70. FIFA Ola\u011fan Kongresi gelecek y\u0131l may\u0131s ay\u0131nda Etiyopya\u2019n\u0131n ba\u015fkenti Addis Ababa\u2019da d\u00fczenlenecek.<\/p>\n","protected":false},"excerpt":{"rendered":"<p>ULUSLARARASI FUTBOL FEDERASYONLARI B\u0130RL\u0130\u011e\u0130&#8217;N\u0130N (FIFA) 69. OLA\u011eAN KONGRES\u0130, \u00dcYE \u00dcLKE FEDERASYONLARININ BA\u015eKAN VE \u00dcST D\u00dcZEY Y\u00d6NET\u0130C\u0130LER\u0130N\u0130N KATILIMIYLA FRANSA&#8217;NIN BA\u015eKENT\u0130 PAR\u0130S&#8217;TE YAPILDI. G\u0130ANN\u0130 INFANT\u0130NO, 4 YILLI\u011eINA FIFA BA\u015eKANLI\u011eI G\u00d6REV\u0130NE YEN\u0130DEN SE\u00c7\u0130LD\u0130.<\/p>\n","protected":false},"author":1,"featured_media":166092,"comment_status":"closed","ping_status":"open","sticky":false,"template":"","format":"standard","meta":{"jetpack_post_was_ever_published":false,"_jetpack_newsletter_access":"","_jetpack_dont_email_post_to_subs":false,"_jetpack_newsletter_tier_id":0,"_jetpack_memberships_contains_paywalled_content":false,"_jetpack_memberships_contains_paid_content":false,"footnotes":"","jetpack_publicize_message":"","jetpack_publicize_feature_enabled":true,"jetpack_social_post_already_shared":true,"jetpack_social_options":{"image_generator_settings":{"template":"highway","default_image_id":0,"font":"","enabled":false},"version":2}},"categories":[657],"tags":[100,39593,39594,39595,720],"class_list":["post-166091","post","type-post","status-publish","format-standard","has-post-thumbnail","hentry","category-spor","tag-baskan","tag-fifada","tag-gianni","tag-infantino","tag-yeniden"],"jetpack_publicize_connections":[],"jetpack_featured_media_url":"https:\/\/i0.wp.com\/www.tvturk.com\/wp-content\/uploads\/2019\/06\/fifada-gianni-infantino-yeniden-baskan_5959b19.jpg?fit=1000%2C750","jetpack_sharing_enabled":true,"jetpack_shortlink":"https:\/\/wp.me\/paKIfm-HcT","_links":{"self":[{"href":"http:\/\/www.tvturk.com\/index.php\/wp-json\/wp\/v2\/posts\/166091","targetHints":{"allow":["GET"]}}],"collection":[{"href":"http:\/\/www.tvturk.com\/index.php\/wp-json\/wp\/v2\/posts"}],"about":[{"href":"http:\/\/www.tvturk.com\/index.php\/wp-json\/wp\/v2\/types\/post"}],"author":[{"embeddable":true,"href":"http:\/\/www.tvturk.com\/index.php\/wp-json\/wp\/v2\/users\/1"}],"replies":[{"embeddable":true,"href":"http:\/\/www.tvturk.com\/index.php\/wp-json\/wp\/v2\/comments?post=166091"}],"version-history":[{"count":0,"href":"http:\/\/www.tvturk.com\/index.php\/wp-json\/wp\/v2\/posts\/166091\/revisions"}],"wp:featuredmedia":[{"embeddable":true,"href":"http:\/\/www.tvturk.com\/index.php\/wp-json\/wp\/v2\/media\/166092"}],"wp:attachment":[{"href":"http:\/\/www.tvturk.com\/index.php\/wp-json\/wp\/v2\/media?parent=166091"}],"wp:term":[{"taxonomy":"category","embeddable":true,"href":"http:\/\/www.tvturk.com\/index.php\/wp-json\/wp\/v2\/categories?post=166091"},{"taxonomy":"post_tag","embeddable":true,"href":"http:\/\/www.tvturk.com\/index.php\/wp-json\/wp\/v2\/tags?post=166091"}],"curies":[{"name":"wp","href":"https:\/\/api.w.org\/{rel}","templated":true}]}}