{"id":166095,"date":"2019-06-05T15:09:48","date_gmt":"2019-06-05T12:09:48","guid":{"rendered":"http:\/\/www.tvturk.com\/index.php\/yusuf-yazici-neden-fransadan-puan-almayalim\/"},"modified":"2019-06-05T15:09:48","modified_gmt":"2019-06-05T12:09:48","slug":"yusuf-yazici-neden-fransadan-puan-almayalim","status":"publish","type":"post","link":"http:\/\/www.tvturk.com\/index.php\/yusuf-yazici-neden-fransadan-puan-almayalim\/","title":{"rendered":"Yusuf Yaz\u0131c\u0131: &#8220;Neden Fransa\u2019dan puan almayal\u0131m&#8221;"},"content":{"rendered":"<p>A Milli Futbol Tak\u0131m\u0131 oyuncusu Yusuf Yaz\u0131c\u0131, &#8220;Fransa ma\u00e7\u0131nda da \u00e7ok iyi i\u015flere imza ataca\u011f\u0131m\u0131z\u0131 d\u00fc\u015f\u00fcn\u00fcyorum. Evet zor bir ma\u00e7 olacak ama neden olmas\u0131n, neden onlar\u0131 yenmeyelim, neden puanlarla ayr\u0131lmayal\u0131m&#8221; dedi.<\/p>\n<p>EURO 2020 Avrupa \u015eampiyonas\u0131 Elemeleri\u2019nde 8 Haziran\u2019da Konya\u2019da Fransa ve 11 Haziran\u2019da deplasmanda \u0130zlanda ile kar\u015f\u0131la\u015facak olan A Milli Tak\u0131m, m\u00fcsabakalar \u00f6ncesinde Antalya kamp\u0131nda antrenmanlara devam ediyor. Milli Tak\u0131m oyuncular\u0131 \u00c7a\u011flar S\u00f6y\u00fcnc\u00fc ve Yusuf Yaz\u0131c\u0131, d\u00fczenlenen toplant\u0131da bas\u0131n mensuplar\u0131n\u0131n sorular\u0131n\u0131 cevaplad\u0131. Geri say\u0131m\u0131n ba\u015flad\u0131\u011f\u0131 Fransa ma\u00e7\u0131na ili\u015fkin de\u011ferlendirmelerde bulunan Yaz\u0131c\u0131, Fransa\u2019n\u0131n son D\u00fcnya \u015eampiyonu olan bir tak\u0131m oldu\u011funu an\u0131msatarak zor bir ma\u00e7 olaca\u011f\u0131n\u0131 belirtti. Yaz\u0131c\u0131, &#8220;Bizler \u015fu an \u00e7ok iyi bir kamp d\u00f6nemi ge\u00e7iriyoruz. \u0130ki \u00e7ok g\u00fczel haz\u0131rl\u0131k ma\u00e7\u0131 oynad\u0131k ve kazand\u0131\u011f\u0131m\u0131z i\u00e7in de mutluyuz. \u00d6zg\u00fcvenimiz a\u00e7\u0131s\u0131ndan iyi oldu. Fransa ma\u00e7\u0131n\u0131n da g\u00fczel bir oyun olaca\u011f\u0131n\u0131 d\u00fc\u015f\u00fcn\u00fcyorum&#8221; \u015feklinde konu\u015ftu.<\/p>\n<p>&#8220;Neden puan almayal\u0131m?&#8221;<\/p>\n<p>Trabzonspor\u2019da g\u00fczel bir sezon ge\u00e7irdiklerini ifade eden Yaz\u0131c\u0131, sezon sonras\u0131 Abdulkadir ve U\u011furcan\u2019\u0131n milli tak\u0131ma kat\u0131lmas\u0131ndan duydu\u011fu memnuniyeti dile getirdi. Yaz\u0131c\u0131, &#8220;Fransa ma\u00e7\u0131nda da \u00e7ok iyi i\u015flere imza ataca\u011f\u0131m\u0131z\u0131 d\u00fc\u015f\u00fcn\u00fcyorum. Evet zor bir ma\u00e7 olacak ama neden olmas\u0131n, neden onlar\u0131 yenmeyelim, neden puanlarla ayr\u0131lmayal\u0131m? Kampta da \u00e7ok g\u00fczel bir arkada\u015fl\u0131k ortam\u0131 var, \u00e7ok deneyimli a\u011fabeylerimizle birlikte g\u00fczel i\u015flere imza ataca\u011f\u0131m\u0131z\u0131 d\u00fc\u015f\u00fcn\u00fcyorum&#8221; diye konu\u015ftu.<\/p>\n<p>Fransa ma\u00e7\u0131n\u0131n ard\u0131ndan oynanacak \u0130zlanda kar\u015f\u0131la\u015fmas\u0131na da \u00f6nem verdiklerini vurgulayan Yaz\u0131c\u0131, &#8220;Sahaya \u00e7\u0131kt\u0131\u011f\u0131m\u0131z zaman elimizden gelenin en iyisini yapmaya \u00e7al\u0131\u015faca\u011f\u0131z. \u0130nan\u0131yorum ki \u00f6nce Fransa sonra da \u0130zlanda ma\u00e7\u0131n\u0131 en g\u00fczel \u015fekilde tamamlayaca\u011f\u0131z&#8221; dedi.<\/p>\n<p>\u00c7a\u011flar: &#8220;Sadece ma\u00e7 saatini bekliyoruz&#8221;<\/p>\n<p>Milli oyuncu \u00c7a\u011flar S\u00f6y\u00fcnc\u00fc de, \u00e7ok g\u00fczel iki haz\u0131rl\u0131k ma\u00e7\u0131n\u0131n geride kald\u0131\u011f\u0131n\u0131 dile getirerek, &#8220;\u00c7ok zor bir ma\u00e7 bizi bekliyor ama biz ne olursa olsun hocam\u0131z\u0131n verdi\u011fi taktiksel zihinden \u00e7\u0131kmadan 90 dakika oynamak istiyoruz. \u0130yi ge\u00e7ece\u011fini d\u00fc\u015f\u00fcn\u00fcyorum&#8221; ifadelerinde bulundu.<\/p>\n<p>Milli tak\u0131mda resmi ma\u00e7 haz\u0131rl\u0131k ma\u00e7\u0131 olmad\u0131\u011f\u0131n\u0131 d\u00fc\u015f\u00fcnd\u00fc\u011f\u00fcn\u00fc s\u00f6yleyen S\u00f6y\u00fcnc\u00fc, &#8220;\u00c7\u0131kt\u0131\u011f\u0131m\u0131z her ma\u00e7\u0131 yenmek i\u00e7in \u00e7\u0131k\u0131yoruz&#8221; dedi. Fransa ma\u00e7\u0131nda da 90 dakika boyunca ellerinden gelen m\u00fccadeleyi vereceklerini kaydeden S\u00f6y\u00fcnc\u00fc, &#8220;Hocam\u0131z da bize kar\u015f\u0131 \u00e7ok iyi. Sadece ma\u00e7 saatini bekliyoruz diyeyim&#8221; a\u00e7\u0131klamas\u0131n\u0131 yapt\u0131.<\/p>\n","protected":false},"excerpt":{"rendered":"<p>M\u0130LL\u0130 TAKIM OYUNCULARI \u00c7A\u011eLAR S\u00d6Y\u00dcNC\u00dc VE YUSUF YAZICI, D\u00dcZENLENEN TOPLANTIDA BASIN MENSUPLARININ SORULARINI CEVAPLADI. (\u00c7A\u011eLAR S\u00d6V\u00dcNC\u00dc)<\/p>\n","protected":false},"author":1,"featured_media":166096,"comment_status":"closed","ping_status":"open","sticky":false,"template":"","format":"standard","meta":{"jetpack_post_was_ever_published":false,"_jetpack_newsletter_access":"","_jetpack_dont_email_post_to_subs":false,"_jetpack_newsletter_tier_id":0,"_jetpack_memberships_contains_paywalled_content":false,"_jetpack_memberships_contains_paid_content":false,"footnotes":"","jetpack_publicize_message":"","jetpack_publicize_feature_enabled":true,"jetpack_social_post_already_shared":true,"jetpack_social_options":{"image_generator_settings":{"template":"highway","default_image_id":0,"font":"","enabled":false},"version":2}},"categories":[657],"tags":[39598,28307,1130,7080,1589,5292],"class_list":["post-166095","post","type-post","status-publish","format-standard","has-post-thumbnail","hentry","category-spor","tag-almayalim","tag-fransadan","tag-neden","tag-puan","tag-yazici","tag-yusuf"],"jetpack_publicize_connections":[],"jetpack_featured_media_url":"https:\/\/i0.wp.com\/www.tvturk.com\/wp-content\/uploads\/2019\/06\/yusuf-yazici-neden-fransadan-puan-almayalim_173d08e.jpg?fit=1000%2C666","jetpack_sharing_enabled":true,"jetpack_shortlink":"https:\/\/wp.me\/paKIfm-HcX","_links":{"self":[{"href":"http:\/\/www.tvturk.com\/index.php\/wp-json\/wp\/v2\/posts\/166095","targetHints":{"allow":["GET"]}}],"collection":[{"href":"http:\/\/www.tvturk.com\/index.php\/wp-json\/wp\/v2\/posts"}],"about":[{"href":"http:\/\/www.tvturk.com\/index.php\/wp-json\/wp\/v2\/types\/post"}],"author":[{"embeddable":true,"href":"http:\/\/www.tvturk.com\/index.php\/wp-json\/wp\/v2\/users\/1"}],"replies":[{"embeddable":true,"href":"http:\/\/www.tvturk.com\/index.php\/wp-json\/wp\/v2\/comments?post=166095"}],"version-history":[{"count":0,"href":"http:\/\/www.tvturk.com\/index.php\/wp-json\/wp\/v2\/posts\/166095\/revisions"}],"wp:featuredmedia":[{"embeddable":true,"href":"http:\/\/www.tvturk.com\/index.php\/wp-json\/wp\/v2\/media\/166096"}],"wp:attachment":[{"href":"http:\/\/www.tvturk.com\/index.php\/wp-json\/wp\/v2\/media?parent=166095"}],"wp:term":[{"taxonomy":"category","embeddable":true,"href":"http:\/\/www.tvturk.com\/index.php\/wp-json\/wp\/v2\/categories?post=166095"},{"taxonomy":"post_tag","embeddable":true,"href":"http:\/\/www.tvturk.com\/index.php\/wp-json\/wp\/v2\/tags?post=166095"}],"curies":[{"name":"wp","href":"https:\/\/api.w.org\/{rel}","templated":true}]}}