{"id":166103,"date":"2019-06-05T15:46:26","date_gmt":"2019-06-05T12:46:26","guid":{"rendered":"http:\/\/www.tvturk.com\/index.php\/bayraminin-ikinci-gununde-vatandaslar-bogaza-akin-etti\/"},"modified":"2019-06-05T15:46:26","modified_gmt":"2019-06-05T12:46:26","slug":"bayraminin-ikinci-gununde-vatandaslar-bogaza-akin-etti","status":"publish","type":"post","link":"http:\/\/www.tvturk.com\/index.php\/bayraminin-ikinci-gununde-vatandaslar-bogaza-akin-etti\/","title":{"rendered":"Bayram\u0131n\u0131n ikinci g\u00fcn\u00fcnde vatanda\u015flar Bo\u011faz\u2019a ak\u0131n etti"},"content":{"rendered":"<p>Ramazan Bayram\u0131\u2019nda \u0130stanbul\u2019da kalan kent sakinleri adalara gitmek i\u00e7in Emin\u00f6n\u00fc \u0130skelesi\u2019ne ak\u0131n etti.  Vapurlar dolup ta\u015farken, Bo\u011faz\u2019da ya\u015fanan insan seli havadan g\u00f6r\u00fcnt\u00fclendi.<\/p>\n<p>Ramazan Bayram\u0131\u2019n\u0131n 2. g\u00fcn\u00fcnde \u0130stanbul\u2019da kalan \u00e7ok say\u0131da vatanda\u015f Adalar\u2019a gitmek ve Bo\u011faz turu yapmak i\u00e7in Emin\u00f6n\u00fc \u0130skelesi\u2019ne ak\u0131n etti. B\u00fcy\u00fckada, Heybeliada, K\u0131nal\u0131ada, Burgazada\u2019ya gitmek isteyen ve Bo\u011faz turu yapmak isteyen vatanda\u015flar vapurlar\u0131 doldurdu. Bo\u011fazda ya\u015fana insan seli ise havadan g\u00f6r\u00fcnt\u00fclendi. G\u00f6r\u00fcnt\u00fclerde \u00e7ok say\u0131da vatanda\u015f\u0131n iskele giri\u015finde olu\u015fturdu\u011fu uzun kuyruklar g\u00f6zler \u00f6n\u00fcne serildi.<\/p>\n<p>\u00c7ocuklar\u0131yla birlikte adalara gitmek isteyen bir anne, \u201c\u00c7ocuklar\u0131m\u0131z \u00e7ok istiyor. \u00c7ocuklar\u0131m\u0131z i\u00e7in gitmek istiyoruz. Arabalar\u0131m\u0131z yok mecburen gitmek zorunday\u0131z\u201d dedi.<\/p>\n<p>Bayram\u0131n birinci g\u00fcn\u00fc de yo\u011funluktan dolay\u0131 beklediklerini ifade eden bir kad\u0131n ise, \u201cB\u00fcy\u00fckada\u2019ya gitmek istiyorduk ama Heybeliada\u2019ya. \u00c7ok yo\u011funluk. Hem hava s\u0131cak. D\u00fcnde geldik yo\u011funluk var b\u00f6yle. Bizde gitmek istiyoruz ama gidemiyoruz. K\u0131smet olursa gidece\u011fiz\u201d \u015feklinde konu\u015ftu.<\/p>\n<p>65 y\u0131ld\u0131r \u0130stanbul\u2019da ya\u015fayan bir vatanda\u015f da yo\u011funluk kar\u015f\u0131s\u0131ndaki \u015fa\u015fk\u0131nl\u0131\u011f\u0131n\u0131 dile getirerek, \u201cAdalara gidiyoruz ama \u00e7ok kalabal\u0131k. Ben 65 senedir \u0130stanbul\u2019day\u0131m. Yani bu yo\u011funlukta bize s\u0131ra gelece\u011fini zannetmiyorum yo\u011funluk \u00e7ok\u201d dedi.<\/p>\n","protected":false},"excerpt":{"rendered":"<p>RAMAZAN BAYRAMI&#8217;NDA \u0130STANBUL&#8217;DA KALAN KENT SAK\u0130NLER\u0130 ADALARA G\u0130TMEK \u0130\u00c7\u0130N EM\u0130N\u00d6N\u00dc \u0130SKELES\u0130&#8217;NE AKIN ETT\u0130.  VAPURLAR DOLUP TA\u015eARKEN, BO\u011eAZ\u2019DA YA\u015eANAN \u0130NSAN SEL\u0130 HAVADAN G\u00d6R\u00dcNT\u00dcLEND\u0130.<\/p>\n","protected":false},"author":1,"featured_media":166104,"comment_status":"closed","ping_status":"open","sticky":false,"template":"","format":"standard","meta":{"jetpack_post_was_ever_published":false,"_jetpack_newsletter_access":"","_jetpack_dont_email_post_to_subs":false,"_jetpack_newsletter_tier_id":0,"_jetpack_memberships_contains_paywalled_content":false,"_jetpack_memberships_contains_paid_content":false,"footnotes":"","jetpack_publicize_message":"","jetpack_publicize_feature_enabled":true,"jetpack_social_post_already_shared":true,"jetpack_social_options":{"image_generator_settings":{"template":"highway","default_image_id":0,"font":"","enabled":false},"version":2}},"categories":[1],"tags":[328,32751,20404,207,2246,2087,2344],"class_list":["post-166103","post","type-post","status-publish","format-standard","has-post-thumbnail","hentry","category-genel","tag-akin","tag-bayraminin","tag-bogaza","tag-etti","tag-gununde","tag-ikinci","tag-vatandaslar"],"jetpack_publicize_connections":[],"jetpack_featured_media_url":"https:\/\/i0.wp.com\/www.tvturk.com\/wp-content\/uploads\/2019\/06\/bayraminin-ikinci-gununde-vatandaslar-bogaza-akin-etti_1c54814.jpg?fit=1000%2C562","jetpack_sharing_enabled":true,"jetpack_shortlink":"https:\/\/wp.me\/paKIfm-Hd5","_links":{"self":[{"href":"http:\/\/www.tvturk.com\/index.php\/wp-json\/wp\/v2\/posts\/166103","targetHints":{"allow":["GET"]}}],"collection":[{"href":"http:\/\/www.tvturk.com\/index.php\/wp-json\/wp\/v2\/posts"}],"about":[{"href":"http:\/\/www.tvturk.com\/index.php\/wp-json\/wp\/v2\/types\/post"}],"author":[{"embeddable":true,"href":"http:\/\/www.tvturk.com\/index.php\/wp-json\/wp\/v2\/users\/1"}],"replies":[{"embeddable":true,"href":"http:\/\/www.tvturk.com\/index.php\/wp-json\/wp\/v2\/comments?post=166103"}],"version-history":[{"count":0,"href":"http:\/\/www.tvturk.com\/index.php\/wp-json\/wp\/v2\/posts\/166103\/revisions"}],"wp:featuredmedia":[{"embeddable":true,"href":"http:\/\/www.tvturk.com\/index.php\/wp-json\/wp\/v2\/media\/166104"}],"wp:attachment":[{"href":"http:\/\/www.tvturk.com\/index.php\/wp-json\/wp\/v2\/media?parent=166103"}],"wp:term":[{"taxonomy":"category","embeddable":true,"href":"http:\/\/www.tvturk.com\/index.php\/wp-json\/wp\/v2\/categories?post=166103"},{"taxonomy":"post_tag","embeddable":true,"href":"http:\/\/www.tvturk.com\/index.php\/wp-json\/wp\/v2\/tags?post=166103"}],"curies":[{"name":"wp","href":"https:\/\/api.w.org\/{rel}","templated":true}]}}