{"id":166129,"date":"2019-06-05T17:35:16","date_gmt":"2019-06-05T14:35:16","guid":{"rendered":"http:\/\/www.tvturk.com\/index.php\/cumhurbaskani-erdogan-karacaahmet-mezarliginda-anne-ve-babasinin-mezarini-ziyaret-etti\/"},"modified":"2019-06-05T17:35:16","modified_gmt":"2019-06-05T14:35:16","slug":"cumhurbaskani-erdogan-karacaahmet-mezarliginda-anne-ve-babasinin-mezarini-ziyaret-etti","status":"publish","type":"post","link":"http:\/\/www.tvturk.com\/index.php\/cumhurbaskani-erdogan-karacaahmet-mezarliginda-anne-ve-babasinin-mezarini-ziyaret-etti\/","title":{"rendered":"Cumhurba\u015fkan\u0131 Erdo\u011fan, Karacaahmet Mezarl\u0131\u011f\u0131\u2019nda anne ve babas\u0131n\u0131n mezar\u0131n\u0131 ziyaret etti"},"content":{"rendered":"<p>Cumhurba\u015fkan\u0131 Recep Tayyip Erdo\u011fan, Karacaahmet Mezarl\u0131\u011f\u0131\u2019na gelerek, anne ve babas\u0131 ile e\u015fi Emine Erdo\u011fan\u2019\u0131n anne ve babas\u0131n\u0131n mezar\u0131n\u0131 ziyaret etti. Mezarl\u0131k \u00e7\u0131k\u0131\u015f\u0131nda bekleyen vatanda\u015flar, Cumhurba\u015fkan\u0131 Erdo\u011fan\u2019a sevgi g\u00f6sterilerinde bulundu.<\/p>\n<p>Cumhurba\u015fkan\u0131 Recep Tayyip Erdo\u011fan, K\u0131s\u0131kl\u0131\u2019daki konutundan \u00e7\u0131karak Karacaahmet Mezarl\u0131\u011f\u0131\u2019nda bulunan anne ve babas\u0131n\u0131n mezar\u0131n\u0131 bayram sebebiyle ziyaret etti. Cumhurba\u015fkan\u0131 Erdo\u011fan, anne ve babas\u0131n\u0131n mezar\u0131 ba\u015f\u0131nda dua ettikten sonra, e\u015fi Emine Erdo\u011fan\u2019\u0131n da anne ve babas\u0131n\u0131 mezar\u0131na giderek dua etti. Duan\u0131n ard\u0131ndan mezarl\u0131ktan ayr\u0131lan Cumhurba\u015fkan\u0131 Erdo\u011fan, d\u0131\u015far\u0131da kendisini bekleyen vatanda\u015flar ile sohbet etti. Vatanda\u015flar Cumhurba\u015fkan\u0131 Erdo\u011fan\u2019a sevgi g\u00f6sterisinde bulunurken, Cumhurba\u015fkan\u0131 Erdo\u011fan\u2019\u0131n korumalar\u0131 \u00e7ocuklara oyuncak da\u011f\u0131tt\u0131.<\/p>\n","protected":false},"excerpt":{"rendered":"<p>CUMHURBA\u015eKANI RECEP TAYY\u0130P ERDO\u011eAN, KARACAAHMET MEZARLI\u011eI\u2019NA GELEREK, ANNE VE BABASI \u0130LE E\u015e\u0130 EM\u0130NE ERDO\u011eAN\u2019IN ANNE VE BABASININ MEZARINI Z\u0130YARET ETT\u0130. MEZARLIK \u00c7IKI\u015eINDA BEKLEYEN VATANDA\u015eLAR, CUMHURBA\u015eKANI ERDO\u011eAN\u2019A SEVG\u0130 G\u00d6STER\u0130LER\u0130NDE BULUNDU.<\/p>\n","protected":false},"author":1,"featured_media":166130,"comment_status":"closed","ping_status":"open","sticky":false,"template":"","format":"standard","meta":{"jetpack_post_was_ever_published":false,"_jetpack_newsletter_access":"","_jetpack_dont_email_post_to_subs":false,"_jetpack_newsletter_tier_id":0,"_jetpack_memberships_contains_paywalled_content":false,"_jetpack_memberships_contains_paid_content":false,"footnotes":"","jetpack_publicize_message":"","jetpack_publicize_feature_enabled":true,"jetpack_social_post_already_shared":true,"jetpack_social_options":{"image_generator_settings":{"template":"highway","default_image_id":0,"font":"","enabled":false},"version":2}},"categories":[1],"tags":[5582,4582,503,649,207,39609,5914,25158,150],"class_list":["post-166129","post","type-post","status-publish","format-standard","has-post-thumbnail","hentry","category-genel","tag-anne","tag-babasinin","tag-cumhurbaskani","tag-erdogan","tag-etti","tag-karacaahmet","tag-mezarini","tag-mezarliginda","tag-ziyaret"],"jetpack_publicize_connections":[],"jetpack_featured_media_url":"https:\/\/i0.wp.com\/www.tvturk.com\/wp-content\/uploads\/2019\/06\/cumhurbaskani-erdogan-karacaahmet-mezarliginda-anne-ve-babasinin-mezarini-ziyaret-etti_c96e4c3.jpg?fit=1000%2C750","jetpack_sharing_enabled":true,"jetpack_shortlink":"https:\/\/wp.me\/paKIfm-Hdv","_links":{"self":[{"href":"http:\/\/www.tvturk.com\/index.php\/wp-json\/wp\/v2\/posts\/166129","targetHints":{"allow":["GET"]}}],"collection":[{"href":"http:\/\/www.tvturk.com\/index.php\/wp-json\/wp\/v2\/posts"}],"about":[{"href":"http:\/\/www.tvturk.com\/index.php\/wp-json\/wp\/v2\/types\/post"}],"author":[{"embeddable":true,"href":"http:\/\/www.tvturk.com\/index.php\/wp-json\/wp\/v2\/users\/1"}],"replies":[{"embeddable":true,"href":"http:\/\/www.tvturk.com\/index.php\/wp-json\/wp\/v2\/comments?post=166129"}],"version-history":[{"count":0,"href":"http:\/\/www.tvturk.com\/index.php\/wp-json\/wp\/v2\/posts\/166129\/revisions"}],"wp:featuredmedia":[{"embeddable":true,"href":"http:\/\/www.tvturk.com\/index.php\/wp-json\/wp\/v2\/media\/166130"}],"wp:attachment":[{"href":"http:\/\/www.tvturk.com\/index.php\/wp-json\/wp\/v2\/media?parent=166129"}],"wp:term":[{"taxonomy":"category","embeddable":true,"href":"http:\/\/www.tvturk.com\/index.php\/wp-json\/wp\/v2\/categories?post=166129"},{"taxonomy":"post_tag","embeddable":true,"href":"http:\/\/www.tvturk.com\/index.php\/wp-json\/wp\/v2\/tags?post=166129"}],"curies":[{"name":"wp","href":"https:\/\/api.w.org\/{rel}","templated":true}]}}