{"id":166143,"date":"2019-06-05T18:56:21","date_gmt":"2019-06-05T15:56:21","guid":{"rendered":"http:\/\/www.tvturk.com\/index.php\/sinopa-bayramda-ziyaretci-akini\/"},"modified":"2019-06-05T18:56:21","modified_gmt":"2019-06-05T15:56:21","slug":"sinopa-bayramda-ziyaretci-akini","status":"publish","type":"post","link":"http:\/\/www.tvturk.com\/index.php\/sinopa-bayramda-ziyaretci-akini\/","title":{"rendered":"Sinop\u2019a bayramda ziyaret\u00e7i ak\u0131n\u0131"},"content":{"rendered":"<p>Karadeniz\u2019in \u00f6nemli turizm merkezlerinden Sinop, Ramazan Bayram\u0131\u2019nda tatilcilerin u\u011frak merkezlerinden oldu.<\/p>\n<p>Sinop K\u00fclt\u00fcr ve Turizm Derne\u011fi Ba\u015fkan\u0131 Ahmet \u00c7obano\u011flu yapt\u0131\u011f\u0131 a\u00e7\u0131klamada, Ramazan Bayram\u0131 tatilinde kentin \u00e7ok say\u0131da ki\u015finin tercihi oldu\u011funu s\u00f6yledi.<\/p>\n<p>Ba\u015fkan Ahmet \u00c7obano\u011flu. \u201cSinop son y\u0131llarda oldu\u011fu gibi yine bu bayramda da ziyaret\u00e7i ak\u0131n\u0131na u\u011frad\u0131. Fakat bu hemen hemen her turistik \u015fehirde ayn\u0131. Bu durum i\u00e7in normal diyebiliriz. G\u00f6n\u00fcl ister ki trafik konusunda rahatl\u0131k olsun ama bu t\u00fcr bayram zamanlar\u0131nda b\u00fct\u00fcn turistik mekanlarda bu t\u00fcr yo\u011funluklar olabiliyor. Yo\u011funluk olmas\u0131 a\u00e7\u0131s\u0131ndan olumlu buluyorum bu durumu\u201c dedi.<\/p>\n","protected":false},"excerpt":{"rendered":"<p>KARADEN\u0130Z&#8217;\u0130N \u00d6NEML\u0130 TUR\u0130ZM MERKEZLER\u0130NDEN S\u0130NOP, RAMAZAN BAYRAMI&#8217;NDA TAT\u0130LC\u0130LER\u0130N U\u011eRAK MERKEZLER\u0130NDEN OLDU.<\/p>\n","protected":false},"author":1,"featured_media":166144,"comment_status":"closed","ping_status":"open","sticky":false,"template":"","format":"standard","meta":{"jetpack_post_was_ever_published":false,"_jetpack_newsletter_access":"","_jetpack_dont_email_post_to_subs":false,"_jetpack_newsletter_tier_id":0,"_jetpack_memberships_contains_paywalled_content":false,"_jetpack_memberships_contains_paid_content":false,"footnotes":"","jetpack_publicize_message":"","jetpack_publicize_feature_enabled":true,"jetpack_social_post_already_shared":true,"jetpack_social_options":{"image_generator_settings":{"template":"highway","default_image_id":0,"font":"","enabled":false},"version":2}},"categories":[1],"tags":[33880,8365,11648,6267],"class_list":["post-166143","post","type-post","status-publish","format-standard","has-post-thumbnail","hentry","category-genel","tag-bayramda","tag-akini","tag-sinopa","tag-ziyaretci"],"jetpack_publicize_connections":[],"jetpack_featured_media_url":"https:\/\/i0.wp.com\/www.tvturk.com\/wp-content\/uploads\/2019\/06\/sinopa-bayramda-ziyaretci-akini_68bd1d3.jpg?fit=1000%2C562","jetpack_sharing_enabled":true,"jetpack_shortlink":"https:\/\/wp.me\/paKIfm-HdJ","_links":{"self":[{"href":"http:\/\/www.tvturk.com\/index.php\/wp-json\/wp\/v2\/posts\/166143","targetHints":{"allow":["GET"]}}],"collection":[{"href":"http:\/\/www.tvturk.com\/index.php\/wp-json\/wp\/v2\/posts"}],"about":[{"href":"http:\/\/www.tvturk.com\/index.php\/wp-json\/wp\/v2\/types\/post"}],"author":[{"embeddable":true,"href":"http:\/\/www.tvturk.com\/index.php\/wp-json\/wp\/v2\/users\/1"}],"replies":[{"embeddable":true,"href":"http:\/\/www.tvturk.com\/index.php\/wp-json\/wp\/v2\/comments?post=166143"}],"version-history":[{"count":0,"href":"http:\/\/www.tvturk.com\/index.php\/wp-json\/wp\/v2\/posts\/166143\/revisions"}],"wp:featuredmedia":[{"embeddable":true,"href":"http:\/\/www.tvturk.com\/index.php\/wp-json\/wp\/v2\/media\/166144"}],"wp:attachment":[{"href":"http:\/\/www.tvturk.com\/index.php\/wp-json\/wp\/v2\/media?parent=166143"}],"wp:term":[{"taxonomy":"category","embeddable":true,"href":"http:\/\/www.tvturk.com\/index.php\/wp-json\/wp\/v2\/categories?post=166143"},{"taxonomy":"post_tag","embeddable":true,"href":"http:\/\/www.tvturk.com\/index.php\/wp-json\/wp\/v2\/tags?post=166143"}],"curies":[{"name":"wp","href":"https:\/\/api.w.org\/{rel}","templated":true}]}}