{"id":166145,"date":"2019-06-05T18:56:25","date_gmt":"2019-06-05T15:56:25","guid":{"rendered":"http:\/\/www.tvturk.com\/index.php\/yarali-halde-bulunan-karaca-tedavi-altina-alindi\/"},"modified":"2019-06-05T18:56:25","modified_gmt":"2019-06-05T15:56:25","slug":"yarali-halde-bulunan-karaca-tedavi-altina-alindi","status":"publish","type":"post","link":"http:\/\/www.tvturk.com\/index.php\/yarali-halde-bulunan-karaca-tedavi-altina-alindi\/","title":{"rendered":"Yaral\u0131 halde bulunan karaca tedavi alt\u0131na al\u0131nd\u0131"},"content":{"rendered":"<p>Sinop\u2019ta yol kenar\u0131nda yaral\u0131 halde bulunan Karaca, tedavi alt\u0131na al\u0131nd\u0131.<\/p>\n<p>Edinilen bilgiye g\u00f6re, Sinop\u2019un Erfelek il\u00e7esinde Atat\u00fcrk Caddesinde k\u00f6peklerden ka\u00e7makta olan Karaca yola atlayarak yaraland\u0131. Karacay\u0131 g\u00f6ren vatanda\u015flar durumu Erfelek Belediye ekiplerine haber verdi. Erfelek Belediye ekipleri olay yerine gelerek karacay\u0131 ald\u0131. Daha sonra yaral\u0131 Karaca Sinop Tar\u0131m ve Orman Bakanl\u0131\u011f\u0131 10.B\u00f6lge m\u00fcd\u00fcrl\u00fc\u011f\u00fc ekipleri taraf\u0131ndan tedavi alt\u0131na al\u0131nd\u0131.<\/p>\n<p>Konu ile ilgili a\u00e7\u0131klamalarda bulunan Milli Parklar 10.B\u00f6lge M\u00fcd\u00fcrl\u00fc\u011f\u00fc \u015eube M\u00fcd\u00fcr\u00fc Nurullah G\u00fcrkan, \u201cN\u00f6bet\u00e7i arkada\u015flar\u0131m\u0131z Karacaya gereken m\u00fcdahaleyi yaparak onun en k\u0131sa s\u00fcre i\u00e7erisinde tekrar sa\u011fl\u0131\u011f\u0131na d\u00f6nmesi i\u00e7in \u00e7abal\u0131yorlar. Daha sonra Karaca Koruma alt\u0131na al\u0131nacak&#8221; dedi.<\/p>\n","protected":false},"excerpt":{"rendered":"<p>S\u0130NOP\u2019TA YOL KENARINDA YARALI HALDE BULUNAN KARACA, TEDAV\u0130 ALTINA ALINDI.<\/p>\n","protected":false},"author":1,"featured_media":166146,"comment_status":"closed","ping_status":"open","sticky":false,"template":"","format":"standard","meta":{"jetpack_post_was_ever_published":false,"_jetpack_newsletter_access":"","_jetpack_dont_email_post_to_subs":false,"_jetpack_newsletter_tier_id":0,"_jetpack_memberships_contains_paywalled_content":false,"_jetpack_memberships_contains_paid_content":false,"footnotes":"","jetpack_publicize_message":"","jetpack_publicize_feature_enabled":true,"jetpack_social_post_already_shared":true,"jetpack_social_options":{"image_generator_settings":{"template":"highway","default_image_id":0,"font":"","enabled":false},"version":2}},"categories":[1],"tags":[1014,1186,1834,258,238,144,774],"class_list":["post-166145","post","type-post","status-publish","format-standard","has-post-thumbnail","hentry","category-genel","tag-alindi","tag-altina","tag-bulunan","tag-halde","tag-karaca","tag-tedavi","tag-yarali"],"jetpack_publicize_connections":[],"jetpack_featured_media_url":"https:\/\/i0.wp.com\/www.tvturk.com\/wp-content\/uploads\/2019\/06\/yarali-halde-bulunan-karaca-tedavi-altina-alindi_7ab848b.jpg?fit=1000%2C562","jetpack_sharing_enabled":true,"jetpack_shortlink":"https:\/\/wp.me\/paKIfm-HdL","_links":{"self":[{"href":"http:\/\/www.tvturk.com\/index.php\/wp-json\/wp\/v2\/posts\/166145","targetHints":{"allow":["GET"]}}],"collection":[{"href":"http:\/\/www.tvturk.com\/index.php\/wp-json\/wp\/v2\/posts"}],"about":[{"href":"http:\/\/www.tvturk.com\/index.php\/wp-json\/wp\/v2\/types\/post"}],"author":[{"embeddable":true,"href":"http:\/\/www.tvturk.com\/index.php\/wp-json\/wp\/v2\/users\/1"}],"replies":[{"embeddable":true,"href":"http:\/\/www.tvturk.com\/index.php\/wp-json\/wp\/v2\/comments?post=166145"}],"version-history":[{"count":0,"href":"http:\/\/www.tvturk.com\/index.php\/wp-json\/wp\/v2\/posts\/166145\/revisions"}],"wp:featuredmedia":[{"embeddable":true,"href":"http:\/\/www.tvturk.com\/index.php\/wp-json\/wp\/v2\/media\/166146"}],"wp:attachment":[{"href":"http:\/\/www.tvturk.com\/index.php\/wp-json\/wp\/v2\/media?parent=166145"}],"wp:term":[{"taxonomy":"category","embeddable":true,"href":"http:\/\/www.tvturk.com\/index.php\/wp-json\/wp\/v2\/categories?post=166145"},{"taxonomy":"post_tag","embeddable":true,"href":"http:\/\/www.tvturk.com\/index.php\/wp-json\/wp\/v2\/tags?post=166145"}],"curies":[{"name":"wp","href":"https:\/\/api.w.org\/{rel}","templated":true}]}}