{"id":166169,"date":"2019-06-06T01:34:55","date_gmt":"2019-06-05T22:34:55","guid":{"rendered":"http:\/\/www.tvturk.com\/index.php\/yaylaya-gelenler-bu-helvayi-mutlaka-satin-aliyor\/"},"modified":"2019-06-06T01:34:55","modified_gmt":"2019-06-05T22:34:55","slug":"yaylaya-gelenler-bu-helvayi-mutlaka-satin-aliyor","status":"publish","type":"post","link":"http:\/\/www.tvturk.com\/index.php\/yaylaya-gelenler-bu-helvayi-mutlaka-satin-aliyor\/","title":{"rendered":"Yaylaya gelenler bu helvay\u0131 mutlaka sat\u0131n al\u0131yor"},"content":{"rendered":"<p>Ordu\u2019nun en me\u015fhur \u00c7amba\u015f\u0131 Yaylas\u0131\u2019nda sat\u0131\u015fa sunulan cevizli helva yaylaya gelen ziyaret\u00e7ilerden b\u00fcy\u00fck ra\u011fbet g\u00f6r\u00fcyor.<\/p>\n<p>Y\u00f6resel lezzetlerin ba\u015f\u0131nda gelen cevizli helvan\u0131n, 2 bin rak\u0131ml\u0131 \u00c7amba\u015f\u0131 Yaylas\u0131\u2019nda sat\u0131\u015f\u0131na ba\u015flan\u0131ld\u0131. Yaylaya gelen ziyaret\u00e7iler cevizli helvay\u0131 mutlaka sat\u0131n al\u0131yor.<\/p>\n<p>Kabad\u00fcz il\u00e7esinin \u00c7amba\u015f\u0131 Yaylas\u0131\u2019nda cevizli helvay\u0131 m\u00fc\u015fterileriyle bulu\u015fturan Hac\u0131 G\u00fcrdal, Ramazan Bayram\u0131\u2019nda sat\u0131\u015flar\u0131n\u0131n olduk\u00e7a iyi oldu\u011funu s\u00f6yledi.<\/p>\n<p>Cevizli helvan\u0131n y\u00f6resel lezzetlerden birisinin oldu\u011funu dile getiren G\u00fcrdal, \u201cYayla sezonunun a\u00e7\u0131lmas\u0131yla beraber, k\u0131\u015f mevsiminde Ordu Merkezinde sat\u0131\u015f\u0131n\u0131 yapt\u0131\u011f\u0131m cevizli helvay\u0131 yaylada satmaya ba\u015flad\u0131m. Y\u0131llar \u00f6ncesinde babamdan \u00f6\u011frenerek ba\u015flad\u0131\u011f\u0131m cevizli helva \u00fcretimini \u00c7amba\u015f\u0131 Yaylas\u0131\u2019nda e\u015fimle birlikte devam ediyoruz. \u00c7evre illerden ve gurbetten yaylaya gelenler mutlaka cevizli helvay\u0131 bizlerden sat\u0131n al\u0131yorlar. Ramazan Bayram\u0131nda i\u015flerimiz olduk\u00e7a g\u00fczel, sat\u0131\u015flardan memnunuz\u201d dedi.<\/p>\n<p>Cevizli helvay\u0131 yaz, k\u0131\u015f \u00e7ok severek t\u00fcketti\u011fini ifade eden Olgun \u00d6zcan ise, \u201cCevizli helva \u00e7ocukluktan beri severek yiyorum. \u0130limizin \u00f6nemli lezzetlerinden birisi oldu\u011funu d\u00fc\u015f\u00fcn\u00fcyorum\u201d \u015feklinde konu\u015ftu.<\/p>\n","protected":false},"excerpt":{"rendered":"<p>ORDU\u2019NUN EN ME\u015eHUR \u00c7AMBA\u015eI YAYLASINDA SATI\u015eA SUNULAN CEV\u0130ZL\u0130 HELVAYA YAYLAYA GELEN Z\u0130YARET\u00c7\u0130LERDEN B\u00dcY\u00dcK RA\u011eBET G\u00d6R\u00dcYOR.<\/p>\n","protected":false},"author":1,"featured_media":166170,"comment_status":"closed","ping_status":"open","sticky":false,"template":"","format":"standard","meta":{"jetpack_post_was_ever_published":false,"_jetpack_newsletter_access":"","_jetpack_dont_email_post_to_subs":false,"_jetpack_newsletter_tier_id":0,"_jetpack_memberships_contains_paywalled_content":false,"_jetpack_memberships_contains_paid_content":false,"footnotes":"","jetpack_publicize_message":"","jetpack_publicize_feature_enabled":true,"jetpack_social_post_already_shared":true,"jetpack_social_options":{"image_generator_settings":{"template":"highway","default_image_id":0,"font":"","enabled":false},"version":2}},"categories":[1],"tags":[19404,11831,39622,39623,18733,20849],"class_list":["post-166169","post","type-post","status-publish","format-standard","has-post-thumbnail","hentry","category-genel","tag-mutlaka","tag-aliyor","tag-gelenler","tag-helvayi","tag-satin","tag-yaylaya"],"jetpack_publicize_connections":[],"jetpack_featured_media_url":"https:\/\/i0.wp.com\/www.tvturk.com\/wp-content\/uploads\/2019\/06\/yaylaya-gelenler-bu-helvayi-mutlaka-satin-aliyor_d7fbadf.jpg?fit=1000%2C666","jetpack_sharing_enabled":true,"jetpack_shortlink":"https:\/\/wp.me\/paKIfm-He9","_links":{"self":[{"href":"http:\/\/www.tvturk.com\/index.php\/wp-json\/wp\/v2\/posts\/166169","targetHints":{"allow":["GET"]}}],"collection":[{"href":"http:\/\/www.tvturk.com\/index.php\/wp-json\/wp\/v2\/posts"}],"about":[{"href":"http:\/\/www.tvturk.com\/index.php\/wp-json\/wp\/v2\/types\/post"}],"author":[{"embeddable":true,"href":"http:\/\/www.tvturk.com\/index.php\/wp-json\/wp\/v2\/users\/1"}],"replies":[{"embeddable":true,"href":"http:\/\/www.tvturk.com\/index.php\/wp-json\/wp\/v2\/comments?post=166169"}],"version-history":[{"count":0,"href":"http:\/\/www.tvturk.com\/index.php\/wp-json\/wp\/v2\/posts\/166169\/revisions"}],"wp:featuredmedia":[{"embeddable":true,"href":"http:\/\/www.tvturk.com\/index.php\/wp-json\/wp\/v2\/media\/166170"}],"wp:attachment":[{"href":"http:\/\/www.tvturk.com\/index.php\/wp-json\/wp\/v2\/media?parent=166169"}],"wp:term":[{"taxonomy":"category","embeddable":true,"href":"http:\/\/www.tvturk.com\/index.php\/wp-json\/wp\/v2\/categories?post=166169"},{"taxonomy":"post_tag","embeddable":true,"href":"http:\/\/www.tvturk.com\/index.php\/wp-json\/wp\/v2\/tags?post=166169"}],"curies":[{"name":"wp","href":"https:\/\/api.w.org\/{rel}","templated":true}]}}