{"id":166193,"date":"2019-06-06T09:11:07","date_gmt":"2019-06-06T06:11:07","guid":{"rendered":"http:\/\/www.tvturk.com\/index.php\/haciz-soku-yasayan-kusadasi-efes-kongre-merkezi-icin-seferberlik\/"},"modified":"2019-06-06T09:11:07","modified_gmt":"2019-06-06T06:11:07","slug":"haciz-soku-yasayan-kusadasi-efes-kongre-merkezi-icin-seferberlik","status":"publish","type":"post","link":"http:\/\/www.tvturk.com\/index.php\/haciz-soku-yasayan-kusadasi-efes-kongre-merkezi-icin-seferberlik\/","title":{"rendered":"Haciz \u015foku ya\u015fayan Ku\u015fadas\u0131-Efes Kongre Merkezi i\u00e7in seferberlik"},"content":{"rendered":"<p>Orta Do\u011fu\u2019nun en b\u00fcy\u00fck kongre merkezi konumundaki Ku\u015fadas\u0131 Efes Kongre merkezinin ya\u015fanan haciz olaylar\u0131n\u0131n ard\u0131ndan yeniden aktif hale getirilmesi i\u00e7in giri\u015fimler s\u00fcr\u00fcyor. Ku\u015fadas\u0131 Ticaret Odas\u0131\u2019n\u0131n ba\u015flatt\u0131\u011f\u0131 giri\u015fimin ard\u0131ndan, Ku\u015fadas\u0131 Kaymakaml\u0131\u011f\u0131\u2019nda kongre merkezinin at\u0131l durumdan kurtulmas\u0131 i\u00e7in toplant\u0131 yap\u0131ld\u0131.<\/p>\n<p>Bilindi\u011fi gibi, T\u00fcrkiye Seyahat Acenteleri Birli\u011fi(T\u00dcRSAB) taraf\u0131ndan i\u015fletilen Ku\u015fadas\u0131\u2019ndaki Ku\u015fadas\u0131-Efes Kongre Merkezi\u2019nde ge\u00e7mi\u015ften kalan alacaklarla ilgili ge\u00e7ti\u011fimiz aylarda hacizler ba\u015flam\u0131\u015ft\u0131. Alacakl\u0131 leasing \u015firketi, kongre merkezinin 4 jenerat\u00f6r\u00fcn\u00fc haczetti. \u015eirket avukatlar\u0131n\u0131n yanlar\u0131nda getirdi\u011fi teknik personel, jenerat\u00f6rleri s\u00f6kerek, vin\u00e7 yard\u0131m\u0131yla kamyonlara y\u00fckleyip g\u00f6t\u00fcrm\u00fc\u015f ve kongre merkezi faaliyet g\u00f6steremez duruma d\u00fc\u015fm\u00fc\u015ft\u00fc.  T\u00fcrkiye\u2019de kongre turizminin geli\u015fmesi amac\u0131yla yapt\u0131r\u0131lan ve a\u00e7\u0131l\u0131\u015f\u0131n\u0131 30 Ekim 2013 tarihinde Cumhurba\u015fkan\u0131 Recep Tayyip Erdo\u011fan\u2019\u0131n ger\u00e7ekle\u015ftirdi\u011fi Ku\u015fadas\u0131 Efes Kongre Merkezi\u2019nde ya\u015fanan haciz olay\u0131 turizm sekt\u00f6r\u00fcn\u00fc \u015fa\u015f\u0131rtm\u0131\u015ft\u0131.. T\u00fcrkiye Seyahat Acentalar\u0131 Birli\u011fi\u2019nin (T\u00dcRSAB) ana ortak oldu\u011fu kongre merkezinin di\u011fer ortaklar\u0131 aras\u0131nda K\u00fclt\u00fcr ve Turizm Bakanl\u0131\u011f\u0131, Ayd\u0131n \u00d6zel \u0130daresi, Ku\u015fadas\u0131 Ticaret Odas\u0131, Ku\u015fadas\u0131 Belediyesi, Liman \u0130\u015fletmecili\u011fi A.\u015e. ve b\u00f6lgedeki baz\u0131 turizm yat\u0131r\u0131mc\u0131lar\u0131 yer al\u0131yor.<\/p>\n<p>Ku\u015fadas\u0131 Ticaret Odas\u0131 TOBB\u2019dan yard\u0131m istedi<\/p>\n<p>Ku\u015fadas\u0131 Efes Kongre Merkezi\u2019nde ya\u015fanan geli\u015fmelerin ard\u0131ndan Ku\u015fadas\u0131 Ticaret Odas\u0131(KUTO) Ba\u015fkan\u0131 Serdar Akdo\u011fan, TOBB Ba\u015fkan\u0131 R\u0131fat Hisarc\u0131kl\u0131o\u011flu\u2019na bir yaz\u0131 yazarak kongre merkezinde ya\u015fananlar konusunda yard\u0131m istedi. Kongre merkezini anlatan bir dosyay\u0131 da Hisarc\u0131kl\u0131o\u011flu\u2019na g\u00f6nderen KUTO Ba\u015fkan\u0131 Serdar Akdo\u011fan, \u201c Kongre merkezine ticaret odas\u0131 da orta\u011f\u0131z. B\u00f6ylesine \u00f6nemli bir milli servetin bu halde olmas\u0131 hepimizi \u00fczmektedir. TOBB\u2019un katk\u0131lar\u0131yla kongre merkezinin i\u00e7inde bulundu\u011fu kaostan kurtar\u0131lmas\u0131 ve TOBB destekli bir \u015firketle i\u015fletilmesi olumlu sonu\u00e7lar verecektir. T\u00fcrkiye Odalar ve Borsalar Birli\u011fi i\u015ftirak \u015firketi \u0130stanbul D\u00fcnya Ticaret Merkezi ya da uygun g\u00f6r\u00fclecek ba\u015fka bir \u015firket b\u00fcnyesinde profesyonelce i\u015fletilmesi halinde hem b\u00f6lgemize, hem de TOBB\u2019a de\u011fer katacakt\u0131r \u201c dedi. Bunun yan\u0131nda KUTO Gen\u00e7 Giri\u015fim\u00e7iler ve Kad\u0131n Giri\u015fimciler Kurullar\u0131 da sosyal medya \u00fczerinden harekete ge\u00e7erek, Ku\u015fadas\u0131-Efes Kongre Merkezi\u2019nin yeniden i\u015fler hale gelmesi i\u00e7in kampanya ba\u015flatt\u0131. Sosyal medya \u00fczerinden yap\u0131lan a\u00e7\u0131klamalarda, \u201c Ku\u015fadas\u0131 Ticaret Odas\u0131 Gen\u00e7 Giri\u015fimciler ve Kad\u0131n Giri\u015fimciler Kurullar\u0131 olarak, at\u0131l durumda bekleyen yakla\u015f\u0131k 500 milyon TL\u2019lik bir yat\u0131r\u0131m olan Ku\u015fadas\u0131 Efes Kongre Merkezi\u2019ni canland\u0131rarak, il\u00e7e ekonomisine kazand\u0131rmak amac\u0131 ile bu platformu kurduk. Ku\u015fadas\u0131 Efes Kongre Merkezi, a\u00e7\u0131ld\u0131\u011f\u0131ndan bu g\u00fcne zay\u0131f organizasyonlar d\u0131\u015f\u0131nda \u00e7ok aktif \u00e7al\u0131\u015famam\u0131\u015ft\u0131r. Bu konu ile ilgili fark\u0131ndal\u0131k olu\u015fturmak amac\u0131 ve bilgilendirmek i\u00e7in Ku\u015fadas\u0131 halk\u0131n\u0131n deste\u011fine ihtiyac\u0131m\u0131z vard\u0131r. En az Ku\u015fadas\u0131 Liman\u0131 kadar \u00f6nem ta\u015f\u0131yan KOMER, yeniden Ku\u015fadas\u0131\u2019na kazand\u0131r\u0131lmal\u0131d\u0131r&#8221; denildi.<\/p>\n<p>Kaymakaml\u0131kta toplant\u0131 yap\u0131ld\u0131<\/p>\n<p>Bu arada, Ku\u015fadas\u0131 Ticaret Odas\u0131\u2019n\u0131n giri\u015fimlerinin ard\u0131ndan Ku\u015fadas\u0131 Kaymakam\u0131 Sadettin Y\u00fccel ba\u015fkanl\u0131\u011f\u0131nda Ku\u015fadas\u0131-Efes Kongre Merkezi\u2019nin i\u00e7inde bulundu\u011fu durumu ele alan bir toplant\u0131 d\u00fczenlendi. Ku\u015fadas\u0131 Kaymakaml\u0131\u011f\u0131\u2019nda ger\u00e7ekle\u015ftirilen toplant\u0131ya, Kaymakam Sadettin Y\u00fccel\u2019in yan\u0131s\u0131ra, Ku\u015fadas\u0131 Belediye Ba\u015fkan\u0131 \u00d6mer G\u00fcnel, Ku\u015fadas\u0131 Ticaret Odas\u0131 Ba\u015fkan\u0131 Serdar Akdo\u011fan, Ku\u015fadas\u0131 Esnaf Odas\u0131 Ba\u015fkan\u0131 Ahmet \u00c7al\u0131m, Ku\u015fadas\u0131 Otelciler Derne\u011fi Ba\u015fkan\u0131 Tacettin \u00d6zden ile T\u00dcRSAB temsilcileri kat\u0131ld\u0131. Toplant\u0131da kongre merkezinin i\u00e7inde bulundu\u011fu durumdan kurtar\u0131lmas\u0131 i\u00e7in t\u00fcm imkanlar\u0131n seferber edilmesi karar\u0131 verildi.<\/p>\n<p>Avrupa\u2019n\u0131n say\u0131l\u0131, Orta Do\u011fu\u2019nun ise en b\u00fcy\u00fck kongre Merkezi olan Ku\u015fadas\u0131-Efes Kongre Merkezi\u2019nde, 2 bin 700 ki\u015filik b\u00fcy\u00fck oditoryum, 745 ki\u015filik alt kat oditoryum, \u00fc\u00e7e b\u00f6l\u00fcnebilen 800 ki\u015filik toplant\u0131 salonu, ikiye b\u00f6l\u00fcnebilen 400 ki\u015filik toplant\u0131 salonu, 33 adet 45 ila 800 ki\u015fi kapasiteye sahip komite ve k\u00fc\u00e7\u00fck toplant\u0131 odalar\u0131, toplam 6 bin 500 metrekareye yakla\u015fan a\u00e7\u0131k teras alanlar\u0131 ile birlikte 8 bin ki\u015filik yemek kapasitesi, ana salonu 2 bin 780 metrekare, ba\u011fl\u0131 iki fuayesi ile toplam 4 bin 415 metrekare kapal\u0131 ve 3 bin metrekare a\u00e7\u0131k alan\u0131 ile b\u00f6lge ihtisas fuarlar\u0131na ev sahipli\u011fi yapabilecek sergi alan\u0131 bulunuyor.<\/p>\n","protected":false},"excerpt":{"rendered":"<p>ORTA DO\u011eU\u2019NUN EN B\u00dcY\u00dcK KONGRE MERKEZ\u0130 KONUMUNDAK\u0130 KU\u015eADASI EFES KONGRE MERKEZ\u0130N\u0130N YA\u015eANAN HAC\u0130Z OLAYLARININ ARDINDAN YEN\u0130DEN AKT\u0130F HALE GET\u0130R\u0130LMES\u0130 \u0130\u00c7\u0130N G\u0130R\u0130\u015e\u0130MLER S\u00dcR\u00dcYOR.<\/p>\n","protected":false},"author":1,"featured_media":166194,"comment_status":"closed","ping_status":"open","sticky":false,"template":"","format":"standard","meta":{"jetpack_post_was_ever_published":false,"_jetpack_newsletter_access":"","_jetpack_dont_email_post_to_subs":false,"_jetpack_newsletter_tier_id":0,"_jetpack_memberships_contains_paywalled_content":false,"_jetpack_memberships_contains_paid_content":false,"footnotes":"","jetpack_publicize_message":"","jetpack_publicize_feature_enabled":true,"jetpack_social_post_already_shared":true,"jetpack_social_options":{"image_generator_settings":{"template":"highway","default_image_id":0,"font":"","enabled":false},"version":2}},"categories":[19],"tags":[19172,44,6042,39627,295,21536,11049,3462],"class_list":["post-166193","post","type-post","status-publish","format-standard","has-post-thumbnail","hentry","category-ekonomi","tag-haciz","tag-icin","tag-kongre","tag-kusadasi-efes","tag-merkezi","tag-seferberlik","tag-soku","tag-yasayan"],"jetpack_publicize_connections":[],"jetpack_featured_media_url":"https:\/\/i0.wp.com\/www.tvturk.com\/wp-content\/uploads\/2019\/06\/haciz-soku-yasayan-kusadasi-efes-kongre-merkezi-icin-seferberlik_a2a07ca.jpg?fit=825%2C400","jetpack_sharing_enabled":true,"jetpack_shortlink":"https:\/\/wp.me\/paKIfm-Hex","_links":{"self":[{"href":"http:\/\/www.tvturk.com\/index.php\/wp-json\/wp\/v2\/posts\/166193","targetHints":{"allow":["GET"]}}],"collection":[{"href":"http:\/\/www.tvturk.com\/index.php\/wp-json\/wp\/v2\/posts"}],"about":[{"href":"http:\/\/www.tvturk.com\/index.php\/wp-json\/wp\/v2\/types\/post"}],"author":[{"embeddable":true,"href":"http:\/\/www.tvturk.com\/index.php\/wp-json\/wp\/v2\/users\/1"}],"replies":[{"embeddable":true,"href":"http:\/\/www.tvturk.com\/index.php\/wp-json\/wp\/v2\/comments?post=166193"}],"version-history":[{"count":0,"href":"http:\/\/www.tvturk.com\/index.php\/wp-json\/wp\/v2\/posts\/166193\/revisions"}],"wp:featuredmedia":[{"embeddable":true,"href":"http:\/\/www.tvturk.com\/index.php\/wp-json\/wp\/v2\/media\/166194"}],"wp:attachment":[{"href":"http:\/\/www.tvturk.com\/index.php\/wp-json\/wp\/v2\/media?parent=166193"}],"wp:term":[{"taxonomy":"category","embeddable":true,"href":"http:\/\/www.tvturk.com\/index.php\/wp-json\/wp\/v2\/categories?post=166193"},{"taxonomy":"post_tag","embeddable":true,"href":"http:\/\/www.tvturk.com\/index.php\/wp-json\/wp\/v2\/tags?post=166193"}],"curies":[{"name":"wp","href":"https:\/\/api.w.org\/{rel}","templated":true}]}}