{"id":166197,"date":"2019-06-06T09:31:14","date_gmt":"2019-06-06T06:31:14","guid":{"rendered":"http:\/\/www.tvturk.com\/index.php\/japonyadan-abd-iran-mesaji\/"},"modified":"2019-06-06T09:31:14","modified_gmt":"2019-06-06T06:31:14","slug":"japonyadan-abd-iran-mesaji","status":"publish","type":"post","link":"http:\/\/www.tvturk.com\/index.php\/japonyadan-abd-iran-mesaji\/","title":{"rendered":"Japonya\u2019dan ABD-\u0130ran mesaj\u0131"},"content":{"rendered":"<p>Japonya D\u0131\u015fi\u015fleri Bakan\u0131 Taro Kono, \u00fclkesinin hem \u0130ran hem de ABD ile olan iyi ili\u015fkilerini kullanarak iki \u00fclke aras\u0131ndaki gerilimi azaltmaya \u00e7al\u0131\u015faca\u011f\u0131n\u0131 s\u00f6yledi.<\/p>\n<p>Japonya D\u0131\u015fi\u015fleri Bakan\u0131 Taro Kono, \u00e7ar\u015famba g\u00fcn\u00fc d\u00fczenlenen bir alt meclis toplant\u0131s\u0131nda Ba\u015fbakan Shinzo Abe\u2019nin haziran ay\u0131 ortas\u0131nda \u0130ran\u2019a ger\u00e7ekle\u015ftirmesi beklenen ziyaret ile ilgili konu\u015ftu. Japonya\u2019n\u0131n ABD ve \u0130ran ile iyi ili\u015fkilerinin oldu\u011funu vurgulayan Kono, \u00fclkesinin bu ili\u015fkileri kullanarak iki \u00fclke aras\u0131ndaki tansiyonun d\u00fc\u015fmesi i\u00e7in \u00e7aba g\u00f6sterece\u011fini ifade etti.<\/p>\n<p>Japonya\u2019n\u0131n Orta Do\u011fu\u2019daki inan\u00e7lar konusunda tarafs\u0131z oldu\u011funu ve b\u00f6lge ile olumsuz hi\u00e7bir ili\u015fkisinin olmad\u0131\u011f\u0131n\u0131 hat\u0131rlatan Kono,  Japonya\u2019n\u0131n uzun zamand\u0131r \u0130ran\u2019la olan dostlu\u011funu da vurgulad\u0131. Kono, Japonya\u2019n\u0131n t\u00fcm taraflarla samimi bir \u015fekilde konu\u015fabilece\u011fini ve diyalog yoluyla b\u00f6lgesel gerilimleri azaltmak i\u00e7in elinden geleni yapaca\u011f\u0131n\u0131 da s\u00f6zlerine ekledi.<\/p>\n<p>Abe \u0130ran\u2019a gidecek<\/p>\n<p>Japonya Ba\u015fbakan\u0131 Shinzo Abe\u2019nin haziran ortas\u0131nda \u0130ran\u2019\u0131 ziyaret etmesi ve \u0130ran\u2019\u0131n dini lideri Ayetullah Ali Hamaney ve Cumhurba\u015fkan\u0131 Hasan Ruhani ile g\u00f6r\u00fc\u015fmesi bekleniyor.<\/p>\n","protected":false},"excerpt":{"rendered":"<p>JAPONYA DI\u015e\u0130\u015eLER\u0130 BAKANI TARO KONO, \u00dcLKES\u0130N\u0130N HEM \u0130RAN HEM DE ABD \u0130LE OLAN \u0130Y\u0130 \u0130L\u0130\u015eK\u0130LER\u0130N\u0130 KULLANARAK \u0130K\u0130 \u00dcLKE ARASINDAK\u0130 GER\u0130L\u0130M\u0130 AZALTMAYA \u00c7ALI\u015eACA\u011eINI S\u00d6YLED\u0130.<\/p>\n","protected":false},"author":1,"featured_media":166198,"comment_status":"closed","ping_status":"open","sticky":false,"template":"","format":"standard","meta":{"jetpack_post_was_ever_published":false,"_jetpack_newsletter_access":"","_jetpack_dont_email_post_to_subs":false,"_jetpack_newsletter_tier_id":0,"_jetpack_memberships_contains_paywalled_content":false,"_jetpack_memberships_contains_paid_content":false,"footnotes":"","jetpack_publicize_message":"","jetpack_publicize_feature_enabled":true,"jetpack_social_post_already_shared":true,"jetpack_social_options":{"image_generator_settings":{"template":"highway","default_image_id":0,"font":"","enabled":false},"version":2}},"categories":[10],"tags":[39630,8235,3121],"class_list":["post-166197","post","type-post","status-publish","format-standard","has-post-thumbnail","hentry","category-dunya","tag-abd-iran","tag-japonyadan","tag-mesaji"],"jetpack_publicize_connections":[],"jetpack_featured_media_url":"https:\/\/i0.wp.com\/www.tvturk.com\/wp-content\/uploads\/2019\/06\/japonyadan-abd-iran-mesaji_4e3b050.jpg?fit=726%2C1000","jetpack_sharing_enabled":true,"jetpack_shortlink":"https:\/\/wp.me\/paKIfm-HeB","_links":{"self":[{"href":"http:\/\/www.tvturk.com\/index.php\/wp-json\/wp\/v2\/posts\/166197","targetHints":{"allow":["GET"]}}],"collection":[{"href":"http:\/\/www.tvturk.com\/index.php\/wp-json\/wp\/v2\/posts"}],"about":[{"href":"http:\/\/www.tvturk.com\/index.php\/wp-json\/wp\/v2\/types\/post"}],"author":[{"embeddable":true,"href":"http:\/\/www.tvturk.com\/index.php\/wp-json\/wp\/v2\/users\/1"}],"replies":[{"embeddable":true,"href":"http:\/\/www.tvturk.com\/index.php\/wp-json\/wp\/v2\/comments?post=166197"}],"version-history":[{"count":0,"href":"http:\/\/www.tvturk.com\/index.php\/wp-json\/wp\/v2\/posts\/166197\/revisions"}],"wp:featuredmedia":[{"embeddable":true,"href":"http:\/\/www.tvturk.com\/index.php\/wp-json\/wp\/v2\/media\/166198"}],"wp:attachment":[{"href":"http:\/\/www.tvturk.com\/index.php\/wp-json\/wp\/v2\/media?parent=166197"}],"wp:term":[{"taxonomy":"category","embeddable":true,"href":"http:\/\/www.tvturk.com\/index.php\/wp-json\/wp\/v2\/categories?post=166197"},{"taxonomy":"post_tag","embeddable":true,"href":"http:\/\/www.tvturk.com\/index.php\/wp-json\/wp\/v2\/tags?post=166197"}],"curies":[{"name":"wp","href":"https:\/\/api.w.org\/{rel}","templated":true}]}}