{"id":166241,"date":"2019-06-06T11:15:13","date_gmt":"2019-06-06T08:15:13","guid":{"rendered":"http:\/\/www.tvturk.com\/index.php\/sehit-oz-memleketine-ugurlandi\/"},"modified":"2019-06-06T11:15:13","modified_gmt":"2019-06-06T08:15:13","slug":"sehit-oz-memleketine-ugurlandi","status":"publish","type":"post","link":"http:\/\/www.tvturk.com\/index.php\/sehit-oz-memleketine-ugurlandi\/","title":{"rendered":"\u015eehit \u00d6z memleketine u\u011furland\u0131"},"content":{"rendered":"<p>Hakkari\u2019de askeri arac\u0131n devrilmesi sonucu \u015fehit olan Piyade Uzman Onba\u015f\u0131 Fatih \u00d6z, Y\u00fcksekova\u2019da d\u00fczenlenen t\u00f6renin ard\u0131ndan memleketi Ankara\u2019n\u0131n Sincan il\u00e7esine u\u011furland\u0131.<\/p>\n<p>T\u00fcrk Silahl\u0131 Kuvvetlerince Irak\u2019\u0131n kuzeyindeki Hakurk b\u00f6lgesinde ter\u00f6r \u00f6rg\u00fct\u00fc PKK\u2019ya y\u00f6nelik d\u00fczenlenen \u2019Pen\u00e7e Harekat\u0131\u2019na kat\u0131lan askeri arac\u0131n \u00fcs b\u00f6lgesine intikali s\u0131ras\u0131nda meydana gelen kazada \u015fehit olan Piyade Uzman Onba\u015f\u0131 Fatih \u00d6z (24) i\u00e7in Y\u00fcksekova Selahaddin Eyyubi Havaliman\u0131\u2019nda t\u00f6ren d\u00fczenlendi. Hakkari\u2019de yap\u0131lan t\u00f6renin ard\u0131ndan helikopterle Y\u00fcksekova Selahaddin Eyyubi Havaliman\u0131\u2019na getirilen \u00d6z\u2019\u00fcn naa\u015f\u0131 helikopterden indirilerek u\u00e7a\u011fa konuldu. Dualar\u0131n okunmas\u0131yla \u015fehit \u00d6z, memleketi Ankara\u2019n\u0131n Sincan il\u00e7esine u\u011furland\u0131.<\/p>\n<p>Havaliman\u0131nda yap\u0131lan t\u00f6rene Y\u00fcksekova Kaymakam\u0131 Ramazan Kend\u00fczler, \u0130l\u00e7e Garnizon Komutan\u0131 Albay Hasan Koyuncu, \u0130l\u00e7e Emniyet M\u00fcd\u00fcr\u00fc Haluk Ba\u015f, asker ve polisler kat\u0131ld\u0131.<\/p>\n","protected":false},"excerpt":{"rendered":"<p>HAKKAR\u0130 B\u00d6LGES\u0130NDE 5 HAZ\u0130RAN\u2019DA B\u0130R ASKER\u0130 ARACIN KAZA YAPMASI SONUCU \u015eEH\u0130T OLAN  P. UZM. ONB FAT\u0130H \u00d6Z ASKER \u0130\u00c7\u0130N Y\u00dcKSEKOVA HAVAL\u0130MANINDA T\u00d6REN D\u00dcZENLEND\u0130.<\/p>\n","protected":false},"author":1,"featured_media":166242,"comment_status":"closed","ping_status":"open","sticky":false,"template":"","format":"standard","meta":{"jetpack_post_was_ever_published":false,"_jetpack_newsletter_access":"","_jetpack_dont_email_post_to_subs":false,"_jetpack_newsletter_tier_id":0,"_jetpack_memberships_contains_paywalled_content":false,"_jetpack_memberships_contains_paid_content":false,"footnotes":"","jetpack_publicize_message":"","jetpack_publicize_feature_enabled":true,"jetpack_social_post_already_shared":true,"jetpack_social_options":{"image_generator_settings":{"template":"highway","default_image_id":0,"font":"","enabled":false},"version":2}},"categories":[1],"tags":[7668,7101,237,2516],"class_list":["post-166241","post","type-post","status-publish","format-standard","has-post-thumbnail","hentry","category-genel","tag-memleketine","tag-oz","tag-sehit","tag-ugurlandi"],"jetpack_publicize_connections":[],"jetpack_featured_media_url":"https:\/\/i0.wp.com\/www.tvturk.com\/wp-content\/uploads\/2019\/06\/sehit-oz-memleketine-ugurlandi_54e8279.jpg?fit=1000%2C664","jetpack_sharing_enabled":true,"jetpack_shortlink":"https:\/\/wp.me\/paKIfm-Hfj","_links":{"self":[{"href":"http:\/\/www.tvturk.com\/index.php\/wp-json\/wp\/v2\/posts\/166241","targetHints":{"allow":["GET"]}}],"collection":[{"href":"http:\/\/www.tvturk.com\/index.php\/wp-json\/wp\/v2\/posts"}],"about":[{"href":"http:\/\/www.tvturk.com\/index.php\/wp-json\/wp\/v2\/types\/post"}],"author":[{"embeddable":true,"href":"http:\/\/www.tvturk.com\/index.php\/wp-json\/wp\/v2\/users\/1"}],"replies":[{"embeddable":true,"href":"http:\/\/www.tvturk.com\/index.php\/wp-json\/wp\/v2\/comments?post=166241"}],"version-history":[{"count":0,"href":"http:\/\/www.tvturk.com\/index.php\/wp-json\/wp\/v2\/posts\/166241\/revisions"}],"wp:featuredmedia":[{"embeddable":true,"href":"http:\/\/www.tvturk.com\/index.php\/wp-json\/wp\/v2\/media\/166242"}],"wp:attachment":[{"href":"http:\/\/www.tvturk.com\/index.php\/wp-json\/wp\/v2\/media?parent=166241"}],"wp:term":[{"taxonomy":"category","embeddable":true,"href":"http:\/\/www.tvturk.com\/index.php\/wp-json\/wp\/v2\/categories?post=166241"},{"taxonomy":"post_tag","embeddable":true,"href":"http:\/\/www.tvturk.com\/index.php\/wp-json\/wp\/v2\/tags?post=166241"}],"curies":[{"name":"wp","href":"https:\/\/api.w.org\/{rel}","templated":true}]}}