{"id":166297,"date":"2019-06-06T13:31:41","date_gmt":"2019-06-06T10:31:41","guid":{"rendered":"http:\/\/www.tvturk.com\/index.php\/ozel-lpg-tanklarinin-son-kullanim-tarihini-imalatcilarin-belirlemesi-vatandaslari-magdur-ediyor\/"},"modified":"2019-06-06T13:31:41","modified_gmt":"2019-06-06T10:31:41","slug":"ozel-lpg-tanklarinin-son-kullanim-tarihini-imalatcilarin-belirlemesi-vatandaslari-magdur-ediyor","status":"publish","type":"post","link":"http:\/\/www.tvturk.com\/index.php\/ozel-lpg-tanklarinin-son-kullanim-tarihini-imalatcilarin-belirlemesi-vatandaslari-magdur-ediyor\/","title":{"rendered":"(\u00d6zel) LPG tanklar\u0131n\u0131n son kullan\u0131m tarihini imalat\u00e7\u0131lar\u0131n belirlemesi vatanda\u015flar\u0131 ma\u011fdur ediyor"},"content":{"rendered":"<p>T\u00fcketiciler Birli\u011fi Genel Ba\u015fkan\u0131 Mahmut \u015eahin, LPG tanklar\u0131n\u0131n \u00fcretim tarihlerini imalat\u00e7\u0131 firmalar\u0131n\u0131n belirlemesinin t\u00fcketiciyi ma\u011fdur etti\u011fini s\u00f6yleyerek, \u201cBu konuda y\u00f6netmeli\u011fin g\u00f6zden ge\u00e7irilmesini ve t\u00fcketicilerin bu konuda imalat\u00e7\u0131lar\u0131n insaf\u0131na b\u0131rak\u0131lmas\u0131 \u00e7ok do\u011fru de\u011fil, d\u00fczenleme bekliyoruz\u201d dedi.<\/p>\n<p>T\u00fcketiciler Birli\u011fi Genel Ba\u015fkan\u0131 Mahmut \u015eahin, LPG tanklar\u0131ndaki son kullan\u0131m tarihlerini g\u00fcndeme getirdi. Elektronik ve beyaz e\u015fya \u00fcr\u00fcnlerinde \u00fcr\u00fcn\u00fcn son kullanma tarihinin al\u0131nd\u0131\u011f\u0131 g\u00fcnden itibaren ba\u015flad\u0131\u011f\u0131n\u0131 hat\u0131rlatan \u015eahin, \u201cT\u00fcketici i\u015flemlerinde elektronik ve beyaz e\u015fyalarda garanti s\u00fcresi farkl\u0131d\u0131r ve garanti s\u00fcresi fatura tarihi itibariyle ba\u015flar. Sadece fatura tarihiyle de de\u011fil, bizim evimize kurulmas\u0131 ve kullanmam\u0131zla ba\u015flayan bir garanti s\u00fcreci olur\u201d dedi.<\/p>\n<p>LPG tanklar\u0131nda son kullanma tarihini imalat\u00e7\u0131lar\u0131n belirledi\u011fini kaydeden \u015eahin, \u201cBize gelen t\u00fcketici \u015fikayetlerinde bu LPG tanklar\u0131n\u0131 inceledi\u011fimizde y\u00f6netmelikte \u015f\u00f6yle bir a\u00e7\u0131k tespit ettik, imalat tarihiyle ba\u015fl\u0131yor. Ald\u0131\u011f\u0131m\u0131z tarih yada takma tarihimiz de\u011fil, bizzat LPG tanklar\u0131n\u0131n imalat tarihiyle ba\u015fl\u0131yor. Karayollar\u0131n\u0131n ara\u00e7, imal, tadil ve montaj y\u00f6netmeli\u011finin ek 4. Maddesinde \u2018LPG tanklar\u0131n\u0131n kullan\u0131m s\u00fcresi 15 senedir. Fakat imalat\u00e7\u0131 bu s\u00fcreyi a\u015fa\u011f\u0131 \u00e7ekmi\u015fse o ge\u00e7erlidir\u2019 diyor. Burada \u015f\u00f6yle bir s\u0131k\u0131nt\u0131 do\u011fuyor. Normalde \u00fcretilen \u00fcr\u00fcn asl\u0131nda 10 sene sonra halen kullan\u0131labilir. O kullan\u0131m\u0131n her sene muayene tarihlerinde g\u00f6zden ge\u00e7irilip e\u011fer bir problem yoksa daha uzun vadede kullan\u0131lmas\u0131 sa\u011flanabilir ama imalat\u00e7\u0131 taraf\u0131ndan 10 y\u0131la \u00e7ekilmesi t\u00fcketicinin 10 y\u0131l sonra mutlaka bir daha LPG tank\u0131 almas\u0131n\u0131 sa\u011fl\u0131yor. E\u011fer bu 8 y\u0131la \u00e7ekilirse 8, 5 y\u0131la \u00e7ekilirse 5 y\u0131lda bir o \u00fcr\u00fcn\u00fcn de\u011fi\u015ftirilmesi gerekecek. Buda t\u00fcketiciye ek bir maliyet getiriyor. Halbuki bunun kontrol\u00fc yap\u0131ld\u0131ktan sonra kullan\u0131m\u0131n\u0131n bir sak\u0131ncas\u0131 yoksa 15 senede kullan\u0131labilir. Kontrolde 4. Sene dahi s\u0131k\u0131nt\u0131 varsa de\u011fi\u015fimi sa\u011flan\u0131r. Bu konuda y\u00f6netmeli\u011fin g\u00f6zden ge\u00e7irilmesini ve t\u00fcketicilerin bu konuda imalat\u00e7\u0131lar\u0131n insaf\u0131na b\u0131rak\u0131lmas\u0131 \u00e7ok do\u011fru de\u011fildir. D\u00fczenleme bekliyoruz\u201d diye konu\u015ftu.<\/p>\n","protected":false},"excerpt":{"rendered":"<p>T\u00dcKET\u0130C\u0130LER B\u0130RL\u0130\u011e\u0130 GENEL BA\u015eKANI MAHMUT \u015eAH\u0130N, LPG TANKLARININ \u00dcRET\u0130M TAR\u0130HLER\u0130N\u0130 \u0130MALAT\u00c7I F\u0130RMALARININ BEL\u0130RLEMES\u0130N\u0130N T\u00dcKET\u0130C\u0130Y\u0130 MA\u011eDUR ETT\u0130\u011e\u0130N\u0130 S\u00d6YLEYEREK, \u201cBU KONUDA Y\u00d6NETMEL\u0130\u011e\u0130N G\u00d6ZDEN GE\u00c7\u0130R\u0130LMES\u0130N\u0130 VE T\u00dcKET\u0130C\u0130LER\u0130N BU KONUDA \u0130MALAT\u00c7ILARIN \u0130NSAFINA BIRAKILMASI \u00c7OK DO\u011eRU DE\u011e\u0130L, D\u00dcZENLEME BEKL\u0130YORUZ\u201d DED\u0130.<\/p>\n","protected":false},"author":1,"featured_media":166298,"comment_status":"closed","ping_status":"open","sticky":false,"template":"","format":"standard","meta":{"jetpack_post_was_ever_published":false,"_jetpack_newsletter_access":"","_jetpack_dont_email_post_to_subs":false,"_jetpack_newsletter_tier_id":0,"_jetpack_memberships_contains_paywalled_content":false,"_jetpack_memberships_contains_paid_content":false,"footnotes":"","jetpack_publicize_message":"","jetpack_publicize_feature_enabled":true,"jetpack_social_post_already_shared":true,"jetpack_social_options":{"image_generator_settings":{"template":"highway","default_image_id":0,"font":"","enabled":false},"version":2}},"categories":[1],"tags":[1073,39666,523,39665,13243,21722,15953,1240,39664,12419,922],"class_list":["post-166297","post","type-post","status-publish","format-standard","has-post-thumbnail","hentry","category-genel","tag-ozel","tag-belirlemesi","tag-ediyor","tag-imalatcilarin","tag-kullanim","tag-lpg","tag-magdur","tag-son","tag-tanklarinin","tag-tarihini","tag-vatandaslari"],"jetpack_publicize_connections":[],"jetpack_featured_media_url":"https:\/\/i0.wp.com\/www.tvturk.com\/wp-content\/uploads\/2019\/06\/ozel-lpg-tanklarinin-son-kullanim-tarihini-imalatcilarin-belirlemesi-vatandaslari-magdur-ediyor_2a3c144.jpg?fit=1000%2C783","jetpack_sharing_enabled":true,"jetpack_shortlink":"https:\/\/wp.me\/paKIfm-Hgd","_links":{"self":[{"href":"http:\/\/www.tvturk.com\/index.php\/wp-json\/wp\/v2\/posts\/166297","targetHints":{"allow":["GET"]}}],"collection":[{"href":"http:\/\/www.tvturk.com\/index.php\/wp-json\/wp\/v2\/posts"}],"about":[{"href":"http:\/\/www.tvturk.com\/index.php\/wp-json\/wp\/v2\/types\/post"}],"author":[{"embeddable":true,"href":"http:\/\/www.tvturk.com\/index.php\/wp-json\/wp\/v2\/users\/1"}],"replies":[{"embeddable":true,"href":"http:\/\/www.tvturk.com\/index.php\/wp-json\/wp\/v2\/comments?post=166297"}],"version-history":[{"count":0,"href":"http:\/\/www.tvturk.com\/index.php\/wp-json\/wp\/v2\/posts\/166297\/revisions"}],"wp:featuredmedia":[{"embeddable":true,"href":"http:\/\/www.tvturk.com\/index.php\/wp-json\/wp\/v2\/media\/166298"}],"wp:attachment":[{"href":"http:\/\/www.tvturk.com\/index.php\/wp-json\/wp\/v2\/media?parent=166297"}],"wp:term":[{"taxonomy":"category","embeddable":true,"href":"http:\/\/www.tvturk.com\/index.php\/wp-json\/wp\/v2\/categories?post=166297"},{"taxonomy":"post_tag","embeddable":true,"href":"http:\/\/www.tvturk.com\/index.php\/wp-json\/wp\/v2\/tags?post=166297"}],"curies":[{"name":"wp","href":"https:\/\/api.w.org\/{rel}","templated":true}]}}