{"id":166301,"date":"2019-06-06T13:51:29","date_gmt":"2019-06-06T10:51:29","guid":{"rendered":"http:\/\/www.tvturk.com\/index.php\/dunyaca-unlu-sahilde-guvenlik-atli-polislere-emanet\/"},"modified":"2019-06-06T13:51:29","modified_gmt":"2019-06-06T10:51:29","slug":"dunyaca-unlu-sahilde-guvenlik-atli-polislere-emanet","status":"publish","type":"post","link":"http:\/\/www.tvturk.com\/index.php\/dunyaca-unlu-sahilde-guvenlik-atli-polislere-emanet\/","title":{"rendered":"D\u00fcnyaca \u00fcnl\u00fc sahilde g\u00fcvenlik atl\u0131 polislere emanet"},"content":{"rendered":"<p>Her y\u0131l milyonlarca ki\u015finin ziyaret etti\u011fi Antalya\u2019n\u0131n d\u00fcnyaca \u00fcnl\u00fc Konyaalt\u0131 Sahili\u2019nde asayi\u015f ve g\u00fcvenli\u011fin sa\u011flanmas\u0131na atl\u0131 polisler de katk\u0131 sa\u011fl\u0131yor. Yerli ve yabanc\u0131 turistler atl\u0131 polislere b\u00fcy\u00fck ilgi g\u00f6sterdi.<\/p>\n<p>Antalya Emniyet M\u00fcd\u00fcrl\u00fc\u011f\u00fc b\u00fcnyesinde 12 y\u0131l \u00f6nce kurulan Atl\u0131 Polis Birli\u011fi, \u015fehrin farkl\u0131 noktalar\u0131nda g\u00f6revlerini s\u00fcrd\u00fcr\u00fcyor. Polis ara\u00e7lar\u0131n\u0131n ve motosikletlerinin inemedi\u011fi d\u00fcnyaca \u00fcnl\u00fc Konyaalt\u0131 Sahili\u2019nin yo\u011funla\u015fmas\u0131yla devriye gezen atl\u0131 polislere vatanda\u015flar ve turistler b\u00fcy\u00fck ilgi g\u00f6sterdi. Her g\u00fcn 10.00 -12.00 saatleri aras\u0131nda devriye g\u00f6revi yapan atl\u0131 polisler sahilinde sembol\u00fc oldu. Konyaalt\u0131 Sahili boyunca devriye g\u00f6revi y\u00fcr\u00fcten atl\u0131 polislere yerli ve yabanc\u0131 misafirlerin ilgisi yo\u011fun oldu. Atlar\u0131 sevenler kadar \u00f6z\u00e7ekim yapanlar da oldu.<\/p>\n<p>Vatanda\u015f ilgisi<\/p>\n<p>Aysel \u00dcnsal isimli tatilcinin k\u00fc\u00e7\u00fck k\u00f6pe\u011finin ata tepki vermesi ise renkli g\u00f6r\u00fcnt\u00fcler olu\u015fturdu. Pom cinsi k\u00f6pe\u011fi atla renkli g\u00f6r\u00fcnt\u00fcler olu\u015fturan Aysel \u00dcnsal, \u201cAtl\u0131 polisleri sahilde g\u00f6rmek \u00e7ok g\u00fcze. Polislerimiz zaten her zaman g\u00f6revlerinin ba\u015f\u0131nda. Atl\u0131 polisler de resmen \u015f\u00f6hret oldu, b\u00fcy\u00fck bir ilgi var. K\u00f6pe\u011fim de \u00e7ok \u015fa\u015f\u0131rd\u0131 \u00e7\u00fcnk\u00fc ilk defa at g\u00f6rd\u00fc&#8221; ifadelerine yer verdi.<\/p>\n<p>Bebe\u011fi ile atlar\u0131 seven \u00d6zbekistanl\u0131 turist Lolo Skurova, \u201cAtl\u0131 polislere \u00e7ok g\u00fcveniyoruz. Uygulamadan memnunuz. K\u0131z\u0131m da atlar\u0131 \u00e7ok sevdi&#8221; dedi.<\/p>\n<p>Korkarak da olsa atlar\u0131 seven \u0130rem Vurgu, &#8220;\u0130lk ba\u015fta korktum ama sonradan al\u0131\u015ft\u0131m. \u00c7ok g\u00fczel bir duygu. \u0130lk kez sahilde at g\u00f6r\u00fcyorum\u201d diye konu\u015ftu.<\/p>\n","protected":false},"excerpt":{"rendered":"<p>HER YIL M\u0130LYONLARCA K\u0130\u015e\u0130N\u0130N Z\u0130YARET ETT\u0130\u011e\u0130 ANTALYA\u2019NIN D\u00dcNYACA \u00dcNL\u00dc KONYAALTI SAH\u0130L\u0130\u2019NDE ASAY\u0130\u015e VE G\u00dcVENL\u0130\u011e\u0130N SA\u011eLANMASINA ATLI POL\u0130SLERDE KATKI VER\u0130YOR. YERL\u0130 VE YABANCI TUR\u0130STLER ATLI POL\u0130SLERE B\u00dcY\u00dcK \u0130LG\u0130 G\u00d6STERD\u0130.<\/p>\n","protected":false},"author":1,"featured_media":166302,"comment_status":"closed","ping_status":"open","sticky":false,"template":"","format":"standard","meta":{"jetpack_post_was_ever_published":false,"_jetpack_newsletter_access":"","_jetpack_dont_email_post_to_subs":false,"_jetpack_newsletter_tier_id":0,"_jetpack_memberships_contains_paywalled_content":false,"_jetpack_memberships_contains_paid_content":false,"footnotes":"","jetpack_publicize_message":"","jetpack_publicize_feature_enabled":true,"jetpack_social_post_already_shared":true,"jetpack_social_options":{"image_generator_settings":{"template":"highway","default_image_id":0,"font":"","enabled":false},"version":2}},"categories":[1],"tags":[13027,9392,9958,354,3407,1318,5590],"class_list":["post-166301","post","type-post","status-publish","format-standard","has-post-thumbnail","hentry","category-genel","tag-atli","tag-dunyaca","tag-emanet","tag-guvenlik","tag-polislere","tag-sahilde","tag-unlu"],"jetpack_publicize_connections":[],"jetpack_featured_media_url":"https:\/\/i0.wp.com\/www.tvturk.com\/wp-content\/uploads\/2019\/06\/dunyaca-unlu-sahilde-guvenlik-atli-polislere-emanet_d924899.jpg?fit=1000%2C666","jetpack_sharing_enabled":true,"jetpack_shortlink":"https:\/\/wp.me\/paKIfm-Hgh","_links":{"self":[{"href":"http:\/\/www.tvturk.com\/index.php\/wp-json\/wp\/v2\/posts\/166301","targetHints":{"allow":["GET"]}}],"collection":[{"href":"http:\/\/www.tvturk.com\/index.php\/wp-json\/wp\/v2\/posts"}],"about":[{"href":"http:\/\/www.tvturk.com\/index.php\/wp-json\/wp\/v2\/types\/post"}],"author":[{"embeddable":true,"href":"http:\/\/www.tvturk.com\/index.php\/wp-json\/wp\/v2\/users\/1"}],"replies":[{"embeddable":true,"href":"http:\/\/www.tvturk.com\/index.php\/wp-json\/wp\/v2\/comments?post=166301"}],"version-history":[{"count":0,"href":"http:\/\/www.tvturk.com\/index.php\/wp-json\/wp\/v2\/posts\/166301\/revisions"}],"wp:featuredmedia":[{"embeddable":true,"href":"http:\/\/www.tvturk.com\/index.php\/wp-json\/wp\/v2\/media\/166302"}],"wp:attachment":[{"href":"http:\/\/www.tvturk.com\/index.php\/wp-json\/wp\/v2\/media?parent=166301"}],"wp:term":[{"taxonomy":"category","embeddable":true,"href":"http:\/\/www.tvturk.com\/index.php\/wp-json\/wp\/v2\/categories?post=166301"},{"taxonomy":"post_tag","embeddable":true,"href":"http:\/\/www.tvturk.com\/index.php\/wp-json\/wp\/v2\/tags?post=166301"}],"curies":[{"name":"wp","href":"https:\/\/api.w.org\/{rel}","templated":true}]}}