{"id":166309,"date":"2019-06-06T14:25:16","date_gmt":"2019-06-06T11:25:16","guid":{"rendered":"http:\/\/www.tvturk.com\/index.php\/erdeke-bayramda-ziyaretci-akini\/"},"modified":"2019-06-06T14:25:16","modified_gmt":"2019-06-06T11:25:16","slug":"erdeke-bayramda-ziyaretci-akini","status":"publish","type":"post","link":"http:\/\/www.tvturk.com\/index.php\/erdeke-bayramda-ziyaretci-akini\/","title":{"rendered":"Erdek\u2019e bayramda ziyaret\u00e7i ak\u0131n\u0131"},"content":{"rendered":"<p>Bal\u0131kesir\u2019in turistik il\u00e7esi Erdek, Ramazan Bayram\u0131\u2019nda ziyaret\u00e7i ak\u0131n\u0131na u\u011frad\u0131.<\/p>\n<p>Bal\u0131kesir\u2019e ba\u011fl\u0131 G\u00fcney Marmara B\u00f6lgesi\u2019nin turistik il\u00e7esi Erdek, ramazan bayram\u0131nda ziyaret\u00e7i ak\u0131n\u0131na u\u011frad\u0131. Ramazan bayram\u0131 tatilinin 9 g\u00fcn olmas\u0131 nedeniyle Erdek\u2019i tercih eden tatilciler sahili doldururken plajlarda \u015femsiye a\u00e7acak yer kalmad\u0131. Ye\u015filin her tonu ile denizin mavisinin b\u00fct\u00fcnle\u015fti\u011fi do\u011fas\u0131yla ilgi \u00e7eken antik Kyzikos Kenti ile b\u00fct\u00fcnle\u015fen, sahilleri az dalgal\u0131 denizi ile ilgi g\u00f6ren Erdek, Ramazan Bayram\u0131 tatilinde tatilcilerin ak\u0131n\u0131na u\u011frad\u0131. 9 g\u00fcnl\u00fck bayram tatili nedeniyle il\u00e7edeki otel ve pansiyonlar tamamen dolarken, \u00e7evre il\u00e7elerden de g\u00fcn\u00fcbirlik gelen ziyaret\u00e7ilerle birlikte il\u00e7ede yo\u011funluk daha da artt\u0131. \u0130l\u00e7e giri\u015finde uzun ara\u00e7 kuyruklar\u0131 olu\u015furken, trafik ekipleri il\u00e7e merkezindeki otoparklar, liman \u00e7evresindeki alanlar ile yol kenarlar\u0131n\u0131n dolmas\u0131 \u00fczerine s\u00fcr\u00fcc\u00fcleri giri\u015fteki bo\u015f arazilere y\u00f6nlendirdi. \u0130l\u00e7edeki plajlar da tamamen dolarken, en g\u00f6zde plajlar\u0131n ba\u015f\u0131nda gelen \u00c7u\u011fra ve Kanava plajlar\u0131nda neredeyse \u015femsiye a\u00e7acak yer kalmad\u0131.<\/p>\n","protected":false},"excerpt":{"rendered":"<p>BALIKES\u0130R\u2019\u0130N TUR\u0130ST\u0130K \u0130L\u00c7ES\u0130 ERDEK RAMAZAN BAYRAMINDA Z\u0130YARET\u00c7\u0130 AKININA U\u011eRADI.<\/p>\n","protected":false},"author":1,"featured_media":166310,"comment_status":"closed","ping_status":"open","sticky":false,"template":"","format":"standard","meta":{"jetpack_post_was_ever_published":false,"_jetpack_newsletter_access":"","_jetpack_dont_email_post_to_subs":false,"_jetpack_newsletter_tier_id":0,"_jetpack_memberships_contains_paywalled_content":false,"_jetpack_memberships_contains_paid_content":false,"footnotes":"","jetpack_publicize_message":"","jetpack_publicize_feature_enabled":true,"jetpack_social_post_already_shared":true,"jetpack_social_options":{"image_generator_settings":{"template":"highway","default_image_id":0,"font":"","enabled":false},"version":2}},"categories":[1],"tags":[33880,8365,39671,6267],"class_list":["post-166309","post","type-post","status-publish","format-standard","has-post-thumbnail","hentry","category-genel","tag-bayramda","tag-akini","tag-erdeke","tag-ziyaretci"],"jetpack_publicize_connections":[],"jetpack_featured_media_url":"https:\/\/i0.wp.com\/www.tvturk.com\/wp-content\/uploads\/2019\/06\/erdeke-bayramda-ziyaretci-akini_e25daf6.jpg?fit=1000%2C750","jetpack_sharing_enabled":true,"jetpack_shortlink":"https:\/\/wp.me\/paKIfm-Hgp","_links":{"self":[{"href":"http:\/\/www.tvturk.com\/index.php\/wp-json\/wp\/v2\/posts\/166309","targetHints":{"allow":["GET"]}}],"collection":[{"href":"http:\/\/www.tvturk.com\/index.php\/wp-json\/wp\/v2\/posts"}],"about":[{"href":"http:\/\/www.tvturk.com\/index.php\/wp-json\/wp\/v2\/types\/post"}],"author":[{"embeddable":true,"href":"http:\/\/www.tvturk.com\/index.php\/wp-json\/wp\/v2\/users\/1"}],"replies":[{"embeddable":true,"href":"http:\/\/www.tvturk.com\/index.php\/wp-json\/wp\/v2\/comments?post=166309"}],"version-history":[{"count":0,"href":"http:\/\/www.tvturk.com\/index.php\/wp-json\/wp\/v2\/posts\/166309\/revisions"}],"wp:featuredmedia":[{"embeddable":true,"href":"http:\/\/www.tvturk.com\/index.php\/wp-json\/wp\/v2\/media\/166310"}],"wp:attachment":[{"href":"http:\/\/www.tvturk.com\/index.php\/wp-json\/wp\/v2\/media?parent=166309"}],"wp:term":[{"taxonomy":"category","embeddable":true,"href":"http:\/\/www.tvturk.com\/index.php\/wp-json\/wp\/v2\/categories?post=166309"},{"taxonomy":"post_tag","embeddable":true,"href":"http:\/\/www.tvturk.com\/index.php\/wp-json\/wp\/v2\/tags?post=166309"}],"curies":[{"name":"wp","href":"https:\/\/api.w.org\/{rel}","templated":true}]}}