{"id":166337,"date":"2019-06-06T16:14:35","date_gmt":"2019-06-06T13:14:35","guid":{"rendered":"http:\/\/www.tvturk.com\/index.php\/genclerbirliginde-kongre-karari\/"},"modified":"2019-06-06T16:14:35","modified_gmt":"2019-06-06T13:14:35","slug":"genclerbirliginde-kongre-karari","status":"publish","type":"post","link":"http:\/\/www.tvturk.com\/index.php\/genclerbirliginde-kongre-karari\/","title":{"rendered":"Gen\u00e7lerbirli\u011fi\u2019nde kongre karar\u0131"},"content":{"rendered":"<p>Spor Toto 1. Lig\u2019i ikinci s\u0131rada tamamlayarak S\u00fcper Lig\u2019e y\u00fckselen Gen\u00e7lerbirli\u011fi\u2019nde kongre karar\u0131 al\u0131nd\u0131.<\/p>\n<p>Ba\u015fkent temsilcisinin resmi internet sitesinde yap\u0131lan duyuruda, Gen\u00e7lerbirli\u011fi Spor Kul\u00fcb\u00fc Derne\u011fi\u2019nin Ola\u011fan Genel Kurul Toplant\u0131s\u0131, 9 Haziran Pazar g\u00fcn\u00fc saat 10.00\u2019da Be\u015ftepe \u0130lhan Cavcav Tesisleri\u2019nde yap\u0131laca\u011f\u0131 belirtili. \u00c7o\u011funluk sa\u011flanamad\u0131\u011f\u0131 taktirde ise 16 Haziran Pazar g\u00fcn\u00fc saat 10.00\u2019da Milli E\u011fitim Bakanl\u0131\u011f\u0131 \u015eura Salonu\u2019nda d\u00fczenlenece\u011fi ifade edildi.<\/p>\n<p>Dernekler Kanunu gere\u011fi genel kurula, \u00fcyelerin bizzat kat\u0131lmalar\u0131 istenirken vekaletname ile kat\u0131l\u0131m\u0131n m\u00fcmk\u00fcn olmayaca\u011f\u0131 ve bununla birlikte aidat borcu bulunan \u00fcyelerin de kat\u0131lamayacaklar\u0131 belirtildi.<\/p>\n","protected":false},"excerpt":{"rendered":"<p>SPOR TOTO 1. L\u0130G&#8217;\u0130 2. SIRADA TAMAMLAYARAK GELECEK SEZON S\u00dcPER L\u0130G&#8217;DE BOY G\u00d6STERECEK OLAN GEN\u00c7LERB\u0130RL\u0130\u011e\u0130&#8217;NDE KONGRE KARARI ALINDI.<\/p>\n","protected":false},"author":1,"featured_media":166338,"comment_status":"closed","ping_status":"open","sticky":false,"template":"","format":"standard","meta":{"jetpack_post_was_ever_published":false,"_jetpack_newsletter_access":"","_jetpack_dont_email_post_to_subs":false,"_jetpack_newsletter_tier_id":0,"_jetpack_memberships_contains_paywalled_content":false,"_jetpack_memberships_contains_paid_content":false,"footnotes":"","jetpack_publicize_message":"","jetpack_publicize_feature_enabled":true,"jetpack_social_post_already_shared":true,"jetpack_social_options":{"image_generator_settings":{"template":"highway","default_image_id":0,"font":"","enabled":false},"version":2}},"categories":[657],"tags":[21147,2832,6042],"class_list":["post-166337","post","type-post","status-publish","format-standard","has-post-thumbnail","hentry","category-spor","tag-genclerbirliginde","tag-karari","tag-kongre"],"jetpack_publicize_connections":[],"jetpack_featured_media_url":"https:\/\/i0.wp.com\/www.tvturk.com\/wp-content\/uploads\/2019\/06\/genclerbirliginde-kongre-karari_a0b7846.jpg?fit=1000%2C512","jetpack_sharing_enabled":true,"jetpack_shortlink":"https:\/\/wp.me\/paKIfm-HgR","_links":{"self":[{"href":"http:\/\/www.tvturk.com\/index.php\/wp-json\/wp\/v2\/posts\/166337","targetHints":{"allow":["GET"]}}],"collection":[{"href":"http:\/\/www.tvturk.com\/index.php\/wp-json\/wp\/v2\/posts"}],"about":[{"href":"http:\/\/www.tvturk.com\/index.php\/wp-json\/wp\/v2\/types\/post"}],"author":[{"embeddable":true,"href":"http:\/\/www.tvturk.com\/index.php\/wp-json\/wp\/v2\/users\/1"}],"replies":[{"embeddable":true,"href":"http:\/\/www.tvturk.com\/index.php\/wp-json\/wp\/v2\/comments?post=166337"}],"version-history":[{"count":0,"href":"http:\/\/www.tvturk.com\/index.php\/wp-json\/wp\/v2\/posts\/166337\/revisions"}],"wp:featuredmedia":[{"embeddable":true,"href":"http:\/\/www.tvturk.com\/index.php\/wp-json\/wp\/v2\/media\/166338"}],"wp:attachment":[{"href":"http:\/\/www.tvturk.com\/index.php\/wp-json\/wp\/v2\/media?parent=166337"}],"wp:term":[{"taxonomy":"category","embeddable":true,"href":"http:\/\/www.tvturk.com\/index.php\/wp-json\/wp\/v2\/categories?post=166337"},{"taxonomy":"post_tag","embeddable":true,"href":"http:\/\/www.tvturk.com\/index.php\/wp-json\/wp\/v2\/tags?post=166337"}],"curies":[{"name":"wp","href":"https:\/\/api.w.org\/{rel}","templated":true}]}}