{"id":166343,"date":"2019-06-06T16:38:09","date_gmt":"2019-06-06T13:38:09","guid":{"rendered":"http:\/\/www.tvturk.com\/index.php\/bayramda-sinira-askeri-sevkiyati\/"},"modified":"2019-06-06T16:38:09","modified_gmt":"2019-06-06T13:38:09","slug":"bayramda-sinira-askeri-sevkiyati","status":"publish","type":"post","link":"http:\/\/www.tvturk.com\/index.php\/bayramda-sinira-askeri-sevkiyati\/","title":{"rendered":"Bayramda s\u0131n\u0131ra askeri sevkiyat\u0131"},"content":{"rendered":"<p>T\u00fcrk Silahl\u0131 Kuvvetleri\u2019nin (TSK), Suriye s\u0131n\u0131r\u0131ndaki birliklere takviye ama\u00e7l\u0131 askeri ara\u00e7 ve m\u00fchimmat sevkiyat\u0131 s\u00fcr\u00fcyor.<\/p>\n<p>Hatay\u2019\u0131n K\u0131r\u0131khan il\u00e7esinden Suriye s\u0131n\u0131r\u0131na 30\u2019un \u00fczerinde Z\u0131rhl\u0131 Personel Ta\u015f\u0131y\u0131c\u0131 (ZPT) askeri ara\u00e7 geni\u015f g\u00fcvenlik \u00f6nlemleri e\u015fli\u011finde ta\u015f\u0131nd\u0131.<\/p>\n<p>Komandolar\u0131n da aralar\u0131nda bulundu\u011fu askeri personelin K\u0131r\u0131khan \u00fczerinden s\u0131n\u0131r birliklerine sevk edildi\u011fi \u00f6\u011frenildi.<\/p>\n","protected":false},"excerpt":{"rendered":"<p>T\u00dcRK S\u0130LAHLI KUVVETLER\u0130&#8217;N\u0130N (TSK), SUR\u0130YE SINIRINDAK\u0130 B\u0130RL\u0130KLERE TAKV\u0130YE AMA\u00c7LI ASKER\u0130 ARA\u00c7 VE M\u00dcH\u0130MMAT SEVK\u0130YATI S\u00dcR\u00dcYOR.<\/p>\n","protected":false},"author":1,"featured_media":166344,"comment_status":"closed","ping_status":"open","sticky":false,"template":"","format":"standard","meta":{"jetpack_post_was_ever_published":false,"_jetpack_newsletter_access":"","_jetpack_dont_email_post_to_subs":false,"_jetpack_newsletter_tier_id":0,"_jetpack_memberships_contains_paywalled_content":false,"_jetpack_memberships_contains_paid_content":false,"footnotes":"","jetpack_publicize_message":"","jetpack_publicize_feature_enabled":true,"jetpack_social_post_already_shared":true,"jetpack_social_options":{"image_generator_settings":{"template":"highway","default_image_id":0,"font":"","enabled":false},"version":2}},"categories":[1],"tags":[1170,33880,11428,12994],"class_list":["post-166343","post","type-post","status-publish","format-standard","has-post-thumbnail","hentry","category-genel","tag-askeri","tag-bayramda","tag-sevkiyati","tag-sinira"],"jetpack_publicize_connections":[],"jetpack_featured_media_url":"https:\/\/i0.wp.com\/www.tvturk.com\/wp-content\/uploads\/2019\/06\/bayramda-sinira-askeri-sevkiyati_eb15875.jpg?fit=1000%2C662","jetpack_sharing_enabled":true,"jetpack_shortlink":"https:\/\/wp.me\/paKIfm-HgX","_links":{"self":[{"href":"http:\/\/www.tvturk.com\/index.php\/wp-json\/wp\/v2\/posts\/166343","targetHints":{"allow":["GET"]}}],"collection":[{"href":"http:\/\/www.tvturk.com\/index.php\/wp-json\/wp\/v2\/posts"}],"about":[{"href":"http:\/\/www.tvturk.com\/index.php\/wp-json\/wp\/v2\/types\/post"}],"author":[{"embeddable":true,"href":"http:\/\/www.tvturk.com\/index.php\/wp-json\/wp\/v2\/users\/1"}],"replies":[{"embeddable":true,"href":"http:\/\/www.tvturk.com\/index.php\/wp-json\/wp\/v2\/comments?post=166343"}],"version-history":[{"count":0,"href":"http:\/\/www.tvturk.com\/index.php\/wp-json\/wp\/v2\/posts\/166343\/revisions"}],"wp:featuredmedia":[{"embeddable":true,"href":"http:\/\/www.tvturk.com\/index.php\/wp-json\/wp\/v2\/media\/166344"}],"wp:attachment":[{"href":"http:\/\/www.tvturk.com\/index.php\/wp-json\/wp\/v2\/media?parent=166343"}],"wp:term":[{"taxonomy":"category","embeddable":true,"href":"http:\/\/www.tvturk.com\/index.php\/wp-json\/wp\/v2\/categories?post=166343"},{"taxonomy":"post_tag","embeddable":true,"href":"http:\/\/www.tvturk.com\/index.php\/wp-json\/wp\/v2\/tags?post=166343"}],"curies":[{"name":"wp","href":"https:\/\/api.w.org\/{rel}","templated":true}]}}