{"id":166345,"date":"2019-06-06T16:38:32","date_gmt":"2019-06-06T13:38:32","guid":{"rendered":"http:\/\/www.tvturk.com\/index.php\/trabzonspor-unal-karaman-ile-2-yillik-sozlesme-imzaladi\/"},"modified":"2019-06-06T16:38:32","modified_gmt":"2019-06-06T13:38:32","slug":"trabzonspor-unal-karaman-ile-2-yillik-sozlesme-imzaladi","status":"publish","type":"post","link":"http:\/\/www.tvturk.com\/index.php\/trabzonspor-unal-karaman-ile-2-yillik-sozlesme-imzaladi\/","title":{"rendered":"Trabzonspor \u00dcnal Karaman ile 2 y\u0131ll\u0131k s\u00f6zle\u015fme imzalad\u0131"},"content":{"rendered":"<p>Trabzonspor, Teknik Direkt\u00f6r\u00fc \u00dcnal Karaman ile iki y\u0131ll\u0131k s\u00f6zle\u015fme imzalad\u0131.<\/p>\n<p>Mehmet Ali Y\u0131lmaz Tesislerinde d\u00fczenlenen imza t\u00f6renine kul\u00fcp ba\u015fkan\u0131 Ahmet A\u011fao\u011flu\u2019da haz\u0131r bulundu.<\/p>\n<p>\u0130mza t\u00f6reninin ard\u0131ndan a\u00e7\u0131klamalarda bulunan ba\u015fkan Ahmet A\u011fao\u011flu, ge\u00e7ti\u011fimiz sezon teknik direkt\u00f6r Karaman\u2019la konu\u015ftuklar\u0131 zaman uzun bir s\u00fcre\u00e7ten ge\u00e7ilece\u011fini ifade ettiklerini belirterek, &#8220;Bir yeniden yap\u0131lanmada altyap\u0131ya \u00f6nem veren oradan yeti\u015ftirdi\u011fi futbolcular\u0131 Trabzonspor ilke ve \u00fclk\u00fclerini benimsemi\u015f ayn\u0131 aidiyet duygusuyla hizmet edecek olan bir kadroyla kurgusuyla ileriye ta\u015f\u0131mak i\u00e7in hep birlikte \u00e7al\u0131\u015fmaya ba\u015flam\u0131\u015ft\u0131k&#8221; dedi.<\/p>\n<p>&#8220;Hocam\u0131za teknik direkt\u00f6rl\u00fck \u00f6tesinde y\u00fckler y\u00fckledik&#8221;<\/p>\n<p>Ya\u015fanan s\u00fcre\u00e7te Karaman\u2019a teknik direkt\u00f6rl\u00fc\u011f\u00fcn \u00fcst\u00fcnde ve \u00f6tesinde y\u00fck ve sorumluluk y\u00fcklendi\u011finin de fark\u0131nda olduklar\u0131n\u0131n alt\u0131n\u0131 \u00e7izen Ba\u015fkan Ahmet A\u011fao\u011flu, zor ve s\u0131k\u0131nt\u0131l\u0131 s\u00fcre\u00e7leri camia olarak atlatmaya \u00e7al\u0131\u015ft\u0131klar\u0131n\u0131 belirterek, &#8220;Herkesin fedakarl\u0131k yapmas\u0131 gerekiyordu. Bu anlamda hocam\u0131za \u00e7ok te\u015fekk\u00fcr ediyorum. Tamam ba\u015fkanl\u0131k da Trabzonspor\u2019da biraz s\u0131k\u0131nt\u0131l\u0131d\u0131r, zordur ama en zor olan\u0131 T\u00fcrkiye\u2019de teknik direkt\u00f6rl\u00fckt\u00fcr, hele Trabzonspor\u2019da bu \u00e7ok daha zor ve \u00e7ok daha farkl\u0131d\u0131r. Allah\u2019a \u015f\u00fck\u00fcr belirli bir noktaya kadar getirdik. Hem teknik heyetimiz hem oyuncular\u0131m\u0131z \u00e7ok b\u00fcy\u00fck \u00f6zveri g\u00f6sterdiler. Bundan sonras\u0131 i\u00e7in biraz daha \u00f6n\u00fcm\u00fcz temiz, \u00f6n\u00fcm\u00fcz\u00fc biraz daha s\u00fcp\u00fcrerek biraz daha umut ve biraz daha farkl\u0131 bakarak in\u015fallah kafam\u0131zdaki d\u00fc\u015f\u00fcncelerimizin hem kul\u00fcb\u00fcn idari yap\u0131s\u0131na hem de sahaya yans\u0131tabilecek bir pozisyonda olabilece\u011fimizi d\u00fc\u015f\u00fcn\u00fcyorum. Hocam\u0131zla biraz uzun s\u00fcrd\u00fc. Yakla\u015f\u0131k olarak 2 ayd\u0131r s\u00fcrekli olarak profesyonelle kadro yap\u0131lanmas\u0131n\u0131, altyap\u0131n\u0131n yap\u0131lanmas\u0131n\u0131 nas\u0131l \u015fekillenece\u011fi, nas\u0131l daha efektif olarak \u00e7al\u0131\u015ft\u0131raca\u011f\u0131m\u0131z\u0131 \u00e7ok uzun zaman hatta Ramazan ay\u0131nda da sabah 6\u2019lara kadar birlikte m\u00fcnazara ettik. B\u00fct\u00fcn arzumuz camian\u0131n gurur duyaca\u011f\u0131 be\u011feni ile izleyece\u011fi bir profesyonel kadro olu\u015fturmak. Ve bunun devaml\u0131l\u0131\u011f\u0131n\u0131, s\u00fcrd\u00fcr\u00fclebilirli\u011fini sa\u011flamak. Allah in\u015fallah mahcup etmez. Hocam\u0131z y\u00f6netim olarak her \u015feyiyle g\u00fcvendi\u011fimiz, inand\u0131\u011f\u0131m\u0131z, sa\u011flam karakterli ve y\u00f6netimin i\u015fini kolayla\u015ft\u0131ran bizimle birlikte ayn\u0131 d\u00fc\u015f\u00fcnce yap\u0131s\u0131na sahip olan ve ayn\u0131 \u00f6zveriyle hizmet eden bir insan. Trabzonspor\u2019un bu t\u00fcr \u015fanslar\u0131 da var. Trabzonspor\u2019a g\u00f6n\u00fcl vermi\u015f insanlar\u0131n farkl\u0131 duygular\u0131 bir tarafa b\u0131rak\u0131p Trabzonspor\u2019un zor d\u00f6nemlerinde hizmet etmek ve Trabzonspor\u2019un s\u0131k\u0131nt\u0131l\u0131 s\u00fcre\u00e7ten \u00e7\u0131kmas\u0131 i\u00e7in elinden gelen gayreti sarf eden insanlar var camian\u0131n i\u00e7inde. Zaten bu kadar a\u011f\u0131r s\u0131k\u0131nt\u0131lar ya\u015fayan bir kul\u00fcb\u00fcn ayakta kalmas\u0131 m\u00fcmk\u00fcn olmazd\u0131. Hocam\u0131z da kul\u00fcb\u00fcn bu neferlerinden birisi. Bizimle beraber tekrar 2 y\u0131ll\u0131k birlikteli\u011fi imzalad\u0131\u011f\u0131 i\u00e7in Hocam\u0131z \u00e7ok te\u015fekk\u00fcr ediyorum&#8221; a\u00e7\u0131klamas\u0131n\u0131 yapt\u0131.<\/p>\n<p>&#8220;Hocam\u0131z\u0131n yan\u0131nday\u0131z&#8221;<\/p>\n<p>Ba\u015fkan A\u011fao\u011flu, deneyimli teknik direkt\u00f6r\u00fcn her zaman destek olacaklar\u0131n\u0131 aktararak, &#8220;Kendisine y\u00f6netim ad\u0131na \u015fu s\u00f6z\u00fc veriyorum, her \u015feyiyle arkas\u0131nday\u0131z, yan\u0131nday\u0131z, sa\u011f\u0131nday\u0131z, solunday\u0131z. Ama her \u015feyden \u00f6nemlisi birlikte ve yan yanay\u0131z. Bu hocam\u0131z\u0131n arkas\u0131nday\u0131z laf\u0131, T\u00fcrk futbol aleminde zaman zaman farkl\u0131 yorumlan\u0131r ama \u015f\u00f6yle s\u00f6yleyeyim; hocam\u0131zla birlikte slogan\u0131m\u0131z yan yanay\u0131z. Kendisine \u00e7ok te\u015fekk\u00fcr ediyorum. Allah yard\u0131mc\u0131s\u0131 olsun, Allah hepimizin yard\u0131mc\u0131s\u0131 olsun&#8221; diye konu\u015ftu.<\/p>\n<p>&#8220;G\u00f6r\u00fc\u015ft\u00fc\u011f\u00fcm\u00fcz oyuncular var&#8221;<\/p>\n<p>Trabzonspor Ba\u015fkan\u0131 Ahmet A\u011fao\u011flu, transferde 3 milyon Euro\u2019nun \u00fczerinde bir bonservis bedeli \u00f6demelerinin s\u00f6z konusu olmayaca\u011f\u0131n\u0131 belirterek, &#8220;G\u00f6r\u00fc\u015ft\u00fc\u011f\u00fcm\u00fcz oyuncular var, y\u00fczde 80-90 anla\u015fma noktas\u0131na yakla\u015ft\u0131\u011f\u0131m\u0131z, oyuncular var. G\u00f6r\u00fc\u015fmelerimizin devam etti\u011fi oyuncular var. Politikam\u0131z ise, mevcut y\u00f6netimin ba\u015fl\u0131 ba\u015f\u0131na alm\u0131\u015f oldu\u011fu bir karar de\u011fil. UEFA\u2019n\u0131n FFP anla\u015fmalar\u0131na da sad\u0131k kalmam\u0131z do\u011frultusunda. Bizim bu sene 2-3 maksimum 3 milyon Euro\u2019nun \u00fczerinde bonservis bedeli \u00f6deme \u015fans\u0131m\u0131z yok, \u00f6yle bir \u015fey yapt\u0131\u011f\u0131m\u0131z anda kul\u00fcb\u00fcn gelece\u011fine kul\u00fcp ba\u015fkan\u0131 olarak ihanet etmi\u015f olurum. Bu a\u00e7\u0131k ve nettir. Kul\u00fcb\u00fcn gelece\u011fini karartm\u0131\u015f olurum. Sadece bor\u00e7lanma a\u00e7\u0131s\u0131ndan de\u011fil. Tak\u0131m\u0131m\u0131z\u0131n TFF\u2019nin lisans y\u00f6netmeli\u011fi ve UEFA\u2019n\u0131n y\u00f6netmeli\u011finin d\u0131\u015f\u0131na \u00e7\u0131karak ihanet etmi\u015f olurum&#8221; de\u011ferlendirmesini yapt\u0131.<\/p>\n<p>Ba\u015fkan A\u011fao\u011flu, izleme ekibi ve teknik heyetin transferle ilgili \u00e7al\u0131\u015fmalar\u0131n\u0131 s\u00fcrd\u00fcrd\u00fc\u011f\u00fcn\u00fc belirterek, &#8220;Paran\u0131z yoksa niye geldiniz deniyor, ba\u015fkan dedi\u011fin transfer yapar\u2019 deniyor. Yap\u0131lan transferde kul\u00fcp \u015fampiyon olmu\u015f kadar sevinen bir kitle olu\u015fturduk maalesef. Bonservisi olmayan m\u00fcmk\u00fcnse veya bonservis bedeli olarak maksimum 6 transfer ya da 7 transfer gen\u00e7leri de buna dahil ederek harcanacak para 3 ama ben da 2 ile s\u0131n\u0131rlamak niyetindeyim. B\u00f6yle bir transfer politikas\u0131 izleyece\u011fiz. \u0130simler \u00fczerine son derece hassas \u00e7al\u0131\u015f\u0131yoruz. \u0130zleme ekibimiz, teknik heyet. Hocam\u0131z hi\u00e7bir zaman i\u00e7in bir g\u00fcnden bug\u00fcne tek isim empoze etmi\u015fli\u011fi yoktur. Biz de mali kriterler \u00f6l\u00e7\u00fcs\u00fcnde en iyisini yapmaya \u00e7al\u0131\u015f\u0131yoruz&#8221; ifadelerini kulland\u0131.<\/p>\n<p>&#8220;Kald\u0131\u011f\u0131m\u0131z yerden devam etmek istiyoruz&#8221;<\/p>\n<p>Ellerindeki kadroyu muhafaza etmek istediklerini dile getiren A\u011fao\u011flu, gelecek y\u0131l ile ilgili de \u015fu ifadelere yer verdi:<\/p>\n<p>&#8220;Kadroya takviye yapmak ve m\u00fccadelemize kald\u0131\u011f\u0131m\u0131z yerden devam etmek istiyoruz. Beklentinin y\u00fcksek oldu\u011funu biliyoruz ama ger\u00e7eklerden de uzakla\u015fmamam\u0131z laz\u0131m. Siz zirve i\u00e7in m\u00fccadele ederken en az 4-5 tak\u0131m daha zirve i\u00e7in m\u00fccadele edebiliyor. Camian\u0131n \u00f6n\u00fcne ger\u00e7ekler konuldu\u011fu zaman, iyi niyet ve \u00f6zveriyle hareket edildi\u011fi zaman iyi \u015feyler oluyor. Ger\u00e7eklerle yola \u00e7\u0131kmak ve o \u015fekilde devam etmek zorunday\u0131z. Sadece temel at\u0131ld\u0131. 5 katl\u0131 binan\u0131n sadece temeli at\u0131ld\u0131 bu sene. Bu temelin \u00fczerine 5. kat\u0131 koyamay\u0131z. E\u011fer \u00e7ok mahir ustalarla ta\u015feronlarla \u00e7al\u0131\u015f\u0131rsak belki 2. kat\u0131n\u0131 tamamlayabiliriz. Onun i\u00e7in sab\u0131r ve destek. Ba\u015fka bir beklentimiz yok. Bu sab\u0131r beklentisi i\u00e7inde Trabzonspor hi\u00e7bir zaman zirve yar\u0131\u015f\u0131ndan kopmayacak. Kadromuzu muhafaza edece\u011fiz. Bu sene biz bu kadrodan oyuncu verme d\u00fc\u015f\u00fcncesinde de\u011filiz. Rakamlar konu\u015fulmu\u015f, Lille\u2019den teklif geldi do\u011frudur. Bana g\u00f6re de Lille kul\u00fcb\u00fcn\u00fcn verebilece\u011fi maksimum paraya yak\u0131n bir para teklif edilmi\u015ftir. Ama zaten \u00f6yle bir paraya bu kalibredeki oyuncular\u0131 g\u00f6nderme \u015fans\u0131m\u0131z yok. Bu bir, ikincisi oyuncular\u0131m\u0131za \u00f6n\u00fcm\u00fczdeki sezon i\u00e7erisinde bu kadroda ihtiyac\u0131m\u0131z var. Param\u0131z var m\u0131, yok. Ama inanc\u0131m\u0131z var. Hedeflerimiz var. Dolay\u0131s\u0131yla o hedefler do\u011frultusunda taviz vermek d\u00fc\u015f\u00fcncesinde de\u011filiz.&#8221;<\/p>\n<p>\u00dcnal Karaman: &#8220;Zorluklar imkanlar\u0131 do\u011furdu&#8221;<\/p>\n<p>Teknik Direkt\u00f6r \u00dcnal Karaman bir sezon boyunca oyuncular\u0131yla sevinci, h\u00fczn\u00fc payla\u015ft\u0131klar\u0131n\u0131 belirterek bulunduklar\u0131 yerin \u00f6nemli bir derslik olarak ge\u00e7ti\u011fini s\u00f6yledi. Trabzon\u2019un farkl\u0131 bir \u015fehir oldu\u011funa de\u011finen Karaman, &#8220;E\u011fer dokusunu bozma ad\u0131na \u0131srarc\u0131 olmazsak, bu \u015fehir her \u015feyiyle farkl\u0131 bir \u015fehir&#8221; dedi.<\/p>\n<p>Karaman ba\u015fta y\u00f6netim kurulu olmak \u00fczere kendilerine destek veren herkese de te\u015fekk\u00fcr ederek, &#8220;Onlar olmazsa biz olmay\u0131z. Bizim hem profesyonel manadaki ya\u015fay\u0131\u015f\u0131m\u0131z\u0131 hem de hayat standartlar\u0131m\u0131z\u0131 kolayla\u015ft\u0131rmak i\u00e7in camiaya iyi hizmet verebilme noktas\u0131nda hep \u00f6n\u00fcm\u00fcz\u00fc a\u00e7t\u0131lar, \u00f6n\u00fcm\u00fcz\u00fc s\u00fcp\u00fcrd\u00fcler, \u00f6n\u00fcm\u00fczde pislik b\u0131rakmamaya gayret g\u00f6sterdiler. Bu anlamda ba\u015fkan\u0131ma, y\u00f6netim kurulu arkada\u015flar\u0131ma ve b\u00fct\u00fcn emek\u00e7ilerimize te\u015fekk\u00fcr ediyorum&#8221; diye konu\u015ftu.<\/p>\n<p>&#8220;Zorluklar imkanlar\u0131 do\u011furdu\u201d<\/p>\n<p>Trabzonspor\u2019a hizmet etmekten b\u00fcy\u00fck mutluluk duydu\u011funu s\u00f6yleyen Karaman, zaman zaman ya\u015fanan zorluklar\u0131n bazen imkan ve f\u0131rsatlar\u0131 da beraberinde getirdi\u011fini dile getirdi. Sorumluluklar\u0131n\u0131 da bildiklerini s\u00f6yleyen Karaman, \u015f\u00f6yle konu\u015ftu:<\/p>\n<p>&#8220;Hi\u00e7bir zaman kaz t\u00fcy\u00fc yataklarda, m\u00fckemmel ortamlarda m\u00fckemmel maddi ortamlar sunulmad\u0131 bize. Ge\u00e7mi\u015fte ya\u015fad\u0131klar\u0131m\u0131z ve bug\u00fcne bakt\u0131\u011f\u0131mda sporculuk duru\u015fundan asla taviz vermeyen, her g\u00fcn \u00f6\u011frenmeye gayret eden bir \u00f6\u011frenci grubum vard\u0131. \u00d6\u011frenmeye de devam edecekler, t\u0131pk\u0131 bizler gibi. Biz de bu oyuncu grubu oldu\u011fu s\u00fcrece saha i\u00e7erisinde de m\u00fccadele eden taraftar grubu oldu\u011fu m\u00fcddet\u00e7e \u015fehrimizi en iyi \u015fekilde temsil etmeye \u00e7al\u0131\u015faca\u011f\u0131z. Her oyuncu bizim i\u00e7in \u00e7ok de\u011ferli. Bunun i\u00e7erisinde bizim \u00fcz\u00fclerek g\u00f6nderdi\u011fimiz oyuncular da dahil b\u00fct\u00fcn \u00e7abam\u0131z onlar\u0131 kazanma ad\u0131na olur.&#8221;<\/p>\n<p>&#8220;Ben oyuncu istemem kriter belirlerim&#8221;<\/p>\n<p>Teknik Direkt\u00f6r \u00dcnal Karaman, y\u00f6netimden transfer anlam\u0131nda oyuncu istemedi\u011fini sadece kriterleri belirleyerek iletti\u011finin alt\u0131n\u0131 da \u00e7izerek, &#8220;Ben bir tane oyuncu istemedim. Ben kriter belirlerim. Bir, aile s\u0131cakl\u0131\u011f\u0131n\u0131 sa\u011flayacak oyuncu, iki b\u00f6lgesel pozisyonda bizim ihtiyac\u0131m\u0131z olan tak\u0131m kimyas\u0131na destek verebilecek oyuncu. Burada bizim profesyonellerimiz var onlar takip ediyorlar. Ba\u015fkan\u0131m\u0131z, y\u00f6netim kurulu \u00fcyelerimiz, bu konuyla ilgili insanlar var, bunlar\u0131n de\u011ferlendirmesiyle beraber biz transfer politikas\u0131n\u0131 olu\u015fturaca\u011f\u0131z.  Onlar\u0131n de\u011ferlendirmesiyle transfer politikas\u0131n\u0131 belirleyece\u011fiz&#8221; ifadelerini kulland\u0131.<\/p>\n","protected":false},"excerpt":{"rendered":"<p>TRABZONSPOR TEKN\u0130K D\u0130REKT\u00d6R\u00dc \u00dcNAL KARAMAN \u0130LE \u0130K\u0130 YILLIK S\u00d6ZLE\u015eME \u0130MZALADI.<\/p>\n","protected":false},"author":1,"featured_media":166346,"comment_status":"closed","ping_status":"open","sticky":false,"template":"","format":"standard","meta":{"jetpack_post_was_ever_published":false,"_jetpack_newsletter_access":"","_jetpack_dont_email_post_to_subs":false,"_jetpack_newsletter_tier_id":0,"_jetpack_memberships_contains_paywalled_content":false,"_jetpack_memberships_contains_paid_content":false,"footnotes":"","jetpack_publicize_message":"","jetpack_publicize_feature_enabled":true,"jetpack_social_post_already_shared":true,"jetpack_social_options":{"image_generator_settings":{"template":"highway","default_image_id":0,"font":"","enabled":false},"version":2}},"categories":[657],"tags":[192,2317,3774,4475,916,5877,710],"class_list":["post-166345","post","type-post","status-publish","format-standard","has-post-thumbnail","hentry","category-spor","tag-ile","tag-imzaladi","tag-karaman","tag-sozlesme","tag-trabzonspor","tag-unal","tag-yillik"],"jetpack_publicize_connections":[],"jetpack_featured_media_url":"https:\/\/i0.wp.com\/www.tvturk.com\/wp-content\/uploads\/2019\/06\/trabzonspor-unal-karaman-ile-2-yillik-sozlesme-imzaladi_e31dac8.jpg?fit=1000%2C666","jetpack_sharing_enabled":true,"jetpack_shortlink":"https:\/\/wp.me\/paKIfm-HgZ","_links":{"self":[{"href":"http:\/\/www.tvturk.com\/index.php\/wp-json\/wp\/v2\/posts\/166345","targetHints":{"allow":["GET"]}}],"collection":[{"href":"http:\/\/www.tvturk.com\/index.php\/wp-json\/wp\/v2\/posts"}],"about":[{"href":"http:\/\/www.tvturk.com\/index.php\/wp-json\/wp\/v2\/types\/post"}],"author":[{"embeddable":true,"href":"http:\/\/www.tvturk.com\/index.php\/wp-json\/wp\/v2\/users\/1"}],"replies":[{"embeddable":true,"href":"http:\/\/www.tvturk.com\/index.php\/wp-json\/wp\/v2\/comments?post=166345"}],"version-history":[{"count":0,"href":"http:\/\/www.tvturk.com\/index.php\/wp-json\/wp\/v2\/posts\/166345\/revisions"}],"wp:featuredmedia":[{"embeddable":true,"href":"http:\/\/www.tvturk.com\/index.php\/wp-json\/wp\/v2\/media\/166346"}],"wp:attachment":[{"href":"http:\/\/www.tvturk.com\/index.php\/wp-json\/wp\/v2\/media?parent=166345"}],"wp:term":[{"taxonomy":"category","embeddable":true,"href":"http:\/\/www.tvturk.com\/index.php\/wp-json\/wp\/v2\/categories?post=166345"},{"taxonomy":"post_tag","embeddable":true,"href":"http:\/\/www.tvturk.com\/index.php\/wp-json\/wp\/v2\/tags?post=166345"}],"curies":[{"name":"wp","href":"https:\/\/api.w.org\/{rel}","templated":true}]}}