{"id":166361,"date":"2019-06-06T17:51:25","date_gmt":"2019-06-06T14:51:25","guid":{"rendered":"http:\/\/www.tvturk.com\/index.php\/bayramin-son-gununde-denize-akin-ettiler\/"},"modified":"2019-06-06T17:51:25","modified_gmt":"2019-06-06T14:51:25","slug":"bayramin-son-gununde-denize-akin-ettiler","status":"publish","type":"post","link":"http:\/\/www.tvturk.com\/index.php\/bayramin-son-gununde-denize-akin-ettiler\/","title":{"rendered":"Bayram\u0131n son g\u00fcn\u00fcnde denize ak\u0131n ettiler"},"content":{"rendered":"<p>Zonguldak\u2019ta Ramazan Bayram\u0131\u2019n\u0131n 3. g\u00fcn\u00fcnde vatanda\u015flar sahillere ak\u0131n ederek g\u00fcne\u015fin ve denizin tad\u0131n\u0131 \u00e7\u0131kartt\u0131.<\/p>\n<p>Kentte 26 derece olarak \u00f6l\u00e7\u00fclen, ancak y\u00fczde 75\u2019e ula\u015fan nemle birlikte daha yo\u011fun hissedilen s\u0131cakl\u0131k nedeniyle vatanda\u015flar bayram tatilini f\u0131rsat bilerek sahilleri doldurdu. Kapuz Plaj\u0131\u2019ndaki yo\u011funluk Akdeniz sahillerini aratmad\u0131. 200 metre uzunlu\u011fundaki plaja g\u00fcn i\u00e7inde yakla\u015f\u0131k 2 bin ki\u015fi geldi. Baz\u0131 vatanda\u015flar kumlara uzan\u0131p g\u00fcne\u015flenirken, kimi de denize girerek serinledi.<\/p>\n<p>Bayram tatilinin tad\u0131n\u0131 \u00e7\u0131kartan vatanda\u015flar \u201cBayram\u0131n son g\u00fcn\u00fcn denize girerek ge\u00e7iriyoruz. Deniz s\u0131cak de\u011fil. Bayram tatilini denizde ge\u00e7iriyoruz. G\u00fczel ve keyifli bir tatil oluyor. Zonguldak\u2019\u0131n en temiz denizlerinden bir tanesi suyun s\u0131cakl\u0131\u011f\u0131 biraz so\u011fuk ilerleyen g\u00fcnlerde \u0131s\u0131n\u0131r\u201d \u015feklinde konu\u015ftu.<\/p>\n","protected":false},"excerpt":{"rendered":"<p>ZONGULDAK\u2019TA RAMAZAN BAYRAMININ 3\u2019\u00dcNC\u00dc G\u00dcN\u00dcNDE VATANDA\u015eLAR SAH\u0130LLERE AKIN EDEREK G\u00dcNE\u015e\u0130N VE DEN\u0130Z\u0130N TADINI \u00c7IKARTTI.<\/p>\n","protected":false},"author":1,"featured_media":166362,"comment_status":"closed","ping_status":"open","sticky":false,"template":"","format":"standard","meta":{"jetpack_post_was_ever_published":false,"_jetpack_newsletter_access":"","_jetpack_dont_email_post_to_subs":false,"_jetpack_newsletter_tier_id":0,"_jetpack_memberships_contains_paywalled_content":false,"_jetpack_memberships_contains_paid_content":false,"footnotes":"","jetpack_publicize_message":"","jetpack_publicize_feature_enabled":true,"jetpack_social_post_already_shared":true,"jetpack_social_options":{"image_generator_settings":{"template":"highway","default_image_id":0,"font":"","enabled":false},"version":2}},"categories":[1],"tags":[328,39506,969,2739,2246,1240],"class_list":["post-166361","post","type-post","status-publish","format-standard","has-post-thumbnail","hentry","category-genel","tag-akin","tag-bayramin","tag-denize","tag-ettiler","tag-gununde","tag-son"],"jetpack_publicize_connections":[],"jetpack_featured_media_url":"https:\/\/i0.wp.com\/www.tvturk.com\/wp-content\/uploads\/2019\/06\/bayramin-son-gununde-denize-akin-ettiler_a540cbc.jpg?fit=1000%2C664","jetpack_sharing_enabled":true,"jetpack_shortlink":"https:\/\/wp.me\/paKIfm-Hhf","_links":{"self":[{"href":"http:\/\/www.tvturk.com\/index.php\/wp-json\/wp\/v2\/posts\/166361","targetHints":{"allow":["GET"]}}],"collection":[{"href":"http:\/\/www.tvturk.com\/index.php\/wp-json\/wp\/v2\/posts"}],"about":[{"href":"http:\/\/www.tvturk.com\/index.php\/wp-json\/wp\/v2\/types\/post"}],"author":[{"embeddable":true,"href":"http:\/\/www.tvturk.com\/index.php\/wp-json\/wp\/v2\/users\/1"}],"replies":[{"embeddable":true,"href":"http:\/\/www.tvturk.com\/index.php\/wp-json\/wp\/v2\/comments?post=166361"}],"version-history":[{"count":0,"href":"http:\/\/www.tvturk.com\/index.php\/wp-json\/wp\/v2\/posts\/166361\/revisions"}],"wp:featuredmedia":[{"embeddable":true,"href":"http:\/\/www.tvturk.com\/index.php\/wp-json\/wp\/v2\/media\/166362"}],"wp:attachment":[{"href":"http:\/\/www.tvturk.com\/index.php\/wp-json\/wp\/v2\/media?parent=166361"}],"wp:term":[{"taxonomy":"category","embeddable":true,"href":"http:\/\/www.tvturk.com\/index.php\/wp-json\/wp\/v2\/categories?post=166361"},{"taxonomy":"post_tag","embeddable":true,"href":"http:\/\/www.tvturk.com\/index.php\/wp-json\/wp\/v2\/tags?post=166361"}],"curies":[{"name":"wp","href":"https:\/\/api.w.org\/{rel}","templated":true}]}}