{"id":166363,"date":"2019-06-06T18:01:59","date_gmt":"2019-06-06T15:01:59","guid":{"rendered":"http:\/\/www.tvturk.com\/index.php\/trabzonsporda-bayramlasma-toreni-duzenlendi\/"},"modified":"2019-06-06T18:01:59","modified_gmt":"2019-06-06T15:01:59","slug":"trabzonsporda-bayramlasma-toreni-duzenlendi","status":"publish","type":"post","link":"http:\/\/www.tvturk.com\/index.php\/trabzonsporda-bayramlasma-toreni-duzenlendi\/","title":{"rendered":"Trabzonspor\u2019da bayramla\u015fma t\u00f6reni d\u00fczenlendi"},"content":{"rendered":"<p>Trabzonspor\u2019da Ramazan Bayram\u0131 dolay\u0131s\u0131yla bayramla\u015fma t\u00f6reni d\u00fczenlendi. T\u00f6rene kat\u0131lan isimler aras\u0131nda yer alan Hazine ve Maliye Bakan\u0131 Berat Albayrak, bordo-mavililerin ba\u015fkan\u0131 Ahmet A\u011fao\u011flu ve Teknik Direkt\u00f6r \u00dcnal Karaman\u2019a, \u201c\u0130mzalar\u0131 halletmi\u015fsiniz. D\u00fc\u015fmanlar\u0131 \u00e7atlatt\u0131n\u0131z\u201d dedi.<\/p>\n<p>Ramazan Bayram\u0131 dolay\u0131s\u0131yla Trabzonspor\u2019da bayramla\u015fma t\u00f6reni d\u00fczenlendi. Mehmet Ali Y\u0131lmaz Tesisleri\u2019nde ger\u00e7ekle\u015fen bayramla\u015fma t\u00f6renine Hazine ve Maliye Bakan\u0131 Berat Albayrak, Ula\u015ft\u0131rma ve Altyap\u0131 Bakan\u0131 Mehmet Cahit Turhan, Trabzon Valisi \u0130smail Ustao\u011flu, Trabzon B\u00fcy\u00fck\u015fehir Belediye Ba\u015fkan\u0131 Murat Zorluo\u011flu, Ortahisar Belediye Ba\u015fkan\u0131 Ahmet Metin Gen\u00e7, Trabzon Emniyet M\u00fcd\u00fcr\u00fc Orhan \u00c7evik, Trabzonspor Ba\u015fkan\u0131 Ahmet A\u011fao\u011flu, Trabzonspor Teknik Direkt\u00f6r\u00fc \u00dcnal Karaman, y\u00f6netim kurulu \u00fcyeleri ve taraftarlar kat\u0131ld\u0131. Bordo-mavili taraftarlar\u0131n yo\u011fun ilgi g\u00f6sterdi\u011fi t\u00f6rene kat\u0131lan Bakan Albayrak, Ba\u015fkan A\u011fao\u011flu ve Teknik Direkt\u00f6r \u00dcnal Karaman ile bayramla\u015ft\u0131ktan sonra, \u201c\u0130mzalar\u0131 halletmi\u015fsiniz. D\u00fc\u015fmanlar\u0131 \u00e7atlatt\u0131n\u0131z\u201d dedi. Daha sonra Trabzonspor Futbol Koordinasyon Merkezi\u2019nde bir s\u00fcre A\u011fao\u011flu ve Karaman ile g\u00f6r\u00fc\u015fen Berat Albayrak ile Cahit Turhan, Trabzonspor taraftarlar\u0131yla da bayramla\u015fmay\u0131 ihmal etmedi.<\/p>\n<p>Bayramla\u015fma t\u00f6reninde bir konu\u015fma yapan Trabzonspor Ba\u015fkan\u0131 Ahmet A\u011fao\u011flu, \u201cBir bayram g\u00fcn\u00fc daha hep birlikte buraday\u0131z. Ge\u00e7en sene sizlerden ald\u0131\u011f\u0131m\u0131z destekle hepinizin malumu ortada. \u00d6n\u00fcm\u00fczde \u00e7ok zor bir s\u00fcre\u00e7 var. Bu s\u00fcre\u00e7te sizlerin deste\u011fiyle, sizlerin bize vermi\u015f oldu\u011fu g\u00fc\u00e7le omuz omuza ve yan yana \u00e7ok daha kolay tutunabilece\u011fimizi d\u00fc\u015f\u00fcn\u00fcyoruz. \u0130\u00e7imizde bunlar\u0131 ta\u015f\u0131yoruz\u201d dedi.<\/p>\n<p>Ula\u015ft\u0131rma ve Altyap\u0131 Bakan\u0131 Mehmet Cahit Turhan ise yapt\u0131\u011f\u0131 konu\u015fmada, Trabzonspor\u2019un \u00fclkenin medar\u0131 iftihar\u0131 oldu\u011funu dile getirerek, \u201cSadece Trabzon\u2019un tak\u0131m\u0131 de\u011fil. \u00dclkenin her k\u00f6\u015fesinde, d\u00fcnyan\u0131n her yerinde taraftar\u0131 olan b\u00fcy\u00fck bir kul\u00fcpt\u00fcr. \u0130n\u015fallah bu kul\u00fcp bu taraftara en yak\u0131n zamanda bir \u015fampiyonluk ikram edecektir. T\u00fcm tak\u0131mda g\u00f6rev alan teknik kadroya, teknik ekibe ve idare kadroya ba\u015far\u0131lar diliyorum\u201d diye konu\u015ftu.<\/p>\n<p>Hazine ve Maliye Bakan\u0131 Berat Albayrak da ailesi ile bayramla\u015fmak i\u00e7in memleketine geldi\u011fini vurgulayarak, \u201c\u00d6\u011frendik ki Trabzonspor\u2019umuzun da bayramla\u015fmas\u0131 bug\u00fcnm\u00fc\u015f. Trabzonspor\u2019a bir u\u011frayarak y\u00f6netimle, taraftarlar\u0131m\u0131zla, hem\u015fehrilerimizle bayramla\u015fmadan ge\u00e7mek olmaz dedik\u201d \u015feklinde konu\u015ftu.<\/p>\n<p>Trabzonspor\u2019un T\u00fcrkiye\u2019yi lay\u0131k\u0131yla temsil etti\u011fini kaydeden Bakan Albayrak, \u201cBu g\u00fczel, samimi atmosferden dolay\u0131 te\u015fekk\u00fcr ediyorum, Trabzonspor, Trabzon\u2019umuz i\u00e7in \u00e7ok \u00f6nemli. Bu manada \u00f6zellikle ben bu y\u0131l Trabzonspor\u2019umuzun ortaya koydu\u011fu performanstan dolay\u0131 sadece Trabzonlular i\u00e7in de\u011fil, nereye gidersem gidiyim her g\u00f6rd\u00fc\u011f\u00fcm \u015fehirdeki insanlarda tak\u0131mlar\u0131n taraftarlar\u0131ndan Trabzon\u2019umuzun y\u00f6netimine, hocas\u0131na ve oyuncular\u0131na kar\u015f\u0131 m\u00fcthi\u015f bir tevecc\u00fch var. Bu \u015fu resmi ortaya koyuyor ki hakikaten bu y\u0131l Trabzonspor y\u00f6netimiyle, hocas\u0131yla, oyuncular\u0131yla \u00e7ok m\u00fcstesna ki\u015fili\u011fiyle, karakteriyle has Trabzonspor\u2019luluk ruhunu sadece Trabzon\u2019da de\u011fil, t\u00fcm T\u00fcrkiye\u2019de lay\u0131k\u0131yla temsil etmi\u015f\u201d ifadelerini kulland\u0131.<\/p>\n<p>Trabzonspor\u2019u bu sezon en \u00fcst s\u0131rada g\u00f6rme temennisinde oldu\u011funu da s\u00f6yleyen Berat Albayrak, \u201cOynad\u0131\u011f\u0131 futbol ile altyap\u0131s\u0131na verdi\u011fi \u00f6nemi ile kendi gen\u00e7 yeti\u015ftirdi\u011fi oyuncular\u0131yla T\u00fcrk futboluna \u00f6rnek olma rol\u00fcn\u00fc \u00e7ok g\u00fczel ifa etmi\u015f. Bu y\u0131l \u00f6nemli bir y\u0131l. Ge\u00e7ti\u011fimiz y\u0131l ortaya koydu\u011fu bu performans\u0131 bir \u00fcst noktaya ta\u015f\u0131yarak in\u015fallah taraftar\u0131 olmaktan gurur duydu\u011fumuz kul\u00fcb\u00fcm\u00fcz\u00fc bu sene en tepede g\u00f6rmek temenni ve duam\u0131z. Ba\u015fkan\u0131n \u015fans\u0131nda t\u00fcm y\u00f6netime, teknik ekibe, futbolculara, taraftara b\u00fcy\u00fck bir g\u00f6rev d\u00fc\u015ft\u00fc\u011f\u00fcn\u00fc d\u00fc\u015f\u00fcn\u00fcyorum. \u0130n\u015fallah bu birlik ve beraberlik, muhabbet duygusu i\u00e7erisinde Trabzonspor\u2019umuz T\u00fcrkiye\u2019de ve d\u00fcnya \u00e7ap\u0131nda bir marka olma noktas\u0131nda \u00e7ok ba\u015far\u0131l\u0131 bir sezon ge\u00e7irir. \u0130n\u015fallah \u015fampiyonluk yolunda \u00f6nemli bir ba\u015far\u0131 ortaya koyar. Bizim temenni ve duam\u0131z bu y\u00f6nde\u201d dedi.<\/p>\n<p>Konu\u015fmalar\u0131n ard\u0131ndan Bakan Albayrak ve Bakan Turhan\u2019a, Trabzonspor Ba\u015fkan\u0131 Ahmet A\u011fao\u011flu taraf\u0131ndan isimlerinin yaz\u0131l\u0131 oldu\u011fu Trabzonspor formas\u0131 hediye edildi.<\/p>\n","protected":false},"excerpt":{"rendered":"<p>TRABZONSPOR&#8217;DA RAMAZAN BAYRAMI DOLAYISIYLA BAYRAMLA\u015eMA T\u00d6REN\u0130 D\u00dcZENLEND\u0130.<\/p>\n","protected":false},"author":1,"featured_media":166364,"comment_status":"closed","ping_status":"open","sticky":false,"template":"","format":"standard","meta":{"jetpack_post_was_ever_published":false,"_jetpack_newsletter_access":"","_jetpack_dont_email_post_to_subs":false,"_jetpack_newsletter_tier_id":0,"_jetpack_memberships_contains_paywalled_content":false,"_jetpack_memberships_contains_paid_content":false,"footnotes":"","jetpack_publicize_message":"","jetpack_publicize_feature_enabled":true,"jetpack_social_post_already_shared":true,"jetpack_social_options":{"image_generator_settings":{"template":"highway","default_image_id":0,"font":"","enabled":false},"version":2}},"categories":[657],"tags":[39511,2202,187,16159],"class_list":["post-166363","post","type-post","status-publish","format-standard","has-post-thumbnail","hentry","category-spor","tag-bayramlasma","tag-duzenlendi","tag-toreni","tag-trabzonsporda"],"jetpack_publicize_connections":[],"jetpack_featured_media_url":"https:\/\/i0.wp.com\/www.tvturk.com\/wp-content\/uploads\/2019\/06\/trabzonsporda-bayramlasma-toreni-duzenlendi_b001c13.jpg?fit=1000%2C562","jetpack_sharing_enabled":true,"jetpack_shortlink":"https:\/\/wp.me\/paKIfm-Hhh","_links":{"self":[{"href":"http:\/\/www.tvturk.com\/index.php\/wp-json\/wp\/v2\/posts\/166363","targetHints":{"allow":["GET"]}}],"collection":[{"href":"http:\/\/www.tvturk.com\/index.php\/wp-json\/wp\/v2\/posts"}],"about":[{"href":"http:\/\/www.tvturk.com\/index.php\/wp-json\/wp\/v2\/types\/post"}],"author":[{"embeddable":true,"href":"http:\/\/www.tvturk.com\/index.php\/wp-json\/wp\/v2\/users\/1"}],"replies":[{"embeddable":true,"href":"http:\/\/www.tvturk.com\/index.php\/wp-json\/wp\/v2\/comments?post=166363"}],"version-history":[{"count":0,"href":"http:\/\/www.tvturk.com\/index.php\/wp-json\/wp\/v2\/posts\/166363\/revisions"}],"wp:featuredmedia":[{"embeddable":true,"href":"http:\/\/www.tvturk.com\/index.php\/wp-json\/wp\/v2\/media\/166364"}],"wp:attachment":[{"href":"http:\/\/www.tvturk.com\/index.php\/wp-json\/wp\/v2\/media?parent=166363"}],"wp:term":[{"taxonomy":"category","embeddable":true,"href":"http:\/\/www.tvturk.com\/index.php\/wp-json\/wp\/v2\/categories?post=166363"},{"taxonomy":"post_tag","embeddable":true,"href":"http:\/\/www.tvturk.com\/index.php\/wp-json\/wp\/v2\/tags?post=166363"}],"curies":[{"name":"wp","href":"https:\/\/api.w.org\/{rel}","templated":true}]}}