{"id":166385,"date":"2019-06-06T19:41:30","date_gmt":"2019-06-06T16:41:30","guid":{"rendered":"http:\/\/www.tvturk.com\/index.php\/unlu-pastane-sahibinin-esi-son-yolculuguna-ugurlandi\/"},"modified":"2019-06-06T19:41:30","modified_gmt":"2019-06-06T16:41:30","slug":"unlu-pastane-sahibinin-esi-son-yolculuguna-ugurlandi","status":"publish","type":"post","link":"http:\/\/www.tvturk.com\/index.php\/unlu-pastane-sahibinin-esi-son-yolculuguna-ugurlandi\/","title":{"rendered":"\u00dcnl\u00fc pastane sahibinin e\u015fi son yolculu\u011funa u\u011furland\u0131"},"content":{"rendered":"<p>Pelit Pastaneleri\u2019nin sahibi Selahattin Ayan\u2019\u0131n e\u015fi Afife Ayan \u015eakirin Camii\u2019nde k\u0131l\u0131nan cenaze namaz\u0131n\u0131n ard\u0131ndan son yolculu\u011funa u\u011furland\u0131.<\/p>\n<p>Pelit Pastaneleri\u2019nin sahibi Selahattin Ayan\u2019\u0131n vefat eden e\u015fi Afife Ayan son yolculu\u011funa u\u011furland\u0131. \u00dcsk\u00fcdar\u2019da bulunan Karacaahmet \u015eakirin Camii\u2019nde d\u00fczenlenen cenaze t\u00f6renine Ayan ailesi, akrabalar\u0131 ve yak\u0131nlar\u0131 kat\u0131ld\u0131. T\u00f6rene, eski Milli E\u011fitim Bakan\u0131 \u0130smet Y\u0131lmaz, eski \u0130\u00e7i\u015fleri Bakan\u0131 Muammer G\u00fcler ve eski \u015ei\u015fli Belediye Ba\u015fkan\u0131 Mustafa Sar\u0131g\u00fcl de kat\u0131ld\u0131. Cenaze t\u00f6reninde Afife Ayan\u2019\u0131n e\u015fi Selahattin Ayan taziyeleri kabul etti.<\/p>\n<p>\u015eakirin Camii\u2019nde k\u0131l\u0131nan ikindi namaz\u0131n\u0131n ard\u0131ndan Afife Ayan\u2019\u0131n cenazesi Karacaahmet Mezarl\u0131\u011f\u0131\u2019nda topra\u011fa verildi.<\/p>\n","protected":false},"excerpt":{"rendered":"<p>PEL\u0130T PASTANELER\u0130\u2019N\u0130N SAH\u0130B\u0130 SELAHATT\u0130N AYAN\u2019IN E\u015e\u0130 AF\u0130FE AYAN \u015eAK\u0130R\u0130N CAM\u0130\u0130\u2019NDE KILINAN CENAZE NAMAZININ ARDINDAN SON YOLCULU\u011eUNA U\u011eURLANDI.<\/p>\n","protected":false},"author":1,"featured_media":166386,"comment_status":"closed","ping_status":"open","sticky":false,"template":"","format":"standard","meta":{"jetpack_post_was_ever_published":false,"_jetpack_newsletter_access":"","_jetpack_dont_email_post_to_subs":false,"_jetpack_newsletter_tier_id":0,"_jetpack_memberships_contains_paywalled_content":false,"_jetpack_memberships_contains_paid_content":false,"footnotes":"","jetpack_publicize_message":"","jetpack_publicize_feature_enabled":true,"jetpack_social_post_already_shared":true,"jetpack_social_options":{"image_generator_settings":{"template":"highway","default_image_id":0,"font":"","enabled":false},"version":2}},"categories":[1],"tags":[4703,39688,18836,1240,2516,5590,2515],"class_list":["post-166385","post","type-post","status-publish","format-standard","has-post-thumbnail","hentry","category-genel","tag-esi","tag-pastane","tag-sahibinin","tag-son","tag-ugurlandi","tag-unlu","tag-yolculuguna"],"jetpack_publicize_connections":[],"jetpack_featured_media_url":"https:\/\/i0.wp.com\/www.tvturk.com\/wp-content\/uploads\/2019\/06\/unlu-pastane-sahibinin-esi-son-yolculuguna-ugurlandi_39df5e3.jpg?fit=1000%2C750","jetpack_sharing_enabled":true,"jetpack_shortlink":"https:\/\/wp.me\/paKIfm-HhD","_links":{"self":[{"href":"http:\/\/www.tvturk.com\/index.php\/wp-json\/wp\/v2\/posts\/166385","targetHints":{"allow":["GET"]}}],"collection":[{"href":"http:\/\/www.tvturk.com\/index.php\/wp-json\/wp\/v2\/posts"}],"about":[{"href":"http:\/\/www.tvturk.com\/index.php\/wp-json\/wp\/v2\/types\/post"}],"author":[{"embeddable":true,"href":"http:\/\/www.tvturk.com\/index.php\/wp-json\/wp\/v2\/users\/1"}],"replies":[{"embeddable":true,"href":"http:\/\/www.tvturk.com\/index.php\/wp-json\/wp\/v2\/comments?post=166385"}],"version-history":[{"count":0,"href":"http:\/\/www.tvturk.com\/index.php\/wp-json\/wp\/v2\/posts\/166385\/revisions"}],"wp:featuredmedia":[{"embeddable":true,"href":"http:\/\/www.tvturk.com\/index.php\/wp-json\/wp\/v2\/media\/166386"}],"wp:attachment":[{"href":"http:\/\/www.tvturk.com\/index.php\/wp-json\/wp\/v2\/media?parent=166385"}],"wp:term":[{"taxonomy":"category","embeddable":true,"href":"http:\/\/www.tvturk.com\/index.php\/wp-json\/wp\/v2\/categories?post=166385"},{"taxonomy":"post_tag","embeddable":true,"href":"http:\/\/www.tvturk.com\/index.php\/wp-json\/wp\/v2\/tags?post=166385"}],"curies":[{"name":"wp","href":"https:\/\/api.w.org\/{rel}","templated":true}]}}