{"id":166393,"date":"2019-06-06T20:20:33","date_gmt":"2019-06-06T17:20:33","guid":{"rendered":"http:\/\/www.tvturk.com\/index.php\/fatih-keles-altin-kemerlere-kosuyor\/"},"modified":"2019-06-06T20:20:33","modified_gmt":"2019-06-06T17:20:33","slug":"fatih-keles-altin-kemerlere-kosuyor","status":"publish","type":"post","link":"http:\/\/www.tvturk.com\/index.php\/fatih-keles-altin-kemerlere-kosuyor\/","title":{"rendered":"Fatih Kele\u015f, alt\u0131n kemerlere ko\u015fuyor"},"content":{"rendered":"<p>Avrupa \u015fampiyonu boks\u00f6r Fatih Kele\u015f\u2019in Avustralya\u2019da yapaca\u011f\u0131 kar\u015f\u0131la\u015fmaya say\u0131l\u0131 saatler kala ortaya iki alt\u0131n kemer birden kondu. Kazanan d\u00fcnya \u015fampiyonluk ma\u00e7\u0131na vize alacak.<\/p>\n<p>T\u00fcrk Boks kul\u00fcb\u00fc EC BOX\u0130NG Y\u00f6netim Kurulu Ba\u015fkan\u0131 Erol Ceylan, d\u00fcnya \u015fampiyonluk eleme ma\u00e7\u0131 niteli\u011fi ta\u015f\u0131yan Fatih Kele\u015f ve Liam Paro aras\u0131ndaki m\u00fccadeleye iki alt\u0131n kemer birden koyduklar\u0131n\u0131 belirterek, &#8220;Kazanan boks\u00f6r, WBO Global ve IBF K\u0131talararas\u0131 \u015fampiyonluk kemerini alacak ve bu da kar\u015f\u0131la\u015fman\u0131n ne kadar \u00f6nemli oldu\u011funu bir kez daha g\u00f6zler \u00f6n\u00fcne seriyor. \u015eayet Fatih, bu kar\u015f\u0131la\u015fmay\u0131 kazan\u0131rsa d\u00fcnya \u015fampiyonluk ma\u00e7\u0131na \u00e7\u0131kmak i\u00e7in \u00f6n\u00fcnde bir engel kalm\u0131yor. Bu y\u0131l Amerika\u2019da \u00fc\u00e7 boks\u00f6r\u00fcm\u00fcz ma\u00e7a \u00e7\u0131kt\u0131. Maalesef bunlardan ikisi kaybetti, biri ise ma\u00e7\u0131 \u00f6nde g\u00f6t\u00fcrmesine ra\u011fmen kolundan sakatlanarak b\u0131rakmak zorunda kald\u0131. \u0130\u015fte o ma\u00e7 ge\u00e7ti\u011fimiz g\u00fcnlerde s\u00fcper \u015fampiyon Anthony Joshua\u2019y\u0131 nakavt ederek b\u00fcy\u00fck sansasyon yapan Andy Ruiz\u2019e kar\u015f\u0131yd\u0131. Avrupa\u2019da \u00f6n\u00fcm\u00fcze geleni devirdik ve \u00e7ok b\u00fcy\u00fck \u015fampiyonluklara imza att\u0131k. Bu y\u0131l Amerika\u2019ya a\u00e7\u0131lal\u0131m dedik ve istedi\u011fimiz sonu\u00e7lar\u0131 hen\u00fcz alamad\u0131k. \u015eimdi Avustralya\u2019da m\u00fccadele edecek olan Fatih Kele\u015f\u2019in bu yenilgi serisine son vererek \u015fans\u0131m\u0131z\u0131 tersine \u00e7evirmesini bekliyoruz&#8221; diye konu\u015ftu.<\/p>\n<p>B\u00fclent Ba\u015fer: &#8220;Bomba gibiyiz&#8221;<\/p>\n<p>Ba\u015fantren\u00f6r B\u00fclent Ba\u015fer de kar\u015f\u0131la\u015fmaya \u00e7ok iyi haz\u0131rland\u0131klar\u0131n\u0131 vurgulayarak, &#8220;24 saatlik bir u\u00e7ak yolculu\u011funun ard\u0131ndan Avustralya\u2019ya ula\u015fabildik. Aradaki saat fark\u0131na al\u0131\u015fmaya \u00e7al\u0131\u015f\u0131yoruz. T\u00fcrkiye ile buran\u0131n aras\u0131nda yedi saat fark var. Burada da iki g\u00fcn antrenman yapt\u0131ktan sonra hafif antrenmanlar ile ma\u00e7 g\u00fcn\u00fcn\u00fc beklemeye koyulduk. \u015eu an i\u00e7in her \u015fey yolunda. Herhangi bir sakatl\u0131\u011f\u0131m\u0131z bulunmuyor. Fatih ma\u00e7a \u00e7ok iyi konsantre olmu\u015f durumda ve kar\u015f\u0131la\u015fman\u0131n ne anlam ta\u015f\u0131d\u0131\u011f\u0131n\u0131n da fark\u0131nda. Bu kader ma\u00e7\u0131d\u0131r, her iki boks\u00f6r i\u00e7in de. Kazanan iki kemeri birden beline takarak, d\u00fcnyan\u0131n zirvesine t\u0131rmanacak&#8221; dedi.<\/p>\n<p>Kul\u00fcb\u00fcn bas\u0131n dan\u0131\u015fman\u0131 Vedat Alyaz, her iki boks\u00f6r\u00fcn de yenilgisiz oldu\u011funu ifade ederek, &#8220;Fatih, amat\u00f6r hayat\u0131ndayken de b\u00fcy\u00fck ba\u015far\u0131lara imza atm\u0131\u015f ve \u00fclkemizi olimpiyatlarda temsil etmi\u015ftir. Bu bilgi birikimi ve tecr\u00fcbeler onu kar\u015f\u0131la\u015fmada daha avantajl\u0131 duruma getirecektir. Biz cumartesi gecesi iki alt\u0131n kemerin yan\u0131nda bir de d\u00fcnya \u015fampiyonluk vizesi bekliyoruz&#8221; \u015feklinde konu\u015ftu.<\/p>\n","protected":false},"excerpt":{"rendered":"<p>AVRUPA \u015eAMP\u0130YONU BOKS\u00d6R FAT\u0130H KELE\u015e&#8217;\u0130N AVUSTRALYA\u2019DA YAPACA\u011eI KAR\u015eILA\u015eMAYA SAYILI SAATLER KALA ORTAYA \u0130K\u0130 ALTIN KEMER B\u0130RDEN KONDU. KAZANAN D\u00dcNYA \u015eAMP\u0130YONLUK MA\u00c7INA V\u0130ZE ALACAK.<\/p>\n","protected":false},"author":1,"featured_media":166394,"comment_status":"closed","ping_status":"open","sticky":false,"template":"","format":"standard","meta":{"jetpack_post_was_ever_published":false,"_jetpack_newsletter_access":"","_jetpack_dont_email_post_to_subs":false,"_jetpack_newsletter_tier_id":0,"_jetpack_memberships_contains_paywalled_content":false,"_jetpack_memberships_contains_paid_content":false,"footnotes":"","jetpack_publicize_message":"","jetpack_publicize_feature_enabled":true,"jetpack_social_post_already_shared":true,"jetpack_social_options":{"image_generator_settings":{"template":"highway","default_image_id":0,"font":"","enabled":false},"version":2}},"categories":[657],"tags":[596,1517,4820,39692,12202],"class_list":["post-166393","post","type-post","status-publish","format-standard","has-post-thumbnail","hentry","category-spor","tag-altin","tag-fatih","tag-keles","tag-kemerlere","tag-kosuyor"],"jetpack_publicize_connections":[],"jetpack_featured_media_url":"https:\/\/i0.wp.com\/www.tvturk.com\/wp-content\/uploads\/2019\/06\/fatih-keles-altin-kemerlere-kosuyor_624df55.jpg?fit=1000%2C722","jetpack_sharing_enabled":true,"jetpack_shortlink":"https:\/\/wp.me\/paKIfm-HhL","_links":{"self":[{"href":"http:\/\/www.tvturk.com\/index.php\/wp-json\/wp\/v2\/posts\/166393","targetHints":{"allow":["GET"]}}],"collection":[{"href":"http:\/\/www.tvturk.com\/index.php\/wp-json\/wp\/v2\/posts"}],"about":[{"href":"http:\/\/www.tvturk.com\/index.php\/wp-json\/wp\/v2\/types\/post"}],"author":[{"embeddable":true,"href":"http:\/\/www.tvturk.com\/index.php\/wp-json\/wp\/v2\/users\/1"}],"replies":[{"embeddable":true,"href":"http:\/\/www.tvturk.com\/index.php\/wp-json\/wp\/v2\/comments?post=166393"}],"version-history":[{"count":0,"href":"http:\/\/www.tvturk.com\/index.php\/wp-json\/wp\/v2\/posts\/166393\/revisions"}],"wp:featuredmedia":[{"embeddable":true,"href":"http:\/\/www.tvturk.com\/index.php\/wp-json\/wp\/v2\/media\/166394"}],"wp:attachment":[{"href":"http:\/\/www.tvturk.com\/index.php\/wp-json\/wp\/v2\/media?parent=166393"}],"wp:term":[{"taxonomy":"category","embeddable":true,"href":"http:\/\/www.tvturk.com\/index.php\/wp-json\/wp\/v2\/categories?post=166393"},{"taxonomy":"post_tag","embeddable":true,"href":"http:\/\/www.tvturk.com\/index.php\/wp-json\/wp\/v2\/tags?post=166393"}],"curies":[{"name":"wp","href":"https:\/\/api.w.org\/{rel}","templated":true}]}}