{"id":166399,"date":"2019-06-06T20:38:57","date_gmt":"2019-06-06T17:38:57","guid":{"rendered":"http:\/\/www.tvturk.com\/index.php\/abd-baskani-trump-macron-ile-iran-konusunda-fikirlerimiz-ayni\/"},"modified":"2019-06-06T20:38:57","modified_gmt":"2019-06-06T17:38:57","slug":"abd-baskani-trump-macron-ile-iran-konusunda-fikirlerimiz-ayni","status":"publish","type":"post","link":"http:\/\/www.tvturk.com\/index.php\/abd-baskani-trump-macron-ile-iran-konusunda-fikirlerimiz-ayni\/","title":{"rendered":"ABD Ba\u015fkan\u0131 Trump: \u201cMacron ile \u0130ran konusunda fikirlerimiz ayn\u0131\u201d"},"content":{"rendered":"<p>Fransa Cumhurba\u015fkan\u0131 Emmanuel Macron ile g\u00f6r\u00fc\u015fen ABD Ba\u015fkan\u0131 Donald Trump, \u201c\u0130ran konusunda farkl\u0131 fikirlerimiz oldu\u011funu d\u00fc\u015f\u00fcnm\u00fcyorum. Macron da onlar\u0131n n\u00fckleer silahlara sahip oldu\u011funu g\u00f6rmek istemiyor\u201d dedi<\/p>\n<p>ABD Ba\u015fkan\u0131 Donald Trump, 2. D\u00fcnya Sava\u015f\u0131\u2019n\u0131n sona ermesini ve d\u00fcnyan\u0131n Nazi i\u015fgalinden kurtar\u0131lmas\u0131n\u0131 sa\u011flayan Normandiya \u00c7\u0131karmas\u0131\u2019n\u0131n 75. y\u0131ld\u00f6n\u00fcm\u00fc t\u00f6renlerine kat\u0131lmak i\u00e7in geldi\u011fi Fransa\u2019da \u00fclkenin Cumhurba\u015fkan\u0131 Emmanuel Macron ile bir araya geldi. G\u00f6r\u00fc\u015fmede konu\u015fan Trump, \u0130ran konusunda Macron\u2019la benzer fikirlere sahip oldu\u011funu belirterek, iki \u00fclkenin \u0130ran konusundaki hedefinin ayn\u0131 oldu\u011funu ifade etti. Trump, \u201c\u0130ran konusunda farkl\u0131 fikirlerimiz oldu\u011funu d\u00fc\u015f\u00fcnm\u00fcyorum. Macron da onlar\u0131n n\u00fckleer silahlara sahip oldu\u011funu g\u00f6rmek istemiyor\u201d dedi.<\/p>\n<p>\u201c\u0130ran\u2019da neler oldu\u011funa bakal\u0131m\u201d ifadelerini kullanan Trump,  \u0130ran liderinin tart\u0131\u015fmas\u0131z bir ter\u00f6r \u015fampiyonu oldu\u011funu s\u00f6yledi. \u201cBir millet olarak ba\u015far\u0131s\u0131z oluyorlar ve onlar\u0131n bir millet olarak ba\u015far\u0131s\u0131z olmalar\u0131n\u0131 istemiyorum. Bunu \u00e7ok h\u0131zl\u0131 bir \u015fekilde tersine \u00e7evirebiliriz\u201d diyen Trump, \u0130ran\u2019\u0131n istedi\u011fi takdirde m\u00fczakereye oturabilece\u011fi mesaj\u0131n\u0131 yineledi.<\/p>\n<p>Macron ise, Trump\u2019\u0131n ifadelerini onaylayarak \u0130ran konusunda ayn\u0131 hedefi payla\u015ft\u0131klar\u0131n\u0131 belirterek \u201cBiz de \u0130ran\u2019\u0131n n\u00fckleer silah sahibi olmas\u0131n\u0131 istemiyoruz. Ancak 2025 y\u0131l\u0131na kadar elimizde bir enstr\u00fcman vard\u0131\u201c dedi.<\/p>\n","protected":false},"excerpt":{"rendered":"<p>FRANSA CUMHURBA\u015eKANI EMMANUEL MACRON \u0130LE G\u00d6R\u00dc\u015eEN ABD BA\u015eKANI DONALD TRUMP, \u201c\u0130RAN KONUSUNDA FARKLI F\u0130K\u0130RLER\u0130M\u0130Z OLDU\u011eUNU D\u00dc\u015e\u00dcNM\u00dcYORUM. MACRON DA ONLARIN N\u00dcKLEER S\u0130LAHLARA SAH\u0130P OLDU\u011eUNU G\u00d6RMEK \u0130STEM\u0130YOR\u201d DED\u0130<\/p>\n","protected":false},"author":1,"featured_media":166400,"comment_status":"closed","ping_status":"open","sticky":false,"template":"","format":"standard","meta":{"jetpack_post_was_ever_published":false,"_jetpack_newsletter_access":"","_jetpack_dont_email_post_to_subs":false,"_jetpack_newsletter_tier_id":0,"_jetpack_memberships_contains_paywalled_content":false,"_jetpack_memberships_contains_paid_content":false,"footnotes":"","jetpack_publicize_message":"","jetpack_publicize_feature_enabled":true,"jetpack_social_post_already_shared":true,"jetpack_social_options":{"image_generator_settings":{"template":"highway","default_image_id":0,"font":"","enabled":false},"version":2}},"categories":[10],"tags":[1936,569,216,39695,192,548,272,16472,12068],"class_list":["post-166399","post","type-post","status-publish","format-standard","has-post-thumbnail","hentry","category-dunya","tag-abd","tag-ayni","tag-baskani","tag-fikirlerimiz","tag-ile","tag-iran","tag-konusunda","tag-macron","tag-trump"],"jetpack_publicize_connections":[],"jetpack_featured_media_url":"https:\/\/i0.wp.com\/www.tvturk.com\/wp-content\/uploads\/2019\/06\/abd-baskani-trump-macron-ile-iran-konusunda-fikirlerimiz-ayni_7d5ff90.jpg?fit=1000%2C691","jetpack_sharing_enabled":true,"jetpack_shortlink":"https:\/\/wp.me\/paKIfm-HhR","_links":{"self":[{"href":"http:\/\/www.tvturk.com\/index.php\/wp-json\/wp\/v2\/posts\/166399","targetHints":{"allow":["GET"]}}],"collection":[{"href":"http:\/\/www.tvturk.com\/index.php\/wp-json\/wp\/v2\/posts"}],"about":[{"href":"http:\/\/www.tvturk.com\/index.php\/wp-json\/wp\/v2\/types\/post"}],"author":[{"embeddable":true,"href":"http:\/\/www.tvturk.com\/index.php\/wp-json\/wp\/v2\/users\/1"}],"replies":[{"embeddable":true,"href":"http:\/\/www.tvturk.com\/index.php\/wp-json\/wp\/v2\/comments?post=166399"}],"version-history":[{"count":0,"href":"http:\/\/www.tvturk.com\/index.php\/wp-json\/wp\/v2\/posts\/166399\/revisions"}],"wp:featuredmedia":[{"embeddable":true,"href":"http:\/\/www.tvturk.com\/index.php\/wp-json\/wp\/v2\/media\/166400"}],"wp:attachment":[{"href":"http:\/\/www.tvturk.com\/index.php\/wp-json\/wp\/v2\/media?parent=166399"}],"wp:term":[{"taxonomy":"category","embeddable":true,"href":"http:\/\/www.tvturk.com\/index.php\/wp-json\/wp\/v2\/categories?post=166399"},{"taxonomy":"post_tag","embeddable":true,"href":"http:\/\/www.tvturk.com\/index.php\/wp-json\/wp\/v2\/tags?post=166399"}],"curies":[{"name":"wp","href":"https:\/\/api.w.org\/{rel}","templated":true}]}}