{"id":166434,"date":"2019-06-07T09:03:56","date_gmt":"2019-06-07T06:03:56","guid":{"rendered":"http:\/\/www.tvturk.com\/index.php\/turkiyede-ornegi-olmayan-cami-ve-kulliye-yardim-bekliyor\/"},"modified":"2019-06-07T09:03:56","modified_gmt":"2019-06-07T06:03:56","slug":"turkiyede-ornegi-olmayan-cami-ve-kulliye-yardim-bekliyor","status":"publish","type":"post","link":"http:\/\/www.tvturk.com\/index.php\/turkiyede-ornegi-olmayan-cami-ve-kulliye-yardim-bekliyor\/","title":{"rendered":"T\u00fcrkiye\u2019de \u00f6rne\u011fi olmayan cami ve k\u00fclliye yard\u0131m bekliyor"},"content":{"rendered":"<p>Van Y\u00fcz\u00fcnc\u00fc Y\u0131l \u00dcniversitesi (Van YY\u00dc) yerle\u015fkesinde 2017 y\u0131l\u0131nda temeli at\u0131lan ve \u015fu ana kadar bir \u00f6rne\u011fi bulunmayan bir projeye sahip T\u0131bbiye Camii ve K\u00fclliye yard\u0131m bekliyor.<\/p>\n<p>Van YY\u00dc yerle\u015fkesinde Dursun Odaba\u015f T\u0131p Merkezi yak\u0131n\u0131nda Osmanl\u0131, Sel\u00e7uklu ve modern bir mimariyle projelendirilen T\u0131bbiye Camii ve K\u00fclliye in\u015faat\u0131n\u0131n bir an \u00f6nce bitirilmesi i\u00e7in hay\u0131rseverlerin ilgisi bekleniliyor. Toplam 20 bin 600 metrekare alan \u00fczerine kurulan, 6 bin 500 kapal\u0131 alana sahip T\u0131bbiye Camii ve K\u00fclliye\u2019nin hasta  ve hasta yak\u0131nlar\u0131n\u0131n dinlenme ve ibadet ihtiyac\u0131n\u0131 kar\u015f\u0131lamas\u0131 hedefleniyor. Hay\u0131rsever bir m\u00fchendis taraf\u0131ndan projesi \u00e7izilen ve \u0130stanbul Teknik \u00dcniversitesi taraf\u0131ndan test edilen projede; k\u00fct\u00fcphane, Kur\u2019an kurslar\u0131, \u00e7ok ama\u00e7l\u0131 konferans salonu, \u00e7ocuk kre\u015fi, a\u015fevi, dinlenme salonlar\u0131, du\u015f ve abdesthaneler bulunuyor.<\/p>\n<p>\u0130HA muhabirine konu\u015fan Van YY\u00dc Dursun Odaba\u015f T\u0131p Merkezi T\u0131bbiye Camii K\u00fclliyesi Yapt\u0131rma ve Ya\u015fatma Derne\u011fi Ba\u015fkan\u0131 Mehmet Erdem, Van ve \u00e7evre illerinden hastaneye sevkli hastalar\u0131n geldi\u011fini belirtti. Potansiyeli y\u00fcksek olan hastanede hasta ve hasta yak\u0131nlar\u0131n\u0131n s\u0131k\u0131nt\u0131 ya\u015famas\u0131ndan dolay\u0131 b\u00f6yle bir projeyi hayata ge\u00e7irdiklerini ifade eden Dernek Ba\u015fkan\u0131 Erdem, \u201cHastalar buraya 7 ilden sevkli gelmektedir. Bu say\u0131 Van\u2019daki hasta say\u0131s\u0131yla birle\u015fince hastane camimizde \u00e7ok y\u0131\u011f\u0131lmalar olmaktad\u0131r. Hasta yak\u0131nlar\u0131 \u00f6zellikle s\u0131k\u0131nt\u0131 ya\u015famaktad\u0131r. Yatacak ve dinlenecek yerleri olmad\u0131\u011f\u0131 i\u00e7in baz\u0131 zamanlar hastane koridorunda vakit ge\u00e7irmektedirler. Bizler de k\u00fclliyeye d\u00f6n\u00fc\u015fecek camimizde dinlenme alanlar\u0131, a\u015fevleri, kre\u015f, Kur\u2019an kurslar\u0131, k\u00fct\u00fcphane, konferans salonu \u015feklinde d\u00fc\u015f\u00fcnd\u00fck\u201d dedi.<\/p>\n<p>\u201cB\u00f6yle bir k\u00fclliyeye ihtiya\u00e7 vard\u0131\u201d<\/p>\n<p>En yak\u0131n caminin kendilerine 4-5 kilometre yak\u0131n oldu\u011funu ve hasta yak\u0131nlar\u0131n\u0131n bu nedenle b\u00fcy\u00fck s\u0131k\u0131nt\u0131lar ya\u015fad\u0131\u011f\u0131na dikkat \u00e7eken Erdem, s\u00f6zlerini \u015f\u00f6yle s\u00fcrd\u00fcrd\u00fc:<\/p>\n<p>\u201cCaminin yap\u0131m\u0131nda devletin bize hi\u00e7bir yard\u0131m\u0131 yoktur. Kurdu\u011fumuz dernek arac\u0131l\u0131\u011f\u0131yla hay\u0131rsever vatanda\u015flar\u0131m\u0131zdan ba\u011f\u0131\u015f toplamaktay\u0131z. Kimisi demir, kimisi \u00e7imento yard\u0131m\u0131 yaparken, kimisi de nakdi olarak yard\u0131mda bulunuyor. B\u00f6yle bir k\u00fclliyeye ihtiya\u00e7 vard\u0131. \u00d6zellikle cuma g\u00fcnleri insanlar\u0131m\u0131z \u00e7ok s\u0131k\u0131nt\u0131 ya\u015f\u0131yorlar. Merkeze 15 kilometre uzakl\u0131kta bulunan hastanemizin yak\u0131n\u0131nda da camiler ne yaz\u0131k ki yoktur. En yak\u0131n cami 4-5 kilometre uzakl\u0131kta oldu\u011fu i\u00e7in hasta yak\u0131nlar\u0131, hastalar\u0131n\u0131 b\u0131rak\u0131p gidemiyor.\u201d<\/p>\n<p>Cami ve k\u00fclliye projesinin \u015fu ana kadar y\u00fczde 20\u2019sinin tamamland\u0131\u011f\u0131n\u0131 dile getiren Erdem, \u0130stanbul Teknik \u00dcniversitesi taraf\u0131ndan test edilen projenin T\u00fcrkiye\u2019de bir \u00f6rne\u011finin olmad\u0131\u011f\u0131n\u0131 kaydetti.<\/p>\n<p>\u0130n\u015fa edilen camiye yard\u0131mda bulunan Esat Kaya isimli hay\u0131rsever vatanda\u015f ise hastaneye geldi\u011fi s\u0131rada camiyi g\u00f6rd\u00fc\u011f\u00fcn\u00fc ve mimarisini be\u011fendi\u011fini s\u00f6yledi. \u0130nsanlar\u0131n cami i\u00e7in yard\u0131m elini uzatmas\u0131n\u0131 isteyen Kaya, caminin bir an \u00f6nce bitmesi gerekti\u011fini dile getirdi.<\/p>\n","protected":false},"excerpt":{"rendered":"<p>VAN Y\u00dcZ\u00dcNC\u00dc YIL \u00dcN\u0130VERS\u0130TES\u0130 (VAN YY\u00dc) YERLE\u015eKES\u0130NDE 2017 YILINDA TEMEL\u0130 ATILAN VE \u015eU ANA KADAR B\u0130R \u00d6RNE\u011e\u0130 BULUNMAYAN B\u0130R PROJEYE SAH\u0130P TIBB\u0130YE CAM\u0130\u0130 VE K\u00dcLL\u0130YE YARDIM BEKL\u0130YOR.<\/p>\n","protected":false},"author":1,"featured_media":166435,"comment_status":"closed","ping_status":"open","sticky":false,"template":"","format":"standard","meta":{"jetpack_post_was_ever_published":false,"_jetpack_newsletter_access":"","_jetpack_dont_email_post_to_subs":false,"_jetpack_newsletter_tier_id":0,"_jetpack_memberships_contains_paywalled_content":false,"_jetpack_memberships_contains_paid_content":false,"footnotes":"","jetpack_publicize_message":"","jetpack_publicize_feature_enabled":true,"jetpack_social_post_already_shared":true,"jetpack_social_options":{"image_generator_settings":{"template":"highway","default_image_id":0,"font":"","enabled":false},"version":2}},"categories":[1],"tags":[4378,3655,28589,5870,1957,2383,1736],"class_list":["post-166434","post","type-post","status-publish","format-standard","has-post-thumbnail","hentry","category-genel","tag-bekliyor","tag-cami","tag-kulliye","tag-olmayan","tag-ornegi","tag-turkiyede","tag-yardim"],"jetpack_publicize_connections":[],"jetpack_featured_media_url":"https:\/\/i0.wp.com\/www.tvturk.com\/wp-content\/uploads\/2019\/06\/turkiyede-ornegi-olmayan-cami-ve-kulliye-yardim-bekliyor_1070e57.jpg?fit=1000%2C761","jetpack_sharing_enabled":true,"jetpack_shortlink":"https:\/\/wp.me\/paKIfm-Hiq","_links":{"self":[{"href":"http:\/\/www.tvturk.com\/index.php\/wp-json\/wp\/v2\/posts\/166434","targetHints":{"allow":["GET"]}}],"collection":[{"href":"http:\/\/www.tvturk.com\/index.php\/wp-json\/wp\/v2\/posts"}],"about":[{"href":"http:\/\/www.tvturk.com\/index.php\/wp-json\/wp\/v2\/types\/post"}],"author":[{"embeddable":true,"href":"http:\/\/www.tvturk.com\/index.php\/wp-json\/wp\/v2\/users\/1"}],"replies":[{"embeddable":true,"href":"http:\/\/www.tvturk.com\/index.php\/wp-json\/wp\/v2\/comments?post=166434"}],"version-history":[{"count":0,"href":"http:\/\/www.tvturk.com\/index.php\/wp-json\/wp\/v2\/posts\/166434\/revisions"}],"wp:featuredmedia":[{"embeddable":true,"href":"http:\/\/www.tvturk.com\/index.php\/wp-json\/wp\/v2\/media\/166435"}],"wp:attachment":[{"href":"http:\/\/www.tvturk.com\/index.php\/wp-json\/wp\/v2\/media?parent=166434"}],"wp:term":[{"taxonomy":"category","embeddable":true,"href":"http:\/\/www.tvturk.com\/index.php\/wp-json\/wp\/v2\/categories?post=166434"},{"taxonomy":"post_tag","embeddable":true,"href":"http:\/\/www.tvturk.com\/index.php\/wp-json\/wp\/v2\/tags?post=166434"}],"curies":[{"name":"wp","href":"https:\/\/api.w.org\/{rel}","templated":true}]}}