{"id":166458,"date":"2019-06-07T10:03:15","date_gmt":"2019-06-07T07:03:15","guid":{"rendered":"http:\/\/www.tvturk.com\/index.php\/a-milli-futbol-takiminin-konugu-fransa\/"},"modified":"2019-06-07T10:03:15","modified_gmt":"2019-06-07T07:03:15","slug":"a-milli-futbol-takiminin-konugu-fransa","status":"publish","type":"post","link":"http:\/\/www.tvturk.com\/index.php\/a-milli-futbol-takiminin-konugu-fransa\/","title":{"rendered":"A Milli Futbol Tak\u0131m\u0131\u2019n\u0131n konu\u011fu Fransa"},"content":{"rendered":"<p>A Milli Futbol Tak\u0131m\u0131, 2020 Avrupa Futbol \u015eampiyonas\u0131 Elemeleri H Grubu 3. ma\u00e7\u0131nda yar\u0131n Konya\u2019da Fransa ile m\u00fccadele edecek.<\/p>\n<p>2020 Avrupa Futbol \u015eampiyonas\u0131 Elemeleri H Grubu 3. ma\u00e7\u0131nda A Milli Futbol Tak\u0131m\u0131, yar\u0131n saat 21.45\u2019de Konya B\u00fcy\u00fck\u015fehir Belediye Stadyumu\u2019nda Fransa ile kar\u015f\u0131la\u015facak. Grupta geride kalan iki ma\u00e7ta Fransa 6 puanla liderlik koltu\u011funda otururken, milliler ise ayn\u0131 puan ve averajla ikinci s\u0131rada yer al\u0131yor. Ay-y\u0131ld\u0131zl\u0131lar m\u00fcsabakay\u0131 kazanmas\u0131 halinde liderli\u011fe y\u00fckselecek.<\/p>\n<p>4 kez kar\u015f\u0131la\u015ft\u0131<\/p>\n<p>Ay-y\u0131ld\u0131zl\u0131lar, Fransa ile bug\u00fcne kadar 1\u2019i resmi olmak \u00fczere toplam 4 kez kar\u015f\u0131 kar\u015f\u0131ya geldi. Milli Tak\u0131m, tek resmi ma\u00e7\u0131n\u0131 2003 y\u0131l\u0131ndaki Konfederasyonlar Kupas\u0131\u2019nda oynad\u0131 ve 3-2 kaybetti. Milliler geride kalan 4 m\u00fcsabakada da rakibine yenildi.<\/p>\n<p>\u015eenol G\u00fcne\u015f y\u00f6netiminde 4\u2019te 4<\/p>\n<p>\u015eenol G\u00fcne\u015f\u2019in A Milli Futbol Tak\u0131m\u0131\u2019n\u0131n ba\u015f\u0131na ge\u00e7mesinin ard\u0131ndan milliler yenilgi y\u00fcz\u00fc g\u00f6rmedi. Teknik Direkt\u00f6r \u015eenol G\u00fcne\u015f\u2019in \u00f6\u011frencileri, oynad\u0131\u011f\u0131 4 kar\u015f\u0131la\u015fmada 4 galibiyet ald\u0131 ve 10 gol at\u0131p, kalesinde 1 gol g\u00f6rd\u00fc. Ay-y\u0131ld\u0131zl\u0131lar bu s\u00fcre\u00e7te Avrupa \u015eampiyonas\u0131 Elemeleri\u2019nde Moldova ve Arnavutluk\u2019u, haz\u0131rl\u0131k ma\u00e7lar\u0131nda da Yunanistan ve \u00d6zbekistan\u2019u ma\u011flup etme ba\u015far\u0131s\u0131 g\u00f6sterdi.<\/p>\n<p>D\u00fcd\u00fck Damir Skomina\u2019da<\/p>\n<p>T\u00fcrkiye ile Fransa aras\u0131nda oynanacak kar\u015f\u0131la\u015fmay\u0131 Slovenya Futbol Federasyonu\u2019ndan Damir Skomina y\u00f6netecek. Skomina\u2019n\u0131n yard\u0131mc\u0131l\u0131klar\u0131n\u0131 Jure Praprotnik ve Robert Vukan yaparken ma\u00e7\u0131n d\u00f6rd\u00fcnc\u00fc hakemi Rade Obrenovic olacak.<\/p>\n<p>T\u00fcrkiye\u2019nin kadrosu<\/p>\n<p>Teknik Direkt\u00f6r \u015eenol G\u00fcne\u015f\u2019in belirledi\u011fi kadrodan Cenk Tosun, Ozan Kabak ve Okay Yoku\u015flu sakatl\u0131klar\u0131 nedeniyle kadrodan \u00e7\u0131kar\u0131lm\u0131\u015ft\u0131. A Milli Futbol Tak\u0131m\u0131\u2019n\u0131n aday kadrosunda ise \u015fu isimler bulunuyor:<\/p>\n<p>Kaleciler: Fehmi Mert G\u00fcnok (Medipol Ba\u015fak\u015fehir), G\u00f6khan Akkan (\u00c7aykur Rizespor), Sinan Bolat (Royal Antwerp), U\u011furcan \u00c7ak\u0131r (Trabzonspor)<\/p>\n<p>Defans: Mehmet Zeki \u00c7elik (Lille), Naz\u0131m Sangare (Antalyaspor), \u00c7a\u011flar S\u00f6y\u00fcnc\u00fc (Leicester City), Kaan Ayhan (Fortuna D\u00fcsseldorf), Merih Demiral (Sassuolo), Cengiz Umut Mera\u015f (Bursaspor), Emre Ta\u015fdemir (Galatasaray), Hasan Ali Kald\u0131r\u0131m (Fenerbah\u00e7e)<\/p>\n<p>Orta saha: Abd\u00fclkadir \u00d6m\u00fcr, Yusuf Yaz\u0131c\u0131 (Trabzonspor), Cengiz \u00dcnder (Roma), Deniz T\u00fcr\u00fc\u00e7 (\u0130stikbal Mobilya Kayserispor), Dorukhan Tok\u00f6z, O\u011fuzhan \u00d6zyakup (Be\u015fikta\u015f), Emre Bel\u00f6zo\u011flu, \u0130rfan Can Kahveci, Mahmut Tekdemir (Medipol Ba\u015fak\u015fehir), Efecan Karaca, Ozan Tufan (Aytemiz Alanyaspor), Yunus Mall\u0131 (Wolfsburg), Hakan \u00c7alhano\u011flu (Milan), \u00d6mer Ali \u015eahiner (Atiker Konyaspor)<\/p>\n<p>Forvet: Burak Y\u0131lmaz, G\u00fcven Yal\u00e7\u0131n (Be\u015fikta\u015f), Enes \u00dcnal (Real Valladolid), Kenan Karaman (Fortuna D\u00fcsseldorf)<\/p>\n<p>Fransa\u2019n\u0131n kadrosu<\/p>\n<p>Fransa Teknik Direkt\u00f6r\u00fc Didier Deschamps taraf\u0131ndan belirlenen aday kadroda \u015fu isimler bulunuyor:<\/p>\n<p>Kaleciler: Alphonse Areola (PSG), Hugo Lloris (Tottenham), Mike Maignan (Lille)<\/p>\n<p>Defans: Lucas Digne (Everton), Clement Lenglet (Barcelona) Ferland Mendy (Lyon), Benjamin Pavard (Stuttgart), Leo Dubois (Lyon), Raphael Varane (Real Madrid), Samuel Umtiti (Barcelona), Kurt Zouma (Everton)<\/p>\n<p>Orta saha: Blaise Matuidi (Juventus), Tanguy Ndombele (Lyon), Paul Pogba (Manchester United), Moussa Sissoko (Tottenham)<\/p>\n<p>Forvet: Wissam Ben Yedder (Sevilla), Kingsley Coman (Bayern M\u00fcnih), Olivier Giroud (Chelsea), Antoine Griezmann (Atletico Madrid), Kylian Mbappe (PSG), Florian Thauvin (Marsilya), Thomas Lemar (Atletico Madrid)<\/p>\n<p>\u00d6te yandan Fransa\u2019da orta saha oyuncusu N\u2019Golo Kante, sa\u011f dizindeki sakatl\u0131k sebebiyle T\u00fcrkiye ve Andorra ile oynanacak ma\u00e7lar\u0131n kadrosundan \u00e7\u0131kar\u0131lm\u0131\u015ft\u0131.<\/p>\n","protected":false},"excerpt":{"rendered":"<p>A M\u0130LL\u0130 FUTBOL TAKIMI, 2020 AVRUPA FUTBOL \u015eAMP\u0130YONASI ELEMELER\u0130 H GRUBU 3. MA\u00c7INDA YARIN KONYA\u2019DA FRANSA \u0130LE M\u00dcCADELE EDECEK.<\/p>\n","protected":false},"author":1,"featured_media":166459,"comment_status":"closed","ping_status":"open","sticky":false,"template":"","format":"standard","meta":{"jetpack_post_was_ever_published":false,"_jetpack_newsletter_access":"","_jetpack_dont_email_post_to_subs":false,"_jetpack_newsletter_tier_id":0,"_jetpack_memberships_contains_paywalled_content":false,"_jetpack_memberships_contains_paid_content":false,"footnotes":"","jetpack_publicize_message":"","jetpack_publicize_feature_enabled":true,"jetpack_social_post_already_shared":true,"jetpack_social_options":{"image_generator_settings":{"template":"highway","default_image_id":0,"font":"","enabled":false},"version":2}},"categories":[657],"tags":[4545,1461,7542,429,6117],"class_list":["post-166458","post","type-post","status-publish","format-standard","has-post-thumbnail","hentry","category-spor","tag-fransa","tag-futbol","tag-konugu","tag-milli","tag-takiminin"],"jetpack_publicize_connections":[],"jetpack_featured_media_url":"https:\/\/i0.wp.com\/www.tvturk.com\/wp-content\/uploads\/2019\/06\/a-milli-futbol-takiminin-konugu-fransa_c59a90d.jpg?fit=1000%2C685","jetpack_sharing_enabled":true,"jetpack_shortlink":"https:\/\/wp.me\/paKIfm-HiO","_links":{"self":[{"href":"http:\/\/www.tvturk.com\/index.php\/wp-json\/wp\/v2\/posts\/166458","targetHints":{"allow":["GET"]}}],"collection":[{"href":"http:\/\/www.tvturk.com\/index.php\/wp-json\/wp\/v2\/posts"}],"about":[{"href":"http:\/\/www.tvturk.com\/index.php\/wp-json\/wp\/v2\/types\/post"}],"author":[{"embeddable":true,"href":"http:\/\/www.tvturk.com\/index.php\/wp-json\/wp\/v2\/users\/1"}],"replies":[{"embeddable":true,"href":"http:\/\/www.tvturk.com\/index.php\/wp-json\/wp\/v2\/comments?post=166458"}],"version-history":[{"count":0,"href":"http:\/\/www.tvturk.com\/index.php\/wp-json\/wp\/v2\/posts\/166458\/revisions"}],"wp:featuredmedia":[{"embeddable":true,"href":"http:\/\/www.tvturk.com\/index.php\/wp-json\/wp\/v2\/media\/166459"}],"wp:attachment":[{"href":"http:\/\/www.tvturk.com\/index.php\/wp-json\/wp\/v2\/media?parent=166458"}],"wp:term":[{"taxonomy":"category","embeddable":true,"href":"http:\/\/www.tvturk.com\/index.php\/wp-json\/wp\/v2\/categories?post=166458"},{"taxonomy":"post_tag","embeddable":true,"href":"http:\/\/www.tvturk.com\/index.php\/wp-json\/wp\/v2\/tags?post=166458"}],"curies":[{"name":"wp","href":"https:\/\/api.w.org\/{rel}","templated":true}]}}