{"id":166462,"date":"2019-06-07T10:17:56","date_gmt":"2019-06-07T07:17:56","guid":{"rendered":"http:\/\/www.tvturk.com\/index.php\/turkiyenin-pencesi-kuzey-irakta\/"},"modified":"2019-06-07T10:17:56","modified_gmt":"2019-06-07T07:17:56","slug":"turkiyenin-pencesi-kuzey-irakta","status":"publish","type":"post","link":"http:\/\/www.tvturk.com\/index.php\/turkiyenin-pencesi-kuzey-irakta\/","title":{"rendered":"T\u00fcrkiye\u2019nin pen\u00e7esi, Kuzey Irak\u2019ta"},"content":{"rendered":"<p>Girne Amerikan \u00dcniversitesi (GA\u00dc) Siyasal Bilimler Fak\u00fcltesi \u00d6\u011fretim \u00dcyesi ve G\u00fcvenlik Ara\u015ft\u0131rmalar\u0131 Merkezi Direkt\u00f6r\u00fc Dr. Mehmet Sad\u0131k Akyar, T\u00fcrkiye\u2019nin uzun zamand\u0131r hava harekat\u0131 ve top\u00e7u ate\u015fi ile m\u00fcdahalede bulundu\u011fu Kuzey Irak\u2019ta \u201cPen\u00e7e\u201d adl\u0131 bir harekat ba\u015flatt\u0131\u011f\u0131n\u0131 ve birinci \u00f6ncelikli hedefinin Hakurk kamp\u0131 oldu\u011fu belirtti.<\/p>\n<p>S\u0131n\u0131rlar\u0131m\u0131z\u0131n hemen \u00f6tesinde PKK ter\u00f6r \u00f6rg\u00fct\u00fcne ait kamplar bulundu\u011fu bilindi\u011fini ifade eden Akyar, \u201cTer\u00f6rist kamp\u0131 denildi\u011finde, al\u0131\u015f\u0131lageldi\u011fi gibi etraf\u0131 tel \u00f6rg\u00fc ile \u00e7evrili, i\u00e7erisinde ter\u00f6ristlerin koruma tedbiri olmadan dola\u015ft\u0131\u011f\u0131 ve bulundu\u011fu d\u00fcz alanlar\u0131 anlamamak gerekir. Bu kamplar, 2000 metrenin \u00fczerinde ma\u011fara, kayal\u0131k, kovuk ve inlerin ya\u015fan\u0131lacak hale getirildi\u011fi bir dizi s\u0131\u011f\u0131nak t\u00fcr\u00fc yerlerden olu\u015fmaktad\u0131r. PKK Ter\u00f6r \u00d6rg\u00fct\u00fc bu kamplar\u0131, hem T\u00fcrkiye\u2019ye y\u00f6nelik sald\u0131r\u0131larda \u00e7\u0131k\u0131\u015f noktas\u0131 olarak kullanmakta, hem de ter\u00f6r \u00f6rg\u00fct\u00fcn\u00fcn ana kamp\u0131 olarak bilinen Kandil Da\u011f\u0131na T\u00fcrk Silahl\u0131 Kuvvetleri\u2019nin karadan yapaca\u011f\u0131 harek\u00e2tlardan korumak i\u00e7in kullanmaktad\u0131r\u201d dedi.<\/p>\n<p>\u201cBirinci \u00f6ncelikli hedef Hakurk kamp\u0131\u201d<\/p>\n<p>Pen\u00e7e Harek\u00e2t\u0131n\u0131n birinci \u00f6ncelikli hedefinin Hakurk kamp\u0131 oldu\u011fu belirtilmi\u015ftir. Hakurk kamp\u0131n\u0131n \u00f6zelli\u011fi ise \u015fu \u015fekildedir. Hakurk kamp\u0131 Kandile en yak\u0131n kamp olmas\u0131 nedeniyle dikkat \u00e7ekti\u011fini s\u00f6yleyen Akyar, \u201cDolay\u0131s\u0131yla Hakurk b\u00f6lgesine yap\u0131lan bu harek\u00e2tla hem PKK ter\u00f6r \u00f6rg\u00fct\u00fcn\u00fcn yaz d\u00f6neminde Hakkari b\u00f6lgesinde askeri ve sivil personele yapabilece\u011fi sald\u0131r\u0131lar\u0131n bir k\u0131sm\u0131 \u00f6nlenmi\u015f, en az\u0131ndan etkisiz bir hale getirilmi\u015ftir. \u0130kinci olarak ise TSK\u2019nin Kandil b\u00f6lgesinde yapaca\u011f\u0131 bir harek\u00e2tta bu b\u00f6lge, \u00e7\u0131k\u0131\u015f arazisi olarak kullan\u0131labilecektir. Her iki durumda da hem ter\u00f6r \u00f6rg\u00fct\u00fcne bir darbe vurulmu\u015f olacak, hem de gelecekte birliklerimize ve sivil vatanda\u015flar\u0131m\u0131za yap\u0131lacak sald\u0131r\u0131lar \u00f6nlenmi\u015f olacakt\u0131r. Bu harekatta en tehlikeli konu olarak, ter\u00f6ristlerin b\u00f6lgeye d\u00f6\u015fedikleri El Yap\u0131m\u0131 Patlay\u0131c\u0131lardan (EYP) kaynaklanan zayiatlar g\u00f6r\u00fclmektedir\u201d dedi.<\/p>\n<p>Harekat\u0131n uluslararas\u0131 boyutu<\/p>\n<p>Harek\u00e2t\u0131n uluslararas\u0131 boyutuna bakt\u0131\u011f\u0131m\u0131zda harek\u00e2t ile e\u015f zamanl\u0131 olarak Irak Cumhurba\u015fkan\u0131 Berhem Salih\u2019in Cumhurba\u015fkan\u0131 Say\u0131n Erdo\u011fan\u2019\u0131 ziyareti \u00f6nemli oldu\u011funa vurgu yapan Akyar, \u201cBu bize \u00f6n\u00fcm\u00fczdeki d\u00f6nemde Irak ile ter\u00f6re kar\u015f\u0131 i\u015fbirli\u011finin artaca\u011f\u0131, bundan sonra Kuzey Irak ve PKK ter\u00f6r \u00f6rg\u00fct\u00fc ile ilgili konularda Kuzey Irak H\u00fck\u00fcmeti yerine Irak H\u00fck\u00fcmeti ile temas kurulaca\u011f\u0131n\u0131 g\u00f6stermektedir. Bu kapsamda \u00f6n\u00fcm\u00fczdeki g\u00fcnlerde Irak ile Ovak\u00f6y s\u0131n\u0131r kap\u0131s\u0131n\u0131n a\u00e7\u0131lmas\u0131 dahil bir dizi tedbirin uygulamaya girebilece\u011fi muhtemeldir. Dolay\u0131s\u0131yla K. Irak Y\u00f6netimi referandum karar\u0131 ile kaybetti\u011fi T\u00fcrkiye\u2019nin deste\u011fini yeniden kazanmak i\u00e7in, art\u0131k PKK ter\u00f6r \u00f6rg\u00fct\u00fcne verdi\u011fi deste\u011fi \u00e7ekmeli ve \u00f6rg\u00fct\u00fcn faaliyetlerini engellemelidir\u201d ifadelerini kulland\u0131.<\/p>\n<p>\u201cT\u00fcrkiye\u2019nin diplomatik anlamda inisiyatif almas\u0131 gerekebilir\u201d<\/p>\n<p>Yine bu harek\u00e2t i\u00e7in ABD ile g\u00f6r\u00fc\u015f\u00fcld\u00fc\u011f\u00fc en az\u0131ndan hava sahas\u0131n\u0131n kullan\u0131m\u0131 i\u00e7in koordine yap\u0131ld\u0131\u011f\u0131n\u0131, fakat yap\u0131lan bu harek\u00e2t ile Suriye\u2019de F\u0131rat\u2019\u0131n do\u011fusunda yap\u0131lacak harekat\u0131n bir s\u00fcre ertelendi\u011fi en az\u0131ndan yak\u0131n gelecekte yap\u0131lmayaca\u011f\u0131 \u00f6ng\u00f6r\u00fcld\u00fc\u011f\u00fcn\u00fc s\u00f6yleyen  Akyar, \u201cF\u0131rat\u2019\u0131n do\u011fusuna ABD ile bir harekat yap\u0131lsa bile, b\u00fcy\u00fck bir ihtimal ile T\u00fcrkiye\u2019nin beklentilerinden uzak olarak PKK\/PYD ter\u00f6r \u00f6rg\u00fct\u00fc yerine DEA\u015e ter\u00f6r \u00f6rg\u00fct\u00fc hedef al\u0131nacakt\u0131r\u201d dedi.<\/p>\n<p>A\u00e7\u0131klamalar\u0131na devam eden Akyar, \u201c\u015eu an zaman olarak uygun olmasa da, Pen\u00e7e harek\u00e2t\u0131n\u0131n Kandil\u2019e y\u00f6nlendirilmesi durumunda, \u0130ran ile i\u015fbirli\u011fi yap\u0131larak, Kandilin \u0130ran taraf\u0131nda, \u0130ran taraf\u0131ndan bir harek\u00e2t ba\u015flatabilirse PKK ter\u00f6r \u00f6rg\u00fct\u00fcne \u00e7ok b\u00fcy\u00fck bir darbe vurulabilir. Ancak bu opsiyon i\u00e7in, \u0130ran ve ABD aras\u0131ndaki gerilim g\u00f6z \u00f6n\u00fcnde bulundurularak, T\u00fcrkiye\u2019nin diplomatik anlamda inisiyatif almas\u0131 gerekebilir\u201d ifadelerinde bulundu.<\/p>\n","protected":false},"excerpt":{"rendered":"<p>DR. MEHMET. SADIK AKYAR KUZEY IRAK \u0130LG\u0130L\u0130 YAPTI\u011eI A\u00c7IKLAMADA, T\u00dcRK\u0130YE\u2019N\u0130N UZUN ZAMANDIR HAVA HAREKATI VE TOP\u00c7U ATE\u015e\u0130 \u0130LE M\u00dcDAHALEDE BULUNDU\u011eU KUZEY IRAK\u2019TA \u201cPEN\u00c7E\u201d ADLI B\u0130R HAREKAT BA\u015eLATTI\u011eINI VE B\u0130R\u0130NC\u0130 \u00d6NCEL\u0130KL\u0130 HEDEF\u0130N\u0130N HAKURK KAMPI OLDU\u011eU BEL\u0130RTT\u0130.<\/p>\n","protected":false},"author":1,"featured_media":166463,"comment_status":"closed","ping_status":"open","sticky":false,"template":"","format":"standard","meta":{"jetpack_post_was_ever_published":false,"_jetpack_newsletter_access":"","_jetpack_dont_email_post_to_subs":false,"_jetpack_newsletter_tier_id":0,"_jetpack_memberships_contains_paywalled_content":false,"_jetpack_memberships_contains_paid_content":false,"footnotes":"","jetpack_publicize_message":"","jetpack_publicize_feature_enabled":true,"jetpack_social_post_already_shared":true,"jetpack_social_options":{"image_generator_settings":{"template":"highway","default_image_id":0,"font":"","enabled":false},"version":2}},"categories":[1],"tags":[14607,9741,39713,177],"class_list":["post-166462","post","type-post","status-publish","format-standard","has-post-thumbnail","hentry","category-genel","tag-irakta","tag-kuzey","tag-pencesi","tag-turkiyenin"],"jetpack_publicize_connections":[],"jetpack_featured_media_url":"https:\/\/i0.wp.com\/www.tvturk.com\/wp-content\/uploads\/2019\/06\/turkiyenin-pencesi-kuzey-irakta_3016884.jpg?fit=1000%2C666","jetpack_sharing_enabled":true,"jetpack_shortlink":"https:\/\/wp.me\/paKIfm-HiS","_links":{"self":[{"href":"http:\/\/www.tvturk.com\/index.php\/wp-json\/wp\/v2\/posts\/166462","targetHints":{"allow":["GET"]}}],"collection":[{"href":"http:\/\/www.tvturk.com\/index.php\/wp-json\/wp\/v2\/posts"}],"about":[{"href":"http:\/\/www.tvturk.com\/index.php\/wp-json\/wp\/v2\/types\/post"}],"author":[{"embeddable":true,"href":"http:\/\/www.tvturk.com\/index.php\/wp-json\/wp\/v2\/users\/1"}],"replies":[{"embeddable":true,"href":"http:\/\/www.tvturk.com\/index.php\/wp-json\/wp\/v2\/comments?post=166462"}],"version-history":[{"count":0,"href":"http:\/\/www.tvturk.com\/index.php\/wp-json\/wp\/v2\/posts\/166462\/revisions"}],"wp:featuredmedia":[{"embeddable":true,"href":"http:\/\/www.tvturk.com\/index.php\/wp-json\/wp\/v2\/media\/166463"}],"wp:attachment":[{"href":"http:\/\/www.tvturk.com\/index.php\/wp-json\/wp\/v2\/media?parent=166462"}],"wp:term":[{"taxonomy":"category","embeddable":true,"href":"http:\/\/www.tvturk.com\/index.php\/wp-json\/wp\/v2\/categories?post=166462"},{"taxonomy":"post_tag","embeddable":true,"href":"http:\/\/www.tvturk.com\/index.php\/wp-json\/wp\/v2\/tags?post=166462"}],"curies":[{"name":"wp","href":"https:\/\/api.w.org\/{rel}","templated":true}]}}