{"id":166494,"date":"2019-06-07T11:11:41","date_gmt":"2019-06-07T08:11:41","guid":{"rendered":"http:\/\/www.tvturk.com\/index.php\/bayramda-borcka-karagolu-32-bin-kisi-ziyaret-etti\/"},"modified":"2019-06-07T11:11:41","modified_gmt":"2019-06-07T08:11:41","slug":"bayramda-borcka-karagolu-32-bin-kisi-ziyaret-etti","status":"publish","type":"post","link":"http:\/\/www.tvturk.com\/index.php\/bayramda-borcka-karagolu-32-bin-kisi-ziyaret-etti\/","title":{"rendered":"Bayramda Bor\u00e7ka Karag\u00f6l\u2019\u00fc 32 bin ki\u015fi ziyaret etti"},"content":{"rendered":"<p>Artvin\u2019de her mevsim ayr\u0131 g\u00fczelli\u011fe b\u00fcr\u00fcnen Bor\u00e7ka il\u00e7esindeki Karag\u00f6l\u2019\u00fc \u00fc\u00e7 g\u00fcnl\u00fck Ramazan Bayram\u0131\u2019nda 32 bin ki\u015fi taraf\u0131ndan ziyaret edildi.<\/p>\n<p>Artvin\u2019in Bor\u00e7ka il\u00e7esinde bulunan ve do\u011fal g\u00fczelli\u011fiyle insan\u0131 b\u00fcy\u00fcleyen Bor\u00e7ka Karag\u00f6l Tabiat Park\u0131, ramazan bayram\u0131n\u0131 nedeniyle tatilcilerin yo\u011fun ilgisini g\u00f6rd\u00fc.<\/p>\n<p>T\u00fcrkiye\u2019nin tek biyosfer rezerv alan\u0131 olan Camili\u2019ye giden yol \u00fczerinde bulunan ve 368 hektarl\u0131k alana sahip Bor\u00e7ka Karag\u00f6l Tabiat Park\u0131, \u00e7evresindeki vadiler ve ormanlarla kapl\u0131 e\u015fsiz do\u011fas\u0131yla foto\u011fraf ve do\u011fa tutkunlar\u0131n\u0131n vazge\u00e7ilmezleri aras\u0131nda yer al\u0131yor.<\/p>\n<p>Bor\u00e7ka il\u00e7esine 27 kilometre uzakl\u0131ktaki Karag\u00f6l, her mevsim ayr\u0131 bir g\u00fczelli\u011fi i\u00e7inde bar\u0131nd\u0131r\u0131yor. Muhte\u015fem g\u00fczelli\u011finin yan\u0131nda \u00e7evresindeki zengin bitki \u00f6rt\u00fcs\u00fc ve hayvan \u00e7e\u015fitlili\u011fiyle 9 g\u00fcnl\u00fck ramazan bayram tatilinde do\u011fa tutkunlar\u0131n\u0131n ak\u0131n\u0131na u\u011frad\u0131.<\/p>\n<p>Karag\u00f6l ziyaret\u00e7ileri il\u00e7e n\u00fcfusunun \u00fc\u00e7 kat\u0131na ula\u015ft\u0131<\/p>\n<p>\u00dclkenin bir\u00e7ok \u015fehrinden vatanda\u015flar Karag\u00f6l\u2019\u00fc g\u00f6rmek i\u00e7in gelirken b\u00f6lgeye ara\u00e7 ula\u015f\u0131m\u0131 tek \u015feritli orman yolundan sa\u011flan\u0131yor. Yo\u011funluk nedeniyle Jandarma ekipleri ara\u00e7lar\u0131n ge\u00e7i\u015flerini kontrol\u00fc olarak sa\u011flad\u0131.<\/p>\n<p>Bor\u00e7ka Belediyesi\u2019nden al\u0131nan bilgilere g\u00f6re Karag\u00f6l\u2019\u00fc \u00fc\u00e7 g\u00fcnl\u00fck Ramazan Bayram\u0131\u2019nda 32 bin ki\u015fi ziyaret etti. Bu say\u0131 11 bin 450 il\u00e7e n\u00fcfusuna sahip Bor\u00e7ka\u2019n\u0131n 3 kat\u0131na e\u015f de\u011fer oldu\u011fu a\u00e7\u0131kland\u0131.<\/p>\n<p>Gelin ile damat nikah k\u0131yd\u0131<\/p>\n<p>Emine Magunac\u0131 ve Levent B\u00fcy\u00fck isimli \u00e7ift nikahlar\u0131n\u0131 muhte\u015fem do\u011fa e\u015fli\u011finde Bor\u00e7ka Karag\u00f6l\u2019de k\u0131yd\u0131lar. \u00c7ift do\u011fay\u0131 ye\u015fili sevdiklerini ifade ederek &#8220;Bor\u00e7ka Karag\u00f6l \u00e7ok g\u00fczel, bizde y\u0131llar sonra hat\u0131rlayaca\u011f\u0131m\u0131z farkl\u0131 bir konsept denedik istedik&#8221; dediler.<\/p>\n","protected":false},"excerpt":{"rendered":"<p>ARTV\u0130N&#8217;DE HER MEVS\u0130M AYRI G\u00dcZELL\u0130\u011eE B\u00dcR\u00dcNEN BOR\u00c7KA KARAG\u00d6L, \u00dc\u00c7 G\u00dcNL\u00dcK RAMAZAN BAYRAMINDA 32 B\u0130N K\u0130\u015e\u0130 TARAFINDAN Z\u0130YARET ED\u0130LD\u0130.<\/p>\n","protected":false},"author":1,"featured_media":166495,"comment_status":"closed","ping_status":"open","sticky":false,"template":"","format":"standard","meta":{"jetpack_post_was_ever_published":false,"_jetpack_newsletter_access":"","_jetpack_dont_email_post_to_subs":false,"_jetpack_newsletter_tier_id":0,"_jetpack_memberships_contains_paywalled_content":false,"_jetpack_memberships_contains_paid_content":false,"footnotes":"","jetpack_publicize_message":"","jetpack_publicize_feature_enabled":true,"jetpack_social_post_already_shared":true,"jetpack_social_options":{"image_generator_settings":{"template":"highway","default_image_id":0,"font":"","enabled":false},"version":2}},"categories":[1],"tags":[33880,213,23048,207,39727,1012,150],"class_list":["post-166494","post","type-post","status-publish","format-standard","has-post-thumbnail","hentry","category-genel","tag-bayramda","tag-bin","tag-borcka","tag-etti","tag-karagolu","tag-kisi","tag-ziyaret"],"jetpack_publicize_connections":[],"jetpack_featured_media_url":"https:\/\/i0.wp.com\/www.tvturk.com\/wp-content\/uploads\/2019\/06\/bayramda-borcka-karagolu-32-bin-kisi-ziyaret-etti_938fc48.jpg?fit=1000%2C666","jetpack_sharing_enabled":true,"jetpack_shortlink":"https:\/\/wp.me\/paKIfm-Hjo","_links":{"self":[{"href":"http:\/\/www.tvturk.com\/index.php\/wp-json\/wp\/v2\/posts\/166494","targetHints":{"allow":["GET"]}}],"collection":[{"href":"http:\/\/www.tvturk.com\/index.php\/wp-json\/wp\/v2\/posts"}],"about":[{"href":"http:\/\/www.tvturk.com\/index.php\/wp-json\/wp\/v2\/types\/post"}],"author":[{"embeddable":true,"href":"http:\/\/www.tvturk.com\/index.php\/wp-json\/wp\/v2\/users\/1"}],"replies":[{"embeddable":true,"href":"http:\/\/www.tvturk.com\/index.php\/wp-json\/wp\/v2\/comments?post=166494"}],"version-history":[{"count":0,"href":"http:\/\/www.tvturk.com\/index.php\/wp-json\/wp\/v2\/posts\/166494\/revisions"}],"wp:featuredmedia":[{"embeddable":true,"href":"http:\/\/www.tvturk.com\/index.php\/wp-json\/wp\/v2\/media\/166495"}],"wp:attachment":[{"href":"http:\/\/www.tvturk.com\/index.php\/wp-json\/wp\/v2\/media?parent=166494"}],"wp:term":[{"taxonomy":"category","embeddable":true,"href":"http:\/\/www.tvturk.com\/index.php\/wp-json\/wp\/v2\/categories?post=166494"},{"taxonomy":"post_tag","embeddable":true,"href":"http:\/\/www.tvturk.com\/index.php\/wp-json\/wp\/v2\/tags?post=166494"}],"curies":[{"name":"wp","href":"https:\/\/api.w.org\/{rel}","templated":true}]}}