{"id":166504,"date":"2019-06-07T11:17:21","date_gmt":"2019-06-07T08:17:21","guid":{"rendered":"http:\/\/www.tvturk.com\/index.php\/dogal-ortaminda-buyuyor-tohumla-uretilemiyor-ancak-cezasi-oldugunu-kimse-bilmiyor\/"},"modified":"2019-06-07T11:17:21","modified_gmt":"2019-06-07T08:17:21","slug":"dogal-ortaminda-buyuyor-tohumla-uretilemiyor-ancak-cezasi-oldugunu-kimse-bilmiyor","status":"publish","type":"post","link":"http:\/\/www.tvturk.com\/index.php\/dogal-ortaminda-buyuyor-tohumla-uretilemiyor-ancak-cezasi-oldugunu-kimse-bilmiyor\/","title":{"rendered":"Do\u011fal ortam\u0131nda b\u00fcy\u00fcyor, tohumla \u00fcretilemiyor ancak cezas\u0131 oldu\u011funu kimse bilmiyor"},"content":{"rendered":"<p>Geceleri kapan\u0131p suyun alt\u0131na ka\u00e7salar da g\u00fcnd\u00fczleri insanlardan ka\u00e7am\u0131yorlar. Antalya\u2019da D\u00f6\u015femealt\u0131 ve Kur\u015funlu \u015eelalesi olmak \u00fczere iki noktada do\u011fal ortam\u0131nda b\u00fcy\u00fcyen nil\u00fcfer \u00e7i\u00e7ekleri \u00f6zellikle yerli turistlerden korunmaya \u00e7al\u0131\u015f\u0131l\u0131yor. Koruma alt\u0131ndayken kopartana 81 bin TL ceza uygulanan nil\u00fcfer \u00e7i\u00e7e\u011fini kopartan iki ziyaret\u00e7iye bizzat kendisinin engel oldu\u011funu s\u00f6yleyen Kur\u015funlu \u015eelalesi \u0130\u015fletmecisi Fikret \u00c7\u0131t\u0131rg\u0131, &#8220;Ben iki kez  yerli turistin \u00e7i\u00e7e\u011fi kopard\u0131\u011f\u0131na \u015fahit oldum gerekli uyar\u0131lar\u0131 da yapt\u0131m, yakalan\u0131nca donuyorlar ve \u2019ho\u015fumuza gitti koparmak istedik\u2019 diyorlar. Vatanda\u015f\u0131m\u0131z bu konuda \u00e7ok bilin\u00e7siz oldu\u011fu i\u00e7in \u00e7ok \u00fcreyen bir bitki oldu\u011funu zannederek normal bir \u00e7i\u00e7ekmi\u015f gibi kopart\u0131p evlerine g\u00f6t\u00fcrmek istiyorlar. Ama tohumunu al\u0131p dikseniz bile do\u011fal ortam\u0131n d\u0131\u015f\u0131nda yeti\u015ftirilemiyor&#8221; dedi.<\/p>\n<p>Tatl\u0131 su kaynaklar\u0131nda yeti\u015fen nil\u00fcferler Haziran ay\u0131n\u0131n gelmesiyle birlikte \u00e7i\u00e7ek a\u00e7maya ba\u015flad\u0131. Geceleri kapan\u0131p suyun alt\u0131na giren, g\u00fcne\u015fin do\u011fu\u015fuyla tekrar y\u00fczeye \u00e7\u0131kan nil\u00fcferin nesli tehlike alt\u0131nda. Sular\u0131n narin g\u00fczellikteki bu \u00e7i\u00e7ekleri kendilerine hayran b\u0131rakman\u0131n yan\u0131 s\u0131ra, insanlar\u0131n al\u0131p evine g\u00f6t\u00fcrmek istemesi nedeniyle giderek t\u00fckeniyor. 2872 say\u0131l\u0131 \u00c7evre Kanunu kapsam\u0131nda 2019 y\u0131l\u0131 i\u00e7in nil\u00fcfer \u00e7i\u00e7e\u011fini kopartana 40 bin 913 TL, koruma alt\u0131ndaki alandan kopartana ise 81 bin 826 TL idari para cezas\u0131 verilecek.<\/p>\n<p>Antalya\u2019da nil\u00fcferlerin s\u0131k g\u00f6r\u00fcld\u00fc\u011f\u00fc ve koruma alt\u0131nda bulunan Kur\u015funlu \u015eelalesi\u2019nde de ayn\u0131 sorunla kar\u015f\u0131 kar\u015f\u0131ya kal\u0131n\u0131yor. Konuya ili\u015fkin \u0130hlas Haber Ajans\u0131\u2019na (\u0130HA) de\u011ferlendirmede bulunan Kur\u015funlu \u015eelalesi \u0130\u015fletmecisi Fikret \u00c7\u0131t\u0131rg\u0131, 270 hektar alana sahip \u015felalenin bitki ve hayvan pop\u00fclasyonu a\u00e7\u0131s\u0131ndan \u00e7ok \u00f6nemli bir konuma sahip oldu\u011funu belirtti. Endemik bitkilerin \u00e7ok oldu\u011fu \u015felalede \u00f6zelikle 700-800 metre mesafede nil\u00fcfer \u00e7i\u00e7eklerinin yeti\u015fti\u011fini kaydetti.<\/p>\n<p>&#8220;Normal bir \u00e7i\u00e7ekmi\u015f gibi kopart\u0131yorlar&#8221;<\/p>\n<p>Nil\u00fcfer \u00e7i\u00e7eklerinin koruma alt\u0131ndaki bitkilerden birisi oldu\u011funu an\u0131msatan \u00c7\u0131t\u0131rg\u0131, &#8220;Maalesef zaman zaman vatanda\u015flar\u0131m\u0131z taraf\u0131ndan kopart\u0131l\u0131yorlar, evlerine g\u00f6t\u00fcrmek istiyorlar. Biz kendimizce koruma alt\u0131na al\u0131yoruz, Valimiz M\u00fcnir Karalo\u011flu, Milli Parklar B\u00f6lge M\u00fcd\u00fcr\u00fcm\u00fcz Kamil bey ve \u0130\u015fletme M\u00fcd\u00fcr\u00fcm\u00fcz \u0130smail bey de bu konuya \u00e7ok hassasiyet g\u00f6steriyor. Genelde yerli misafirlerimiz san\u0131r\u0131m \u00e7ok sevdiklerinden kopar\u0131p evlerine g\u00f6t\u00fcrmek istiyorlar. Ben iki kez \u015fahit oldum gerekli uyar\u0131lar\u0131 da yapt\u0131m, yakalan\u0131nca donuyorlar ve \u2019ho\u015fumuza gitti koparmak istedik\u2019 diyorlar. Bir de vatanda\u015f\u0131m\u0131z bu konuda \u00e7ok bilin\u00e7siz oldu\u011fu i\u00e7in \u00e7ok \u00fcreyen bir bitki oldu\u011funu zannederek normal bir \u00e7i\u00e7ekmi\u015f gibi kopart\u0131p evlerine g\u00f6t\u00fcrmek istiyorlar&#8221; ifadelerine yer verdi.<\/p>\n<p>Koparanlara y\u00f6nelik para cezas\u0131n\u0131 ele alan \u00c7\u0131t\u0131rg\u0131, bu uygulamadan hen\u00fcz yabanc\u0131 turist ve vatanda\u015flar\u0131n haberi olmad\u0131\u011f\u0131n\u0131 belirterek, haberle birlikte daha duyarl\u0131 olunmas\u0131n\u0131 temenni etti. \u00c7\u0131t\u0131rg\u0131, nil\u00fcfer tohumlar\u0131n\u0131 getirdi\u011fini ancak tutmad\u0131\u011f\u0131n\u0131 belirterek, nil\u00fcferlerin kendili\u011finden yeti\u015fen bir bitki oldu\u011funu da hat\u0131rlatt\u0131.<\/p>\n<p>&#8220;Y\u00fczde 30\u2019un \u00fczerinde ziyaret\u00e7i art\u0131\u015f\u0131&#8221;<\/p>\n<p>\u015eelalenin Ramazan Bayram\u0131 tatilinde olduk\u00e7a yo\u011fun ziyaret\u00e7i a\u011f\u0131rlad\u0131\u011f\u0131n\u0131 ifade eden \u00c7\u0131t\u0131rg\u0131, bayramlarda genellikle yerli, sezon i\u00e7erisinde ise yabanc\u0131 turistlerin ziyaret etti\u011fini belirtti.<\/p>\n<p>Bayram\u0131n \u00f6zellikle ikinci ve \u00fc\u00e7\u00fcnc\u00fc g\u00fcnlerinde doluluk oldu\u011funu aktaran \u00c7\u0131t\u0131rg\u0131, &#8220;\u00d6n\u00fcm\u00fczdeki g\u00fcnlerde daha da yo\u011fun olmas\u0131n\u0131 bekliyoruz. Bayram a\u00e7\u0131s\u0131ndan ge\u00e7en y\u0131la g\u00f6re y\u00fczde 30\u2019un \u00fczerinde bir art\u0131\u015f oldu. Yetkililerin a\u00e7\u0131klamalar\u0131na g\u00f6re son 15 y\u0131l\u0131n en iyi turist rakamlar\u0131na ula\u015f\u0131laca\u011f\u0131 s\u00f6yleniliyor, bizlerde misafirlerimizin gelmesini bekliyoruz. Otellerin dolulu\u011fu \u00e7ok iyi, turistler turlarla da gelip ziyaret ediyorlar, in\u015fallah g\u00fczel bir sezon olur&#8221; \u015feklinde konu\u015ftu.<\/p>\n","protected":false},"excerpt":{"rendered":"<p>TATLI SU KAYNAKLARINDA YET\u0130\u015eEN N\u0130L\u00dcFERLER HAZ\u0130RAN AYININ GELMES\u0130YLE B\u0130RL\u0130KTE \u00c7\u0130\u00c7EK A\u00c7MAYA BA\u015eLADI. GECELER\u0130 KAPANIP SUYUN ALTINA G\u0130REN, G\u00dcNE\u015e\u0130N DO\u011eU\u015eUYLA TEKRAR Y\u00dcZEYE \u00c7IKAN N\u0130L\u00dcFER\u0130N NESL\u0130 TEHL\u0130KE ALTINDA. SULARIN NAR\u0130N G\u00dcZELL\u0130KTEK\u0130 BU \u00c7\u0130\u00c7EKLER\u0130 KEND\u0130LER\u0130NE HAYRAN BIRAKMANIN YANI SIRA, \u0130NSANLARIN ALIP EV\u0130NE G\u00d6T\u00dcRMEK \u0130STEMES\u0130 NEDEN\u0130YLE G\u0130DEREK T\u00dcKEN\u0130YOR. 2872 SAYILI \u00c7EVRE KANUNU KAPSAMINDA 2019 YILI \u0130\u00c7\u0130N N\u0130L\u00dcFER \u00c7\u0130\u00c7E\u011e\u0130N\u0130 KOPARTANA 40 B\u0130N 913 TL, KORUMA ALTINDAK\u0130 ALANDAN KOPARTANA \u0130SE 81 B\u0130N 826 TL \u0130DAR\u0130 PARA CEZASI VER\u0130LECEK.<\/p>\n","protected":false},"author":1,"featured_media":166505,"comment_status":"closed","ping_status":"open","sticky":false,"template":"","format":"standard","meta":{"jetpack_post_was_ever_published":false,"_jetpack_newsletter_access":"","_jetpack_dont_email_post_to_subs":false,"_jetpack_newsletter_tier_id":0,"_jetpack_memberships_contains_paywalled_content":false,"_jetpack_memberships_contains_paid_content":false,"footnotes":"","jetpack_publicize_message":"","jetpack_publicize_feature_enabled":true,"jetpack_social_post_already_shared":true,"jetpack_social_options":{"image_generator_settings":{"template":"highway","default_image_id":0,"font":"","enabled":false},"version":2}},"categories":[1],"tags":[4581,8690,11351,7241,1205,1084,18761,15541,36869,39729],"class_list":["post-166504","post","type-post","status-publish","format-standard","has-post-thumbnail","hentry","category-genel","tag-kimse","tag-ancak","tag-bilmiyor","tag-buyuyor","tag-cezasi","tag-dogal","tag-oldugunu","tag-ortaminda","tag-tohumla","tag-uretilemiyor"],"jetpack_publicize_connections":[],"jetpack_featured_media_url":"https:\/\/i0.wp.com\/www.tvturk.com\/wp-content\/uploads\/2019\/06\/dogal-ortaminda-buyuyor-tohumla-uretilemiyor-ancak-cezasi-oldugunu-kimse-bilmiyor_b7362ef.jpg?fit=1000%2C666","jetpack_sharing_enabled":true,"jetpack_shortlink":"https:\/\/wp.me\/paKIfm-Hjy","_links":{"self":[{"href":"http:\/\/www.tvturk.com\/index.php\/wp-json\/wp\/v2\/posts\/166504","targetHints":{"allow":["GET"]}}],"collection":[{"href":"http:\/\/www.tvturk.com\/index.php\/wp-json\/wp\/v2\/posts"}],"about":[{"href":"http:\/\/www.tvturk.com\/index.php\/wp-json\/wp\/v2\/types\/post"}],"author":[{"embeddable":true,"href":"http:\/\/www.tvturk.com\/index.php\/wp-json\/wp\/v2\/users\/1"}],"replies":[{"embeddable":true,"href":"http:\/\/www.tvturk.com\/index.php\/wp-json\/wp\/v2\/comments?post=166504"}],"version-history":[{"count":0,"href":"http:\/\/www.tvturk.com\/index.php\/wp-json\/wp\/v2\/posts\/166504\/revisions"}],"wp:featuredmedia":[{"embeddable":true,"href":"http:\/\/www.tvturk.com\/index.php\/wp-json\/wp\/v2\/media\/166505"}],"wp:attachment":[{"href":"http:\/\/www.tvturk.com\/index.php\/wp-json\/wp\/v2\/media?parent=166504"}],"wp:term":[{"taxonomy":"category","embeddable":true,"href":"http:\/\/www.tvturk.com\/index.php\/wp-json\/wp\/v2\/categories?post=166504"},{"taxonomy":"post_tag","embeddable":true,"href":"http:\/\/www.tvturk.com\/index.php\/wp-json\/wp\/v2\/tags?post=166504"}],"curies":[{"name":"wp","href":"https:\/\/api.w.org\/{rel}","templated":true}]}}