{"id":166520,"date":"2019-06-07T11:32:52","date_gmt":"2019-06-07T08:32:52","guid":{"rendered":"http:\/\/www.tvturk.com\/index.php\/nesibe-aydin-okullari-ogrencisinden-turkiyeye-altin-madalya\/"},"modified":"2019-06-07T11:32:52","modified_gmt":"2019-06-07T08:32:52","slug":"nesibe-aydin-okullari-ogrencisinden-turkiyeye-altin-madalya","status":"publish","type":"post","link":"http:\/\/www.tvturk.com\/index.php\/nesibe-aydin-okullari-ogrencisinden-turkiyeye-altin-madalya\/","title":{"rendered":"Nesibe Ayd\u0131n Okullar\u0131 \u00f6\u011frencisinden T\u00fcrkiye\u2019ye alt\u0131n madalya"},"content":{"rendered":"<p>Nesibe Ayd\u0131n Okullar\u0131 \u00f6\u011frencisi Hadi Ert\u00fcrk, Avrupa Fizik Olimpiyatlar\u0131nda toplad\u0131\u011f\u0131 puanlarla T\u00fcrkiye\u2019ye alt\u0131n madalya kazand\u0131rd\u0131.<\/p>\n<p>T\u00fcrk fizik tak\u0131m\u0131 rakiplerine b\u00fcy\u00fck fark att\u0131<\/p>\n<p>Letonya\u2019n\u0131n ba\u015fkenti Riga\u2019da, 31 May\u0131s ile 4 Haziran tarihleri aras\u0131nda d\u00fczenlenen Avrupa Fizik Olimpiyatlar\u0131na, 35 \u00fclkeden y\u00fczlerce \u00f6\u011frenci kat\u0131ld\u0131. \u00d6\u011frencilerin girdikleri deneysel ve teorik s\u0131navlar neticesinde elde ettikleri puanlar\u0131n toplam\u0131yla, \u00fclke puanlar\u0131n\u0131n belirlendi\u011fi olimpiyatlara, T\u00fcrk tak\u0131m\u0131 toplad\u0131\u011f\u0131 136,5 puanla birinci olarak damgas\u0131n\u0131 vurdu.<\/p>\n<p>Ba\u015fta Avrupa \u00fclkeleri olmak \u00fczere d\u00fcnyan\u0131n d\u00f6rt bir yan\u0131ndan gelen y\u00fczlerce \u00f6\u011frencinin yar\u0131\u015ft\u0131\u011f\u0131 olimpiyatlarda, Nesibe Ayd\u0131n Okullar\u0131 \u00f6\u011frencisi Hadi Ert\u00fcrk ise girdi\u011fi s\u0131navlarda T\u00fcrkiye\u2019ye kazand\u0131rd\u0131\u011f\u0131 33,4 puan ve alt\u0131n madalya ile T\u00fcrk fizik tak\u0131m\u0131n\u0131n Avrupa birincisi olmas\u0131nda ba\u015frol oynad\u0131.<\/p>\n<p>Bakan Varank ve T\u00dcB\u0130TAK\u2019tan kutlama geldi<\/p>\n<p>T\u00dcB\u0130TAK elde edilen ba\u015far\u0131 sonras\u0131nda, \u201c35 \u00fclkenin kat\u0131l\u0131m\u0131yla d\u00fczenlenen Avrupa Fizik Olimpiyatlar\u0131nda 3 alt\u0131n ve 2 g\u00fcm\u00fc\u015f madalya kazanarak rekor bir ba\u015far\u0131 elde eden tak\u0131m\u0131m\u0131z Avrupa birincisi oldu. \u00dclkemize \u00e7ifte bayram ya\u015fatan \u00f6\u011frencilerimizi y\u00fcrekten kutluyoruz\u201d a\u00e7\u0131klamalar\u0131nda bulundu.<\/p>\n<p>Sanayi ve Teknoloji Bakan\u0131 Mustafa Varank ise resmi twitter hesab\u0131ndan yay\u0131nlad\u0131\u011f\u0131 kutlama mesaj\u0131nda, \u201cBizlere bu ba\u015far\u0131 ve gururu ya\u015fatan \u00f6\u011frencilerimize m\u00fcte\u015fekkiriz. T\u00fcrkiye\u2019nin bilimsel ve teknolojik tabanl\u0131 i\u015flerdeki m\u00fcthi\u015f potansiyelini bilim a\u015f\u0131\u011f\u0131 gen\u00e7lerimizle hayata ge\u00e7irece\u011fiz\u201d ifadelerini kulland\u0131.<\/p>\n<p>Elde edilen b\u00fcy\u00fck ba\u015far\u0131n\u0131n ard\u0131ndan k\u0131sa bir a\u00e7\u0131klama yapan Nesibe Ayd\u0131n Okullar\u0131 Kurucusu E\u011fitimci Yazar Nesibe Ayd\u0131n ise, \u201cAvrupa Fizik Olimpiyatlar\u0131nda \u00fclkemizin elde etti\u011fi birincilik derecesiyle ya\u015fad\u0131\u011f\u0131m\u0131z gurur, girdi\u011fi s\u0131navlarda 33,4 puan alarak alt\u0131n madalya kazanan ve \u00fclke tak\u0131m\u0131z\u0131n birinci olmas\u0131nda ba\u015frol oynayan \u00f6\u011frencimiz Hadi Ert\u00fcrk\u2019\u00fcn ba\u015far\u0131s\u0131yla ikiye katland\u0131. Bu ba\u015far\u0131 bize g\u00f6sterdi ki, \u00fclkemizin muas\u0131r medeniyetler seviyesine ula\u015fmas\u0131 i\u00e7in T\u00fcrkiye\u2019nin 7 ili, 11 kamp\u00fcste verdi\u011fimiz emekler bo\u015fa gitmiyor ve bu emeklerin kar\u015f\u0131l\u0131\u011f\u0131n\u0131, Nesibe Ayd\u0131n Okullar\u0131 \u00f6\u011frencilerinin \u00fclkemize hediye etti\u011fi uluslararas\u0131 derecelerle al\u0131yoruz. \u00d6\u011frencimiz Hadi Ert\u00fcrk ile birlikte \u00fclkemize \u00e7ifte bayram ya\u015fatan t\u00fcm \u00e7ocuklar\u0131m\u0131z\u0131 kutluyor, 7-15 Temmuz\u2019da \u0130srail\u2019de ger\u00e7ekle\u015ftirilecek Uluslararas\u0131 Fizik Olimpiyatlar\u0131\u2019nda \u00fclkemizin y\u00fcz ak\u0131 \u00e7ocuklar\u0131m\u0131za can\u0131 g\u00f6n\u00fclden ba\u015far\u0131lar diliyorum\u201d diye konu\u015ftu.<\/p>\n","protected":false},"excerpt":{"rendered":"<p>NES\u0130BE AYDIN OKULLARI \u00d6\u011eRENC\u0130S\u0130 HAD\u0130 ERT\u00dcRK, AVRUPA F\u0130Z\u0130K OL\u0130MP\u0130YATLARINDA TOPLADI\u011eI PUANLARLA T\u00dcRK\u0130YE\u2019YE ALTIN MADALYA KAZANDIRDI<\/p>\n","protected":false},"author":1,"featured_media":166521,"comment_status":"closed","ping_status":"open","sticky":false,"template":"","format":"standard","meta":{"jetpack_post_was_ever_published":false,"_jetpack_newsletter_access":"","_jetpack_dont_email_post_to_subs":false,"_jetpack_newsletter_tier_id":0,"_jetpack_memberships_contains_paywalled_content":false,"_jetpack_memberships_contains_paid_content":false,"footnotes":"","jetpack_publicize_message":"","jetpack_publicize_feature_enabled":true,"jetpack_social_post_already_shared":true,"jetpack_social_options":{"image_generator_settings":{"template":"highway","default_image_id":0,"font":"","enabled":false},"version":2}},"categories":[1],"tags":[596,426,3800,16145,21560,12352,4071],"class_list":["post-166520","post","type-post","status-publish","format-standard","has-post-thumbnail","hentry","category-genel","tag-altin","tag-aydin","tag-madalya","tag-nesibe","tag-ogrencisinden","tag-okullari","tag-turkiyeye"],"jetpack_publicize_connections":[],"jetpack_featured_media_url":"https:\/\/i0.wp.com\/www.tvturk.com\/wp-content\/uploads\/2019\/06\/nesibe-aydin-okullari-ogrencisinden-turkiyeye-altin-madalya_65e080a.jpg?fit=1000%2C562","jetpack_sharing_enabled":true,"jetpack_shortlink":"https:\/\/wp.me\/paKIfm-HjO","_links":{"self":[{"href":"http:\/\/www.tvturk.com\/index.php\/wp-json\/wp\/v2\/posts\/166520","targetHints":{"allow":["GET"]}}],"collection":[{"href":"http:\/\/www.tvturk.com\/index.php\/wp-json\/wp\/v2\/posts"}],"about":[{"href":"http:\/\/www.tvturk.com\/index.php\/wp-json\/wp\/v2\/types\/post"}],"author":[{"embeddable":true,"href":"http:\/\/www.tvturk.com\/index.php\/wp-json\/wp\/v2\/users\/1"}],"replies":[{"embeddable":true,"href":"http:\/\/www.tvturk.com\/index.php\/wp-json\/wp\/v2\/comments?post=166520"}],"version-history":[{"count":0,"href":"http:\/\/www.tvturk.com\/index.php\/wp-json\/wp\/v2\/posts\/166520\/revisions"}],"wp:featuredmedia":[{"embeddable":true,"href":"http:\/\/www.tvturk.com\/index.php\/wp-json\/wp\/v2\/media\/166521"}],"wp:attachment":[{"href":"http:\/\/www.tvturk.com\/index.php\/wp-json\/wp\/v2\/media?parent=166520"}],"wp:term":[{"taxonomy":"category","embeddable":true,"href":"http:\/\/www.tvturk.com\/index.php\/wp-json\/wp\/v2\/categories?post=166520"},{"taxonomy":"post_tag","embeddable":true,"href":"http:\/\/www.tvturk.com\/index.php\/wp-json\/wp\/v2\/tags?post=166520"}],"curies":[{"name":"wp","href":"https:\/\/api.w.org\/{rel}","templated":true}]}}