{"id":166550,"date":"2019-06-07T12:26:24","date_gmt":"2019-06-07T09:26:24","guid":{"rendered":"http:\/\/www.tvturk.com\/index.php\/ankara-itfaiye-daire-baskanligi-baskentlilere-gol-golet-ve-barajlara-girmeyin-uyarisinda-bulundu\/"},"modified":"2019-06-07T12:26:24","modified_gmt":"2019-06-07T09:26:24","slug":"ankara-itfaiye-daire-baskanligi-baskentlilere-gol-golet-ve-barajlara-girmeyin-uyarisinda-bulundu","status":"publish","type":"post","link":"http:\/\/www.tvturk.com\/index.php\/ankara-itfaiye-daire-baskanligi-baskentlilere-gol-golet-ve-barajlara-girmeyin-uyarisinda-bulundu\/","title":{"rendered":"Ankara \u0130tfaiye Daire Ba\u015fkanl\u0131\u011f\u0131 ba\u015fkentlilere g\u00f6l, g\u00f6let ve barajlara girmeyin uyar\u0131s\u0131nda bulundu"},"content":{"rendered":"<p>B\u00fcy\u00fck\u015fehir Belediyesi Ankara \u0130tfaiye Daire Ba\u015fkanl\u0131\u011f\u0131, hava s\u0131cakl\u0131klar\u0131n\u0131n artmas\u0131 ile birlikte y\u00fczmek ve serinlemek amac\u0131yla girilen g\u00f6l, g\u00f6let ve barajlara girilmemesi y\u00f6n\u00fcnde Ba\u015fkentlileri uyard\u0131.<\/p>\n<p>Ankara B\u00fcy\u00fck\u015fehir Belediyesi \u0130tfaiye Daire Ba\u015fkan\u0131 Salih Kurumlu, Ba\u015fkent ve \u00e7evresinde Mogan, Mavi G\u00f6l, Kurtbo\u011faz\u0131 Baraj\u0131, Hirfanl\u0131 Baraj\u0131 ve Kesikk\u00f6pr\u00fc gibi \u00e7ok say\u0131da g\u00f6l, g\u00f6let ve baraj bulundu\u011funa dikkat \u00e7ekerek, \u015fu uyar\u0131larda bulundu:<\/p>\n<p>\u201cHavalar\u0131n \u0131s\u0131nmas\u0131 ile birlikte maalesef bo\u011fulma olaylar\u0131 \u00e7o\u011fal\u0131yor. \u00d6zellikle k\u0131rsalda bu konuda \u00e7ocuklar\u0131n \u00e7ok dikkat etmesi laz\u0131m. G\u00f6let ve barajlarda y\u00fczme bilseler dahi bu sulara girmemeleri laz\u0131m. Halk\u0131m\u0131z\u0131 \u00f6zellikle uyar\u0131yoruz. Keyifle gitti\u011fimiz piknikler trajediye d\u00f6n\u00fc\u015f\u00fcyor maalesef. \u00c7ocuklar ve aileleri bilmedikleri suya girmesinler. Bunlar \u00e7ok k\u00f6t\u00fc sonu\u00e7lar do\u011furabiliyor, ocaklar s\u00f6n\u00fcyor. L\u00fctfen dikkat etsinler, ak\u0131nt\u0131l\u0131 sular, barajlar bu tarz yerlerde \u00e7ocuklar\u0131n\u0131 suya sokmas\u0131nlar. Bu t\u00fcr vakalar \u00f6l\u00fcmle sonu\u00e7lanabiliyor. Ailelerden destek bekliyoruz.\u201d<\/p>\n<p>Misina ve bal\u0131k a\u011flar\u0131na dikkat<\/p>\n<p>Ankara ve \u00e7evresinde yer alan akarsu, g\u00f6let ve barajlarda ka\u00e7ak bal\u0131k avc\u0131l\u0131\u011f\u0131n\u0131n yap\u0131ld\u0131\u011f\u0131n\u0131 da belirten Kurumlu, bu sularda suyun i\u00e7ine b\u0131rak\u0131lan bal\u0131k a\u011f\u0131 ve misina iplerinin y\u00fczeyden g\u00f6r\u00fclmedi\u011fini de hat\u0131rlatarak, suya oynamak, y\u00fczmek ya da e\u011flenmek amac\u0131yla giren insanlar i\u00e7in hayati tehlike olu\u015fturdu\u011funu vurgulad\u0131. Ankara itfaiyesi verilerine g\u00f6re, \u201cSualt\u0131 Arama ve Kurtarma Timi\u201d taraf\u0131ndan sadece 2014-2018 y\u0131llar\u0131 aras\u0131nda g\u00f6l, g\u00f6let ve barajlardan 49 ki\u015finin cans\u0131z bedeni \u00e7\u0131kart\u0131ld\u0131.<\/p>\n","protected":false},"excerpt":{"rendered":"<p>B\u00dcY\u00dcK\u015eEH\u0130R BELED\u0130YES\u0130 ANKARA \u0130TFA\u0130YE DA\u0130RE BA\u015eKANLI\u011eI, HAVA SICAKLIKLARININ ARTMASI \u0130LE B\u0130RL\u0130KTE Y\u00dcZMEK VE SER\u0130NLEMEK AMACIYLA G\u0130R\u0130LEN G\u00d6L, G\u00d6LET VE BARAJLARA G\u0130R\u0130LMEMES\u0130 Y\u00d6N\u00dcNDE BA\u015eKENTL\u0130LER\u0130 UYARDI.<\/p>\n","protected":false},"author":1,"featured_media":166551,"comment_status":"closed","ping_status":"open","sticky":false,"template":"","format":"standard","meta":{"jetpack_post_was_ever_published":false,"_jetpack_newsletter_access":"","_jetpack_dont_email_post_to_subs":false,"_jetpack_newsletter_tier_id":0,"_jetpack_memberships_contains_paywalled_content":false,"_jetpack_memberships_contains_paid_content":false,"footnotes":"","jetpack_publicize_message":"","jetpack_publicize_feature_enabled":true,"jetpack_social_post_already_shared":true,"jetpack_social_options":{"image_generator_settings":{"template":"highway","default_image_id":0,"font":"","enabled":false},"version":2}},"categories":[1],"tags":[1475,4185,3216,39747,204,1641,1346,3178,5663,764,39748],"class_list":["post-166550","post","type-post","status-publish","format-standard","has-post-thumbnail","hentry","category-genel","tag-ankara","tag-barajlara","tag-baskanligi","tag-baskentlilere","tag-bulundu","tag-daire","tag-girmeyin","tag-gol","tag-golet","tag-itfaiye","tag-uyarisinda"],"jetpack_publicize_connections":[],"jetpack_featured_media_url":"https:\/\/i0.wp.com\/www.tvturk.com\/wp-content\/uploads\/2019\/06\/ankara-itfaiye-daire-baskanligi-baskentlilere-gol-golet-ve-barajlara-girmeyin-uyarisinda-bulundu_e29e6da.jpg?fit=1000%2C666","jetpack_sharing_enabled":true,"jetpack_shortlink":"https:\/\/wp.me\/paKIfm-Hki","_links":{"self":[{"href":"http:\/\/www.tvturk.com\/index.php\/wp-json\/wp\/v2\/posts\/166550","targetHints":{"allow":["GET"]}}],"collection":[{"href":"http:\/\/www.tvturk.com\/index.php\/wp-json\/wp\/v2\/posts"}],"about":[{"href":"http:\/\/www.tvturk.com\/index.php\/wp-json\/wp\/v2\/types\/post"}],"author":[{"embeddable":true,"href":"http:\/\/www.tvturk.com\/index.php\/wp-json\/wp\/v2\/users\/1"}],"replies":[{"embeddable":true,"href":"http:\/\/www.tvturk.com\/index.php\/wp-json\/wp\/v2\/comments?post=166550"}],"version-history":[{"count":0,"href":"http:\/\/www.tvturk.com\/index.php\/wp-json\/wp\/v2\/posts\/166550\/revisions"}],"wp:featuredmedia":[{"embeddable":true,"href":"http:\/\/www.tvturk.com\/index.php\/wp-json\/wp\/v2\/media\/166551"}],"wp:attachment":[{"href":"http:\/\/www.tvturk.com\/index.php\/wp-json\/wp\/v2\/media?parent=166550"}],"wp:term":[{"taxonomy":"category","embeddable":true,"href":"http:\/\/www.tvturk.com\/index.php\/wp-json\/wp\/v2\/categories?post=166550"},{"taxonomy":"post_tag","embeddable":true,"href":"http:\/\/www.tvturk.com\/index.php\/wp-json\/wp\/v2\/tags?post=166550"}],"curies":[{"name":"wp","href":"https:\/\/api.w.org\/{rel}","templated":true}]}}