{"id":166570,"date":"2019-06-07T12:55:19","date_gmt":"2019-06-07T09:55:19","guid":{"rendered":"http:\/\/www.tvturk.com\/index.php\/evkur-yeni-malatyasporun-yeni-teknik-direktoru-kongrede-aciklanacak\/"},"modified":"2019-06-07T12:55:19","modified_gmt":"2019-06-07T09:55:19","slug":"evkur-yeni-malatyasporun-yeni-teknik-direktoru-kongrede-aciklanacak","status":"publish","type":"post","link":"http:\/\/www.tvturk.com\/index.php\/evkur-yeni-malatyasporun-yeni-teknik-direktoru-kongrede-aciklanacak\/","title":{"rendered":"Evkur Yeni Malatyaspor\u2019un yeni teknik direkt\u00f6r\u00fc kongrede a\u00e7\u0131klanacak"},"content":{"rendered":"<p>Evkur Yeni Malatyaspor\u2019da 9 Haziran Pazar g\u00fcn\u00fc yap\u0131lacak Se\u00e7imli Ola\u011fan Kongre\u2019de mevcut ba\u015fkan Adil Gevrek, tek listeyle se\u00e7ime girecek. Gevrek\u2019in kongrede tak\u0131m\u0131n yeni teknik direkt\u00f6r\u00fcn\u00fc de a\u00e7\u0131klamas\u0131 bekleniyor.<\/p>\n<p>E.Y. Malatyaspor\u2019da 9 Haziran Pazar g\u00fcn\u00fc Se\u00e7imli Ola\u011fan Kongre heyecan\u0131 ya\u015fanacak. 2 Haziran Pazar g\u00fcn\u00fc gerekli \u00e7o\u011funluk sa\u011flanamad\u0131\u011f\u0131 i\u00e7in bu hafta sonuna ertelenen kongreye mevcut ba\u015fkan Adil Gevrek, tek liste halinde girecek. Gevrek\u2019in camian\u0131n merakla bekledi\u011fi yeni teknik direkt\u00f6r\u00fcn kim olaca\u011f\u0131 sorusuna da burada yan\u0131t verece\u011fi ifade ediliyor.<\/p>\n<p>Ba\u015fkan Gevrek\u2019in tak\u0131m\u0131n ba\u015f\u0131na ge\u00e7ecek ismi s\u0131r gibi saklad\u0131\u011f\u0131, yak\u0131n \u00e7evresiyle bile payla\u015fmad\u0131\u011f\u0131 belirtiliyor.<\/p>\n<p>Pazar g\u00fcn\u00fc kongrede yeniden ba\u015fkan se\u00e7ilmesi durumunda kul\u00fcpte de ikinci Adil Gevrek d\u00f6nemi resmen ba\u015flam\u0131\u015f olacak.<\/p>\n","protected":false},"excerpt":{"rendered":"<p>EVKUR YEN\u0130 MALATYASPOR\u2019DAN YEN\u0130 TEKN\u0130K ADAMIN \u0130SM\u0130 KONGREDE BELL\u0130 OLACAK<\/p>\n","protected":false},"author":1,"featured_media":166571,"comment_status":"closed","ping_status":"open","sticky":false,"template":"","format":"standard","meta":{"jetpack_post_was_ever_published":false,"_jetpack_newsletter_access":"","_jetpack_dont_email_post_to_subs":false,"_jetpack_newsletter_tier_id":0,"_jetpack_memberships_contains_paywalled_content":false,"_jetpack_memberships_contains_paid_content":false,"footnotes":"","jetpack_publicize_message":"","jetpack_publicize_feature_enabled":true,"jetpack_social_post_already_shared":true,"jetpack_social_options":{"image_generator_settings":{"template":"highway","default_image_id":0,"font":"","enabled":false},"version":2}},"categories":[657],"tags":[36884,10790,14168,17972,5077,2082,87],"class_list":["post-166570","post","type-post","status-publish","format-standard","has-post-thumbnail","hentry","category-spor","tag-aciklanacak","tag-direktoru","tag-evkur","tag-kongrede","tag-malatyasporun","tag-teknik","tag-yeni"],"jetpack_publicize_connections":[],"jetpack_featured_media_url":"https:\/\/i0.wp.com\/www.tvturk.com\/wp-content\/uploads\/2019\/06\/evkur-yeni-malatyasporun-yeni-teknik-direktoru-kongrede-aciklanacak_c409ec9.jpg?fit=960%2C640","jetpack_sharing_enabled":true,"jetpack_shortlink":"https:\/\/wp.me\/paKIfm-HkC","_links":{"self":[{"href":"http:\/\/www.tvturk.com\/index.php\/wp-json\/wp\/v2\/posts\/166570","targetHints":{"allow":["GET"]}}],"collection":[{"href":"http:\/\/www.tvturk.com\/index.php\/wp-json\/wp\/v2\/posts"}],"about":[{"href":"http:\/\/www.tvturk.com\/index.php\/wp-json\/wp\/v2\/types\/post"}],"author":[{"embeddable":true,"href":"http:\/\/www.tvturk.com\/index.php\/wp-json\/wp\/v2\/users\/1"}],"replies":[{"embeddable":true,"href":"http:\/\/www.tvturk.com\/index.php\/wp-json\/wp\/v2\/comments?post=166570"}],"version-history":[{"count":0,"href":"http:\/\/www.tvturk.com\/index.php\/wp-json\/wp\/v2\/posts\/166570\/revisions"}],"wp:featuredmedia":[{"embeddable":true,"href":"http:\/\/www.tvturk.com\/index.php\/wp-json\/wp\/v2\/media\/166571"}],"wp:attachment":[{"href":"http:\/\/www.tvturk.com\/index.php\/wp-json\/wp\/v2\/media?parent=166570"}],"wp:term":[{"taxonomy":"category","embeddable":true,"href":"http:\/\/www.tvturk.com\/index.php\/wp-json\/wp\/v2\/categories?post=166570"},{"taxonomy":"post_tag","embeddable":true,"href":"http:\/\/www.tvturk.com\/index.php\/wp-json\/wp\/v2\/tags?post=166570"}],"curies":[{"name":"wp","href":"https:\/\/api.w.org\/{rel}","templated":true}]}}