{"id":166602,"date":"2019-06-07T14:32:19","date_gmt":"2019-06-07T11:32:19","guid":{"rendered":"http:\/\/www.tvturk.com\/index.php\/teleferige-rekor-ilgi\/"},"modified":"2019-06-07T14:32:19","modified_gmt":"2019-06-07T11:32:19","slug":"teleferige-rekor-ilgi","status":"publish","type":"post","link":"http:\/\/www.tvturk.com\/index.php\/teleferige-rekor-ilgi\/","title":{"rendered":"Teleferi\u011fe rekor ilgi"},"content":{"rendered":"<p>Ordu\u2019da 530 metre y\u00fckseklikte kentin cazibe merkezlerinden biri olan, yerli ve yabanc\u0131 turistlerin ilgi oda\u011f\u0131 haline gelen Boztepe\u2019ye ula\u015f\u0131mda b\u00fcy\u00fck kolayl\u0131k sa\u011flayan teleferik, 9 g\u00fcnl\u00fck bayram tatilinin tamamlanmas\u0131na g\u00fcnler kala yakla\u015f\u0131k 50 bin ki\u015fiyi a\u011f\u0131rlad\u0131.<\/p>\n<p>Teleferik istasyonunda Boztepe\u2019ye \u00e7\u0131kmak ve bu e\u015fsiz yolculu\u011fu ger\u00e7ekle\u015ftirmek i\u00e7in kuyrukta bekleyen binlerce ki\u015fiye ise, \u201cBu yolculuk i\u00e7in de\u011fer\u201d dedirtti.<\/p>\n<p>Bayram\u0131n ilk g\u00fcn\u00fcnden itibaren \u015fehrin e\u015fsiz manzaras\u0131n\u0131 izlemek i\u00e7in teleferik yolculu\u011funu se\u00e7en vatanda\u015flar teleferik istasyonunda uzun kuyruklar olu\u015fturdu. 0-6 ya\u015f gurubunun \u00fccretsiz olarak kulland\u0131\u011f\u0131 teleferik, 9 g\u00fcnl\u00fck Ramazan Bayram\u0131 tatilinin tamamlanmas\u0131na g\u00fcnler kala on binlerce ki\u015fiye hizmet verdi.<\/p>\n<p>\u201cBoztepe bu \u015fehrin markas\u0131d\u0131r\u201d<\/p>\n<p>T\u00fcrkiye\u2019nin turizm ve cazibe merkezlerinden biri haline gelmeye ba\u015flayan Boztepe\u2019ye ilginin her ge\u00e7en g\u00fcn artt\u0131\u011f\u0131na dikkat \u00e7eken Ba\u015fkan Dr. Mehmet Hilmi G\u00fcler, \u201cMisafirlerimiz Boztepe\u2019ye t\u0131rmanan teleferikle yolculuk ederek \u015fehrin ku\u015fbak\u0131\u015f\u0131 g\u00f6r\u00fcnt\u00fcs\u00fcn\u00fcn yan\u0131nda hem ye\u015fil ve mavinin e\u015fsiz tonlar\u0131na sahip Karadeniz\u2019i, hem de il\u00e7e merkezinde bulunan t\u00fcm dokuyu tek seferde g\u00f6rme imkan\u0131n\u0131 buluyor. Teleferi\u011fin, Ordu turizmine ve istihdam\u0131na katk\u0131s\u0131 \u00e7ok fazla. B\u00fcy\u00fck\u015fehir Belediyesi olarak bizler bu ilginin daha da artmas\u0131 i\u00e7in gerekli t\u00fcm \u00e7al\u0131\u015fmalar\u0131 s\u00fcrd\u00fcr\u00fcyoruz. \u2018Macera Park\u2019, \u2018Bulutlara Dokunun\u2019 gibi projelerle Boztepe\u2019deki aktiviteleri artt\u0131rmak istiyoruz. Boztepe bu kentin bir markas\u0131d\u0131r ve biz bu markay\u0131 zirveye y\u00fckseltmek istiyoruz\u201d dedi.<\/p>\n<p>Boztepe\u2019ye ula\u015f\u0131m sa\u011flayan teleferi\u011fi tercih edenlerin bir\u00e7o\u011funun bayram tatilinde Ordu\u2019ya veya \u00e7evre illere bayram tatili i\u00e7in gelenlerin olmas\u0131 dikkatlerden ka\u00e7mad\u0131. Her ge\u00e7en g\u00fcn T\u00fcrkiye\u2019nin turizmde marka yerlerinden biri haline gelen Boztepe\u2019ye ula\u015f\u0131mda b\u00fcy\u00fck bir kolayl\u0131k sa\u011flayan teleferi\u011fi kullanmak i\u00e7in uzun s\u00fcre kuyrukta bekleyenler, \u201cB\u00f6yle bir g\u00fczellik i\u00e7in beklemeye de\u011fer\u201d g\u00f6r\u00fc\u015flerini payla\u015ft\u0131lar. Vatanda\u015flar, \u201cMuhte\u015fem Ordu manzaras\u0131n\u0131 g\u00f6rmek istiyorsan\u0131z teleferikle mutlaka yap\u0131lmas\u0131 gereken bir yolculuk. Uzun s\u00fcre kuyrukta beklemekten hi\u00e7 s\u0131k\u0131lmad\u0131k. \u00c7\u00fcnk\u00fc Boztepe\u2019ye teleferik yolculu\u011fu ile \u00e7\u0131kmaya ve e\u015fsiz Ordu manzaras\u0131n\u0131 izlemeye de\u011fer. Ordu \u00e7ok g\u00fczel bir kent. Tatil i\u00e7in Ordu gezilip g\u00f6r\u00fclebilecek illerden bir tanesi. Do\u011fal g\u00fczelliklerin, ye\u015fil ve mavinin s\u0131n\u0131rs\u0131z renklerinin harmanland\u0131\u011f\u0131 do\u011fa harikas\u0131 bir kent. Buray\u0131 gezip g\u00f6rmeyi herkese tavsiye ediyoruz. \u00c7ok g\u00fczel zaman ge\u00e7iriyoruz\u201d \u015feklinde konu\u015ftu.<\/p>\n","protected":false},"excerpt":{"rendered":"<p>ORDU\u2019DA 530 METRE Y\u00dcKSEKL\u0130KTE KENT\u0130N CAZ\u0130BE MERKEZLER\u0130NDEN B\u0130R\u0130 OLAN, YERL\u0130 VE YABANCI TUR\u0130STLER\u0130N \u0130LG\u0130 ODA\u011eI HAL\u0130NE GELEN BOZTEPE\u2019YE ULA\u015eIMDA B\u00dcY\u00dcK KOLAYLIK SA\u011eLAYAN TELEFER\u0130K, 9 G\u00dcNL\u00dcK BAYRAM TAT\u0130L\u0130N\u0130N TAMAMLANMASINA G\u00dcNLER KALA YAKLA\u015eIK 50 B\u0130N K\u0130\u015e\u0130Y\u0130 A\u011eIRLADI.<\/p>\n","protected":false},"author":1,"featured_media":166603,"comment_status":"closed","ping_status":"open","sticky":false,"template":"","format":"standard","meta":{"jetpack_post_was_ever_published":false,"_jetpack_newsletter_access":"","_jetpack_dont_email_post_to_subs":false,"_jetpack_newsletter_tier_id":0,"_jetpack_memberships_contains_paywalled_content":false,"_jetpack_memberships_contains_paid_content":false,"footnotes":"","jetpack_publicize_message":"","jetpack_publicize_feature_enabled":true,"jetpack_social_post_already_shared":true,"jetpack_social_options":{"image_generator_settings":{"template":"highway","default_image_id":0,"font":"","enabled":false},"version":2}},"categories":[1],"tags":[1726,982,9962],"class_list":["post-166602","post","type-post","status-publish","format-standard","has-post-thumbnail","hentry","category-genel","tag-ilgi","tag-rekor","tag-teleferige"],"jetpack_publicize_connections":[],"jetpack_featured_media_url":"https:\/\/i0.wp.com\/www.tvturk.com\/wp-content\/uploads\/2019\/06\/teleferige-rekor-ilgi_1f47118.jpg?fit=1000%2C666","jetpack_sharing_enabled":true,"jetpack_shortlink":"https:\/\/wp.me\/paKIfm-Hl8","_links":{"self":[{"href":"http:\/\/www.tvturk.com\/index.php\/wp-json\/wp\/v2\/posts\/166602","targetHints":{"allow":["GET"]}}],"collection":[{"href":"http:\/\/www.tvturk.com\/index.php\/wp-json\/wp\/v2\/posts"}],"about":[{"href":"http:\/\/www.tvturk.com\/index.php\/wp-json\/wp\/v2\/types\/post"}],"author":[{"embeddable":true,"href":"http:\/\/www.tvturk.com\/index.php\/wp-json\/wp\/v2\/users\/1"}],"replies":[{"embeddable":true,"href":"http:\/\/www.tvturk.com\/index.php\/wp-json\/wp\/v2\/comments?post=166602"}],"version-history":[{"count":0,"href":"http:\/\/www.tvturk.com\/index.php\/wp-json\/wp\/v2\/posts\/166602\/revisions"}],"wp:featuredmedia":[{"embeddable":true,"href":"http:\/\/www.tvturk.com\/index.php\/wp-json\/wp\/v2\/media\/166603"}],"wp:attachment":[{"href":"http:\/\/www.tvturk.com\/index.php\/wp-json\/wp\/v2\/media?parent=166602"}],"wp:term":[{"taxonomy":"category","embeddable":true,"href":"http:\/\/www.tvturk.com\/index.php\/wp-json\/wp\/v2\/categories?post=166602"},{"taxonomy":"post_tag","embeddable":true,"href":"http:\/\/www.tvturk.com\/index.php\/wp-json\/wp\/v2\/tags?post=166602"}],"curies":[{"name":"wp","href":"https:\/\/api.w.org\/{rel}","templated":true}]}}