{"id":166610,"date":"2019-06-07T14:57:22","date_gmt":"2019-06-07T11:57:22","guid":{"rendered":"http:\/\/www.tvturk.com\/index.php\/muradiye-selalesinde-bayram-yogunlugu\/"},"modified":"2019-06-07T14:57:22","modified_gmt":"2019-06-07T11:57:22","slug":"muradiye-selalesinde-bayram-yogunlugu","status":"publish","type":"post","link":"http:\/\/www.tvturk.com\/index.php\/muradiye-selalesinde-bayram-yogunlugu\/","title":{"rendered":"Muradiye \u015eelalesi\u2019nde bayram yo\u011funlu\u011fu"},"content":{"rendered":"<p>Van\u2019\u0131n Muradiye il\u00e7esindeki Muradiye \u015eelalesi, 9 g\u00fcnl\u00fck bayram tatili nedeniyle ziyaret\u00e7ilerle dolup ta\u015ft\u0131.<\/p>\n<p>Yerli ve yabanc\u0131 turistlerin u\u011frak yeri olan Muradiye \u015eelalesi, yeni g\u00f6r\u00fcnt\u00fcs\u00fcyle b\u00fcy\u00fck be\u011feni topluyor. Her mevsim oldu\u011fu gibi bayram g\u00fcn\u00fcnde de c\u0131v\u0131l c\u0131v\u0131l olan Muradiye \u015eelalesi, 9 g\u00fcnl\u00fck bayram tatili nedeniyle yo\u011fun ilgi g\u00f6rd\u00fc. \u0130zmir\u2019den geldi\u011fini belirten Altan \u00c7oban, paket halinde do\u011fuyu gezdiklerini belirterek, \u015felaleyi \u00e7ok be\u011fendi\u011fini s\u00f6yledi. \u00c7oban, \u201cT\u00fcrkiye\u2019de gezilecek yerlerden biri de Muradiye \u015eelalesi\u2019dir. Gelip g\u00f6rmeyenlere tavsiyem, muhakkak g\u00f6rmeleri gereken bir yer. Do\u011fu ger\u00e7ekten g\u00fczel bir yer. Bayram ziyareti nedeniyle geldim. \u0130yi ki gelmi\u015fiz. Aile olarak do\u011fu turumuz Erzurum\u2019a kadar devam edecek\u201d dedi.<\/p>\n<p>Baz\u0131 vatanda\u015flar ise \u015felaleyi ilk kez bu kadar kalabal\u0131k g\u00f6rd\u00fcklerini belirterek, yetkililerin \u015felaleyi daha g\u00fczel ve rahat edilebilecek bir duruma getirmelerini istedi.<\/p>\n<p>\u015eelalenin e\u015fsiz g\u00fczelli\u011fi kar\u015f\u0131s\u0131nda hat\u0131ra foto\u011fraf \u00e7eken vatanda\u015flar, mangal keyfi yaparak tatilin tad\u0131n\u0131 \u00e7\u0131kard\u0131.<\/p>\n","protected":false},"excerpt":{"rendered":"<p>VAN\u2019IN MURAD\u0130YE \u0130L\u00c7ES\u0130NDEK\u0130 MURAD\u0130YE \u015eELALES\u0130, 9 G\u00dcNL\u00dcK BAYRAM TAT\u0130L\u0130 NEDEN\u0130YLE Z\u0130YARET\u00c7\u0130LERLE DOLUP TA\u015eTI.<\/p>\n","protected":false},"author":1,"featured_media":166611,"comment_status":"closed","ping_status":"open","sticky":false,"template":"","format":"standard","meta":{"jetpack_post_was_ever_published":false,"_jetpack_newsletter_access":"","_jetpack_dont_email_post_to_subs":false,"_jetpack_newsletter_tier_id":0,"_jetpack_memberships_contains_paywalled_content":false,"_jetpack_memberships_contains_paid_content":false,"footnotes":"","jetpack_publicize_message":"","jetpack_publicize_feature_enabled":true,"jetpack_social_post_already_shared":true,"jetpack_social_options":{"image_generator_settings":{"template":"highway","default_image_id":0,"font":"","enabled":false},"version":2}},"categories":[1],"tags":[23995,8939,33628,10277],"class_list":["post-166610","post","type-post","status-publish","format-standard","has-post-thumbnail","hentry","category-genel","tag-bayram","tag-muradiye","tag-selalesinde","tag-yogunlugu"],"jetpack_publicize_connections":[],"jetpack_featured_media_url":"https:\/\/i0.wp.com\/www.tvturk.com\/wp-content\/uploads\/2019\/06\/muradiye-selalesinde-bayram-yogunlugu_594975a.jpg?fit=1000%2C666","jetpack_sharing_enabled":true,"jetpack_shortlink":"https:\/\/wp.me\/paKIfm-Hlg","_links":{"self":[{"href":"http:\/\/www.tvturk.com\/index.php\/wp-json\/wp\/v2\/posts\/166610","targetHints":{"allow":["GET"]}}],"collection":[{"href":"http:\/\/www.tvturk.com\/index.php\/wp-json\/wp\/v2\/posts"}],"about":[{"href":"http:\/\/www.tvturk.com\/index.php\/wp-json\/wp\/v2\/types\/post"}],"author":[{"embeddable":true,"href":"http:\/\/www.tvturk.com\/index.php\/wp-json\/wp\/v2\/users\/1"}],"replies":[{"embeddable":true,"href":"http:\/\/www.tvturk.com\/index.php\/wp-json\/wp\/v2\/comments?post=166610"}],"version-history":[{"count":0,"href":"http:\/\/www.tvturk.com\/index.php\/wp-json\/wp\/v2\/posts\/166610\/revisions"}],"wp:featuredmedia":[{"embeddable":true,"href":"http:\/\/www.tvturk.com\/index.php\/wp-json\/wp\/v2\/media\/166611"}],"wp:attachment":[{"href":"http:\/\/www.tvturk.com\/index.php\/wp-json\/wp\/v2\/media?parent=166610"}],"wp:term":[{"taxonomy":"category","embeddable":true,"href":"http:\/\/www.tvturk.com\/index.php\/wp-json\/wp\/v2\/categories?post=166610"},{"taxonomy":"post_tag","embeddable":true,"href":"http:\/\/www.tvturk.com\/index.php\/wp-json\/wp\/v2\/tags?post=166610"}],"curies":[{"name":"wp","href":"https:\/\/api.w.org\/{rel}","templated":true}]}}