{"id":166614,"date":"2019-06-07T15:01:42","date_gmt":"2019-06-07T12:01:42","guid":{"rendered":"http:\/\/www.tvturk.com\/index.php\/binali-yildirim-cuma-namazini-balikligolde-kildi\/"},"modified":"2019-06-07T15:01:42","modified_gmt":"2019-06-07T12:01:42","slug":"binali-yildirim-cuma-namazini-balikligolde-kildi","status":"publish","type":"post","link":"http:\/\/www.tvturk.com\/index.php\/binali-yildirim-cuma-namazini-balikligolde-kildi\/","title":{"rendered":"Binali Y\u0131ld\u0131r\u0131m, cuma namaz\u0131n\u0131 Bal\u0131kl\u0131g\u00f6l\u2019de k\u0131ld\u0131"},"content":{"rendered":"<p>Cuma namaz\u0131n\u0131 \u015eanl\u0131urfa\u2019da k\u0131lan Binali Y\u0131ld\u0131r\u0131m, ba\u015fkan Binali sloganlar\u0131 ile kar\u015f\u0131land\u0131\u011f\u0131 Bal\u0131kl\u0131g\u00f6l\u2019de bal\u0131klara yem att\u0131.<\/p>\n<p>Cumhur \u0130ttifak\u0131\u2019n\u0131n \u0130stanbul B\u00fcy\u00fck\u015fehir Belediye Ba\u015fkan Aday\u0131 Binali Y\u0131ld\u0131r\u0131m, cuma namaz\u0131n\u0131 \u015eanl\u0131urfa Bal\u0131kl\u0131g\u00f6l platosunda bulunan Halil \u00dcr-Rahman Camisinde k\u0131ld\u0131. Cami giri\u015fi ve \u00e7\u0131k\u0131\u015f\u0131 vatanda\u015flar\u0131n yo\u011fun ilgisiyle kar\u015f\u0131la\u015fan Y\u0131ld\u0131r\u0131m, kalabal\u0131\u011f\u0131n aras\u0131nda ilerlemekte zorland\u0131. Bal\u0131klara yem atan Y\u0131ld\u0131r\u0131m, kendisiyle foto\u011fraf \u00e7ektirmek isteyen vatanda\u015flar\u0131 da k\u0131rmayarak foto\u011fraf \u00e7ektirdi.<\/p>\n<p>\u201cBa\u015fkan Binali\u201d sloganlar\u0131 aras\u0131nda Bal\u0131kl\u0131g\u00f6l\u2019den ayr\u0131lan Binali Y\u0131ld\u0131r\u0131m, tarihi \u00e7ar\u015f\u0131lar b\u00f6lgesine ge\u00e7erek esnaf\u0131 ziyaret etti<\/p>\n","protected":false},"excerpt":{"rendered":"<p>CUMA NAMAZINI \u015eANLIURFA&#8217;DA KILAN B\u0130NAL\u0130 YILDIRIM, BA\u015eKAN B\u0130NAL\u0130 SLOGANLARI \u0130LE KAR\u015eILANDI\u011eI BALIKLIG\u00d6L&#8217;DE BALIKLARA YEM ATTI.<\/p>\n","protected":false},"author":1,"featured_media":166615,"comment_status":"closed","ping_status":"open","sticky":false,"template":"","format":"standard","meta":{"jetpack_post_was_ever_published":false,"_jetpack_newsletter_access":"","_jetpack_dont_email_post_to_subs":false,"_jetpack_newsletter_tier_id":0,"_jetpack_memberships_contains_paywalled_content":false,"_jetpack_memberships_contains_paid_content":false,"footnotes":"","jetpack_publicize_message":"","jetpack_publicize_feature_enabled":true,"jetpack_social_post_already_shared":true,"jetpack_social_options":{"image_generator_settings":{"template":"highway","default_image_id":0,"font":"","enabled":false},"version":2}},"categories":[1],"tags":[17929,3333,6705,6709,6706,376],"class_list":["post-166614","post","type-post","status-publish","format-standard","has-post-thumbnail","hentry","category-genel","tag-balikligolde","tag-binali","tag-cuma","tag-kildi","tag-namazini","tag-yildirim"],"jetpack_publicize_connections":[],"jetpack_featured_media_url":"https:\/\/i0.wp.com\/www.tvturk.com\/wp-content\/uploads\/2019\/06\/binali-yildirim-cuma-namazini-balikligolde-kildi_28a67d9.jpg?fit=1000%2C666","jetpack_sharing_enabled":true,"jetpack_shortlink":"https:\/\/wp.me\/paKIfm-Hlk","_links":{"self":[{"href":"http:\/\/www.tvturk.com\/index.php\/wp-json\/wp\/v2\/posts\/166614","targetHints":{"allow":["GET"]}}],"collection":[{"href":"http:\/\/www.tvturk.com\/index.php\/wp-json\/wp\/v2\/posts"}],"about":[{"href":"http:\/\/www.tvturk.com\/index.php\/wp-json\/wp\/v2\/types\/post"}],"author":[{"embeddable":true,"href":"http:\/\/www.tvturk.com\/index.php\/wp-json\/wp\/v2\/users\/1"}],"replies":[{"embeddable":true,"href":"http:\/\/www.tvturk.com\/index.php\/wp-json\/wp\/v2\/comments?post=166614"}],"version-history":[{"count":0,"href":"http:\/\/www.tvturk.com\/index.php\/wp-json\/wp\/v2\/posts\/166614\/revisions"}],"wp:featuredmedia":[{"embeddable":true,"href":"http:\/\/www.tvturk.com\/index.php\/wp-json\/wp\/v2\/media\/166615"}],"wp:attachment":[{"href":"http:\/\/www.tvturk.com\/index.php\/wp-json\/wp\/v2\/media?parent=166614"}],"wp:term":[{"taxonomy":"category","embeddable":true,"href":"http:\/\/www.tvturk.com\/index.php\/wp-json\/wp\/v2\/categories?post=166614"},{"taxonomy":"post_tag","embeddable":true,"href":"http:\/\/www.tvturk.com\/index.php\/wp-json\/wp\/v2\/tags?post=166614"}],"curies":[{"name":"wp","href":"https:\/\/api.w.org\/{rel}","templated":true}]}}