{"id":166634,"date":"2019-06-07T15:35:53","date_gmt":"2019-06-07T12:35:53","guid":{"rendered":"http:\/\/www.tvturk.com\/index.php\/tekirdagda-yagli-gures-heyecani-yasandi\/"},"modified":"2019-06-07T15:35:53","modified_gmt":"2019-06-07T12:35:53","slug":"tekirdagda-yagli-gures-heyecani-yasandi","status":"publish","type":"post","link":"http:\/\/www.tvturk.com\/index.php\/tekirdagda-yagli-gures-heyecani-yasandi\/","title":{"rendered":"Tekirda\u011f\u2019da ya\u011fl\u0131 g\u00fcre\u015f heyecan\u0131 ya\u015fand\u0131"},"content":{"rendered":"<p>55\u2019inci Kiraz Festivali kapsam\u0131nda Tekirda\u011f\u2019da H\u00fcseyin Pehlivan Ya\u011fl\u0131 Pehlivan G\u00fcre\u015fleri  m\u00fcsabakalar\u0131 ger\u00e7ekle\u015fti.<\/p>\n<p>S\u00fcleymanpa\u015fa Belediyesi taraf\u0131ndan bu y\u0131l 55. kez d\u00fczenlenen Uluslararas\u0131 Kiraz Festivali, g\u00f6rkemli bir a\u00e7\u0131l\u0131\u015f\u0131 ile start ald\u0131. Festival kapsam\u0131nda y\u00fcr\u00fcy\u00fc\u015fler yap\u0131l\u0131rken, \u00e7e\u015fitli konserler d\u00fczenlendi. Yine Kiraz festivali kapsam\u0131nda \u00e7ok say\u0131da g\u00fcre\u015f\u00e7inin kat\u0131l\u0131m\u0131 ile H\u00fcseyin Pehlivan Ya\u011fl\u0131 G\u00fcre\u015fler m\u00fcsabakalar\u0131 ger\u00e7ekle\u015fti. M\u00fcsabakalara vatanda\u015flarda yo\u011fun ilgi g\u00f6sterirken, g\u00fcre\u015flerde pehlivanlar k\u0131yas\u0131ya m\u00fccadele ederek g\u00fcre\u015f tuttu.<\/p>\n<p>G\u00fcre\u015f sonunda \u00e7e\u015fitli boylarda dereceye girenler sporculara \u00e7e\u015fitli \u00f6d\u00fcller verildi.<\/p>\n","protected":false},"excerpt":{"rendered":"<p>55\u2019\u0130NC\u0130 K\u0130RAZ FEST\u0130VAL\u0130 KAPSAMINDA TEK\u0130RDA\u011e\u2019DA H\u00dcSEY\u0130N PEHL\u0130VAN YA\u011eLI PEHL\u0130VAN G\u00dcRE\u015eLER\u0130  M\u00dcSABAKALARI GER\u00c7EKLE\u015eT\u0130.<\/p>\n","protected":false},"author":1,"featured_media":166635,"comment_status":"closed","ping_status":"open","sticky":false,"template":"","format":"standard","meta":{"jetpack_post_was_ever_published":false,"_jetpack_newsletter_access":"","_jetpack_dont_email_post_to_subs":false,"_jetpack_newsletter_tier_id":0,"_jetpack_memberships_contains_paywalled_content":false,"_jetpack_memberships_contains_paid_content":false,"footnotes":"","jetpack_publicize_message":"","jetpack_publicize_feature_enabled":true,"jetpack_social_post_already_shared":true,"jetpack_social_options":{"image_generator_settings":{"template":"highway","default_image_id":0,"font":"","enabled":false},"version":2}},"categories":[657],"tags":[8355,1179,1163,11762,822],"class_list":["post-166634","post","type-post","status-publish","format-standard","has-post-thumbnail","hentry","category-spor","tag-gures","tag-heyecani","tag-tekirdagda","tag-yagli","tag-yasandi"],"jetpack_publicize_connections":[],"jetpack_featured_media_url":"https:\/\/i0.wp.com\/www.tvturk.com\/wp-content\/uploads\/2019\/06\/tekirdagda-yagli-gures-heyecani-yasandi_100a295.jpg?fit=1000%2C662","jetpack_sharing_enabled":true,"jetpack_shortlink":"https:\/\/wp.me\/paKIfm-HlE","_links":{"self":[{"href":"http:\/\/www.tvturk.com\/index.php\/wp-json\/wp\/v2\/posts\/166634","targetHints":{"allow":["GET"]}}],"collection":[{"href":"http:\/\/www.tvturk.com\/index.php\/wp-json\/wp\/v2\/posts"}],"about":[{"href":"http:\/\/www.tvturk.com\/index.php\/wp-json\/wp\/v2\/types\/post"}],"author":[{"embeddable":true,"href":"http:\/\/www.tvturk.com\/index.php\/wp-json\/wp\/v2\/users\/1"}],"replies":[{"embeddable":true,"href":"http:\/\/www.tvturk.com\/index.php\/wp-json\/wp\/v2\/comments?post=166634"}],"version-history":[{"count":0,"href":"http:\/\/www.tvturk.com\/index.php\/wp-json\/wp\/v2\/posts\/166634\/revisions"}],"wp:featuredmedia":[{"embeddable":true,"href":"http:\/\/www.tvturk.com\/index.php\/wp-json\/wp\/v2\/media\/166635"}],"wp:attachment":[{"href":"http:\/\/www.tvturk.com\/index.php\/wp-json\/wp\/v2\/media?parent=166634"}],"wp:term":[{"taxonomy":"category","embeddable":true,"href":"http:\/\/www.tvturk.com\/index.php\/wp-json\/wp\/v2\/categories?post=166634"},{"taxonomy":"post_tag","embeddable":true,"href":"http:\/\/www.tvturk.com\/index.php\/wp-json\/wp\/v2\/tags?post=166634"}],"curies":[{"name":"wp","href":"https:\/\/api.w.org\/{rel}","templated":true}]}}