{"id":166664,"date":"2019-06-07T16:04:40","date_gmt":"2019-06-07T13:04:40","guid":{"rendered":"http:\/\/www.tvturk.com\/index.php\/yaz-aylarinda-sac-bakimina-dikkat\/"},"modified":"2019-06-07T16:04:40","modified_gmt":"2019-06-07T13:04:40","slug":"yaz-aylarinda-sac-bakimina-dikkat","status":"publish","type":"post","link":"http:\/\/www.tvturk.com\/index.php\/yaz-aylarinda-sac-bakimina-dikkat\/","title":{"rendered":"Yaz aylar\u0131nda sa\u00e7 bak\u0131m\u0131na dikkat"},"content":{"rendered":"<p>\u00dcnl\u00fc Kuaf\u00f6r \u0130lker \u015een, yaz aylar\u0131 i\u00e7in sa\u00e7 bak\u0131m t\u00fcyolar\u0131 verdi.<\/p>\n<p>Yaz aylar\u0131nda, g\u00fcne\u015f \u0131\u015f\u0131nlar\u0131n\u0131n kurutucu ve y\u0131prat\u0131c\u0131 etkisinden cildimiz kadar sa\u00e7lar\u0131m\u0131z\u0131n da olumsuz etkilendi\u011fini belirten Kuaf\u00f6r \u0130lker \u015een, \u201c\u00d6zellikle sa\u00e7\u0131nda boya, r\u00f6fle ve kimyasal i\u015flemler olan ki\u015filer yaz sonunda sa\u00e7lar\u0131n\u0131n daha \u00e7ok y\u0131pranm\u0131\u015f, matla\u015fm\u0131\u015f ve kurumu\u015f olmas\u0131ndan \u015fikayet eder. Yaz aylar\u0131nda g\u00fcne\u015fin yan\u0131 s\u0131ra denizden gelen tuzla sertle\u015fen ve matla\u015fan ve havuz kimyasallar\u0131 ile rengi akan ve solan, kimi ki\u015fide ye\u015file d\u00f6nen sa\u00e7lar t\u00fcm g\u00f6r\u00fcnt\u00fcm\u00fcze g\u00f6lge d\u00fc\u015f\u00fcr\u00fcr\u201d diye konu\u015ftu.<\/p>\n<p>Yaz aylar\u0131nda sa\u00e7\u0131m\u0131z\u0131n y\u0131prand\u0131\u011f\u0131 yetmiyormu\u015f gibi bir de sezon sonunda gelen sa\u00e7 d\u00f6k\u00fclmesi ile sa\u00e7lar\u0131m\u0131z \u201cAcil bak\u0131m istiyorum\u201d alarm\u0131 verebilece\u011fini dile getiren Kuaf\u00f6r \u0130lker \u015een, \u201c\u00c7o\u011fu ki\u015fi bu d\u00f6k\u00fclmeyi yazl\u0131k yerlerin kire\u00e7li suyuna ba\u011flar kimi ki\u015fi yaz d\u00f6neminde kulland\u0131\u011f\u0131 \u015fampuandan oldu\u011funu d\u00fc\u015f\u00fcn\u00fcr. Hal bu ki \u00e7o\u011fu ki\u015fi i\u00e7in ge\u00e7ici say\u0131lan bu d\u00f6k\u00fclmelerin sebebi bikini sezonunda daha fit g\u00f6r\u00fcnmek i\u00e7in May\u0131s &#8211; Haziran aylar\u0131nda verdi\u011fi kilolard\u0131r. V\u00fccudumuz \u00e7ok ak\u0131ll\u0131 ve hassas bir makinedir. Bug\u00fcn elimize gelen sa\u00e7lar asl\u0131nda 3 ay \u00f6nce d\u00f6k\u00fclme s\u00fcrecine giren sa\u00e7lard\u0131r. Biz kilo verdi\u011fimizde hayati organlara \u00f6ncelik tan\u0131yan v\u00fccut sistemimiz ge\u00e7ici olarak sa\u00e7a g\u00f6nderdi\u011fi enerjiyi s\u0131n\u0131rlar. Bu nedenle yaz bitiminde sa\u00e7\u0131m\u0131z\u0131n normalden biraz daha fazla d\u00f6k\u00fcld\u00fc\u011f\u00fcn\u00fc g\u00f6rebiliriz. \u00d6zellikle yaz sonunda ba\u015flayan d\u00f6k\u00fclmenin bir di\u011fer sebebi de yaz aylar\u0131 boyunca sa\u00e7\u0131n daha uzun s\u00fcre b\u00fcy\u00fcme evresinde kalmas\u0131d\u0131r. Yaz aylar\u0131nda mevsim s\u0131cakl\u0131\u011f\u0131n\u0131n artmas\u0131 ve daha fazla g\u00fcn \u0131\u015f\u0131\u011f\u0131na maruz kalman\u0131n getirdi\u011fi olumlu etki ile sa\u00e7\u0131m\u0131z daha h\u0131zl\u0131 uzar ve daha az oranda d\u00f6k\u00fclme ya\u015far. Ancak sonbahar ba\u015flad\u0131\u011f\u0131nda de\u011fi\u015fen hava ko\u015fullar\u0131 itibariyle sa\u00e7 d\u00f6k\u00fclmesinde art\u0131\u015f g\u00f6r\u00fclebilmektedir\u201d \u015feklinde konu\u015ftu.<\/p>\n<p>Kuaf\u00f6r \u015een, yaz aylar\u0131nda al\u0131nabilecek k\u00fc\u00e7\u00fck \u00f6nlemlerle yaz boyunca ve yaz sonras\u0131 sa\u00e7\u0131m\u0131z\u0131n daha sa\u011fl\u0131kl\u0131 olmas\u0131n\u0131 sa\u011flayabilece\u011fimizi belirterek \u015fu \u00f6nerilerde bulundu; \u201cYaz\u0131n sa\u00e7lar\u0131n daha fazla nemlendirilmesi gereklidir. Bu nedenle \u015fampuan\u0131n\u0131zda k\u0131sa s\u00fcreli bir de\u011fi\u015fiklik yapabilirsiniz. Yaz d\u00f6neminde nemlendirici \u00f6zelli\u011fi y\u00fcksek, \u201ckuru sa\u00e7lar\u201d i\u00e7in form\u00fcle edilmi\u015f \u015fampuanlar\u0131 kullan\u0131n. \u00d6zellikle UV filtreli daha etkili olanlar daha etkili koruma sa\u011flar.<\/p>\n<p>M\u00fcmk\u00fcn oldu\u011funda \u015fapka ve e\u015farpla sa\u00e7\u0131 g\u00fcne\u015ften korumak gerekir. G\u00fcne\u015fe maruz kalan sa\u00e7 u\u00e7lar\u0131n\u0131 olabildi\u011fince nemli k\u0131lmak i\u00e7in sa\u00e7a do\u011frudan s\u0131k\u0131larak uygulanan sprey koruyuculardan destek al\u0131nabilir. Plajda al\u0131nacak her du\u015f sonras\u0131 koruyucu bak\u0131mlar yeniden uygulanmal\u0131d\u0131r.<\/p>\n<p>\u00c7ok kuru sa\u00e7lara plajda ya\u011f s\u00fcrmek do\u011fru de\u011fildir. Kurumaya ba\u015flayan sa\u00e7\u0131n temel sorunu nemsizliktir. Sa\u00e7\u0131m\u0131z atmosferden ve sudan nem deste\u011fi al\u0131r. Sa\u00e7 d\u0131\u015f\u0131na ya\u011f kullan\u0131ld\u0131\u011f\u0131nda, ya\u011f\u0131n oldu\u011fu alana su giremez. Bu nedenle kullan\u0131lacak bak\u0131m kremleri sadece ya\u011fdan olu\u015fmamal\u0131d\u0131r. En do\u011fru su bazl\u0131 nemlendirici koruyucu bak\u0131mlar kullanmakt\u0131r.<\/p>\n<p>Deniz ve havuz sonras\u0131 sa\u00e7\u0131n\u0131z\u0131 mutlaka du\u015f alarak durulay\u0131n. Ak\u015fam al\u0131nacak du\u015fta sa\u00e7\u0131n\u0131z\u0131 \u015fampuanlad\u0131ktan sonra \u00f6zellikle yaz aylar\u0131nda sa\u00e7 kremi yerine bak\u0131m maskesi ile yo\u011fun bak\u0131m yap\u0131n. Bak\u0131m kremleri sa\u00e7 kapaklar\u0131 \u00fczerinde bir k\u0131l\u0131f olu\u015fturup, tarama kolayl\u0131\u011f\u0131 sa\u011flaman\u0131n yan\u0131nda sa\u00e7\u0131 yap\u0131land\u0131r\u0131r ve koruma etkisi g\u00f6sterir.<\/p>\n<p>Bazen de ne yapsan\u0131z fayda etmez. \u0130\u015fte o zaman sa\u00e7\u0131n\u0131z\u0131 kurtarmak i\u00e7in \u201cprofesyonel yard\u0131m\u201d alman\u0131z gerekebilir. Yaz aylar\u0131nda en \u00e7ok y\u0131pranan \u00f6zellikle sar\u0131 ve r\u00f6fleli sa\u00e7lard\u0131r. \u201cProfesyonel Yap\u0131land\u0131r\u0131c\u0131 Bak\u0131mlar\u201c \u00e7ok zay\u0131f, ciddi hasar g\u00f6rm\u00fc\u015f ve k\u0131r\u0131lgan hale gelmi\u015f sa\u00e7lar\u0131n uzun d\u00f6nemli onar\u0131m\u0131n\u0131 sa\u011flar. Nano molek\u00fcler yap\u0131da geli\u015ftirilen topikal bak\u0131mlar k\u00fc\u00e7\u00fclt\u00fclm\u00fc\u015f molek\u00fcler yap\u0131lar\u0131 ile sa\u00e7 k\u00f6k\u00fcne etki ederek ve sa\u00e7\u0131n d\u0131\u015f kapaklar\u0131 i\u00e7ine girerek sa\u00e7taki amino asit zincirlerini tamir eder. K\u00f6kten uca onar\u0131lan sa\u00e7lar yeniden parlak canl\u0131 ve sa\u011fl\u0131kl\u0131 \u015fekil alabilir hale gelir.\u201d<\/p>\n","protected":false},"excerpt":{"rendered":"<p>\u00dcNL\u00dc KUAF\u00d6R \u0130LKER \u015eEN (SA\u011eDAK\u0130) , YAZ AYLARI \u0130\u00c7\u0130N SA\u00c7 BAKIM T\u00dcYOLARI VERD\u0130.<\/p>\n","protected":false},"author":1,"featured_media":166665,"comment_status":"closed","ping_status":"open","sticky":false,"template":"","format":"standard","meta":{"jetpack_post_was_ever_published":false,"_jetpack_newsletter_access":"","_jetpack_dont_email_post_to_subs":false,"_jetpack_newsletter_tier_id":0,"_jetpack_memberships_contains_paywalled_content":false,"_jetpack_memberships_contains_paid_content":false,"footnotes":"","jetpack_publicize_message":"","jetpack_publicize_feature_enabled":true,"jetpack_social_post_already_shared":true,"jetpack_social_options":{"image_generator_settings":{"template":"highway","default_image_id":0,"font":"","enabled":false},"version":2}},"categories":[1],"tags":[3947,8822,1440,7250,183],"class_list":["post-166664","post","type-post","status-publish","format-standard","has-post-thumbnail","hentry","category-genel","tag-aylarinda","tag-bakimina","tag-dikkat","tag-sac","tag-yaz"],"jetpack_publicize_connections":[],"jetpack_featured_media_url":"https:\/\/i0.wp.com\/www.tvturk.com\/wp-content\/uploads\/2019\/06\/yaz-aylarinda-sac-bakimina-dikkat_279ebbf.jpg?fit=1000%2C999","jetpack_sharing_enabled":true,"jetpack_shortlink":"https:\/\/wp.me\/paKIfm-Hm8","_links":{"self":[{"href":"http:\/\/www.tvturk.com\/index.php\/wp-json\/wp\/v2\/posts\/166664","targetHints":{"allow":["GET"]}}],"collection":[{"href":"http:\/\/www.tvturk.com\/index.php\/wp-json\/wp\/v2\/posts"}],"about":[{"href":"http:\/\/www.tvturk.com\/index.php\/wp-json\/wp\/v2\/types\/post"}],"author":[{"embeddable":true,"href":"http:\/\/www.tvturk.com\/index.php\/wp-json\/wp\/v2\/users\/1"}],"replies":[{"embeddable":true,"href":"http:\/\/www.tvturk.com\/index.php\/wp-json\/wp\/v2\/comments?post=166664"}],"version-history":[{"count":0,"href":"http:\/\/www.tvturk.com\/index.php\/wp-json\/wp\/v2\/posts\/166664\/revisions"}],"wp:featuredmedia":[{"embeddable":true,"href":"http:\/\/www.tvturk.com\/index.php\/wp-json\/wp\/v2\/media\/166665"}],"wp:attachment":[{"href":"http:\/\/www.tvturk.com\/index.php\/wp-json\/wp\/v2\/media?parent=166664"}],"wp:term":[{"taxonomy":"category","embeddable":true,"href":"http:\/\/www.tvturk.com\/index.php\/wp-json\/wp\/v2\/categories?post=166664"},{"taxonomy":"post_tag","embeddable":true,"href":"http:\/\/www.tvturk.com\/index.php\/wp-json\/wp\/v2\/tags?post=166664"}],"curies":[{"name":"wp","href":"https:\/\/api.w.org\/{rel}","templated":true}]}}