{"id":16671,"date":"2019-02-09T19:10:56","date_gmt":"2019-02-09T16:10:56","guid":{"rendered":"http:\/\/www.tvturk.com\/index.php\/sevvali-enkaz-altinda-arkadaslari-aradi\/"},"modified":"2019-02-09T19:10:59","modified_gmt":"2019-02-09T16:10:59","slug":"sevvali-enkaz-altinda-arkadaslari-aradi","status":"publish","type":"post","link":"http:\/\/www.tvturk.com\/index.php\/sevvali-enkaz-altinda-arkadaslari-aradi\/","title":{"rendered":"\u015eevval\u2019i enkaz alt\u0131nda arkada\u015flar\u0131 arad\u0131"},"content":{"rendered":"<p>Bu y\u0131l hem\u015fire olarak mezun olmay\u0131 planlayan \u015eevval hen\u00fcz 23 ya\u015f\u0131ndayken Kartal\u2019da \u00e7\u00f6ken binada hayat\u0131n\u0131 kaybetti. Binan\u0131n \u00e7\u00f6kme an\u0131nda annesi G\u00fcler Y\u0131lmaz ile evde olan \u015eevval\u2019i enkaz alt\u0131ndan \u00e7\u0131karmaya \u00e7al\u0131\u015fanlar aras\u0131nda \u00f6\u011frenim g\u00f6rd\u00fc\u011f\u00fc \u00fcniversitenin \u00f6\u011frencilerinden olu\u015fan Maltepe \u00dcniversitesi Arama Kurtarma Kul\u00fcb\u00fc\u2019nden okul arkada\u015flar\u0131 vard\u0131.<\/p>\n<p>Maltepe \u00dcniversitesi Hem\u015firelik B\u00f6l\u00fcm\u00fc son s\u0131n\u0131f \u00f6\u011frencisi \u015eevval Y\u0131lmaz, Kartal\u2019da \u00e7\u00f6ken binan\u0131n alt\u0131nda kalarak hayat\u0131n\u0131 kaybetti. Arkada\u015flar\u0131 onun i\u00e7in aramalara kat\u0131ld\u0131 ama maalesef bir sonu\u00e7 al\u0131namad\u0131. Arama Kurtarma Kul\u00fcb\u00fc ekip \u00fcyeleri Cuma g\u00fcn\u00fc olay yerine gitti. Kurtarma ekibinde \u00fcniversite \u00f6\u011frencileri Do\u011fukan \u015eim\u015fek, Fatih G\u00fcler, Mehmet \u00c7a\u011flak, Kerem \u00c7ep ve Nurhan D\u00f6nerta\u015f ile birlikte \u015eevval\u2019in Hem\u015firelik Y\u00fcksekokulu\u2019nda ders ald\u0131\u011f\u0131 hocalar\u0131 olan akademisyenler de g\u00f6rev ald\u0131.<\/p>\n<p>\u201cArkada\u015f\u0131m\u0131z\u0131n cans\u0131z bedenine ula\u015fanlar\u0131n y\u00fcz ifadelerini g\u00f6rd\u00fck, ne oldu\u011funu anlad\u0131k\u201d<\/p>\n<p>\u0130tfaiye, AFAD, Jandarma ve Sivil Savunma ekiplerinin g\u00f6rev yapt\u0131\u011f\u0131 olay yerinde \u00e7al\u0131\u015fan Arama Kurtarma Kul\u00fcb\u00fc\u2019n\u00fcn Ba\u015fkan\u0131 ve Bilgisayar M\u00fchendisli\u011fi B\u00f6l\u00fcm\u00fc Y\u00fcksek Lisans \u00f6\u011frencisi Kerem \u00c7ep, bug\u00fcne kadar tatbikat ve e\u011fitim ald\u0131klar\u0131n\u0131 ancak ilk kez arkada\u015flar\u0131n\u0131 bulma umuduyla ger\u00e7ek bir enkaz kurtarma \u00e7al\u0131\u015fmas\u0131na kat\u0131ld\u0131klar\u0131n\u0131 s\u00f6yledi. \u00c7ep, olay yerinde \u015eevval\u2019i nas\u0131l arad\u0131klar\u0131n\u0131 ve enkaz b\u00f6lgesinde ya\u015fad\u0131klar\u0131n\u0131 \u015f\u00f6yle anlatt\u0131:<\/p>\n<p>\u201cEnkaz alt\u0131nda bir \u00f6\u011frencimizin oldu\u011funu duydu\u011fumuzda hemen merkezimize gidip k\u0131yafetlerimiz ve malzemelerimizi al\u0131p olay yerine gittik. AFAD yetkililerine arkada\u015f\u0131m\u0131z\u0131n enkaz alt\u0131nda oldu\u011funu ve yard\u0131m etmek istedi\u011fimi s\u00f6yledik. Enkazda birisini bulduklar\u0131n\u0131 s\u00f6ylediklerinde hemen \u2018acaba \u015eevvali mi buldular\u2019 diye ko\u015ftuk. Biz moloz y\u0131\u011f\u0131nlar\u0131 i\u00e7in destek verdik, onlar kazd\u0131k\u00e7a biz moloz y\u0131\u011f\u0131nlar\u0131n\u0131 \u00e7\u0131kar\u0131yorduk. Ula\u015f\u0131lan ki\u015finin \u015eevval oldu\u011funu duyduk. Fakat arkada\u015f\u0131m\u0131z\u0131n cans\u0131z bedenine ula\u015fanlar\u0131n y\u00fcz ifadelerini g\u00f6rd\u00fck, ne oldu\u011funu anlad\u0131k. Kimseden bir \u015fey duymadan, i\u00e7imiz o an yand\u0131.\u201d<\/p>\n<p>Olay yerinde itfaiye, AFAD ve Jandarma ekiplerine destek verdiklerini anlatan \u00c7ep, \u201cBizim d\u0131\u015f\u0131m\u0131zda kendi iste\u011fiyle ile yak\u0131n il\u00e7e ve illerden sayamayaca\u011f\u0131m\u0131z kadar yard\u0131ma ekip gelmi\u015fti. Biz olay yerinde hem \u00e7evredeki insanlar\u0131n g\u00fcvenli\u011fini sa\u011flamak i\u00e7in kordon g\u00fcvenli\u011fini sa\u011flad\u0131k, hem de ihtiya\u00e7 oldu\u011fu zamanlarda moloz kald\u0131rma \u00e7al\u0131\u015fmalar\u0131 ger\u00e7ekle\u015ftirdik\u201d dedi.<\/p>\n<p>Enkaz kald\u0131rma \u00e7al\u0131\u015fmas\u0131 kapsam\u0131nda sismik dinleme yap\u0131larak enkaz\u0131n bir yan\u0131nda bir ses duyulursa sese do\u011fru yo\u011funla\u015ft\u0131klar\u0131n\u0131 anlatan \u00c7ep, ayr\u0131ca megafonla ba\u011f\u0131rarak \u201cSesi duyuyorsan duvara vur\u201d gibi ikazlarla anonslar yapt\u0131klar\u0131n\u0131 anlatarak, \u201cBakanlar\u0131n \u00e7o\u011funun olay yerinden ayr\u0131lmad\u0131\u011f\u0131n\u0131 s\u00f6yleyebilirim. \u00d6zellikle enkazdan bir vatanda\u015f\u0131m\u0131z \u00e7\u0131kar\u0131ld\u0131\u011f\u0131 bilgisi her gitti\u011finde vatanda\u015flar\u0131m\u0131z\u0131n ba\u015f\u0131na ko\u015ftu. \u015eevval de \u00e7\u0131kar\u0131l\u0131rken ba\u015f\u0131ndayd\u0131. Ger\u00e7ekten kolay de\u011fil. Orada olan insanlar canla ba\u015fla \u00e7al\u0131\u015f\u0131yorlard\u0131 bizde elimizden ne geliyorsa yapmaya \u00e7al\u0131\u015ft\u0131k. Yorulmak kelimesini orada ne demek oldu\u011funu bir kez daha g\u00f6zlerimizle g\u00f6rd\u00fck\u201d dedi.<\/p>\n<p>\u00c7ep, \u00fcz\u00fcnt\u00fclerinin \u00e7ok b\u00fcy\u00fck oldu\u011funu s\u00f6yleyerek, \u201cHayat\u0131m\u0131z boyunca unutamayaca\u011f\u0131m\u0131z ac\u0131 dolu anlar ya\u015fad\u0131k. Ke\u015fke \u015eevval ve di\u011fer enkaz alt\u0131nda kalanlar hayat\u0131n\u0131 kaybetmeseydi\u201d dedi.<div class=\"tiled-gallery type-rectangular tiled-gallery-unresized\" data-original-width=\"500\" data-carousel-extra='null' itemscope itemtype=\"http:\/\/schema.org\/ImageGallery\" > <div class=\"gallery-row\" style=\"width: 500px; height: 407px;\" data-original-width=\"500\" data-original-height=\"407\" > <div class=\"gallery-group images-2\" style=\"width: 270px; height: 407px;\" data-original-width=\"270\" data-original-height=\"407\" > <div class=\"tiled-gallery-item tiled-gallery-item-large\" itemprop=\"associatedMedia\" itemscope itemtype=\"http:\/\/schema.org\/ImageObject\"> <a href=\"http:\/\/www.tvturk.com\/index.php\/sevvali-enkaz-altinda-arkadaslari-aradi\/sevvali-enkaz-altinda-arkadaslari-aradi-3\/\" border=\"0\" itemprop=\"url\"> <meta itemprop=\"width\" content=\"266\"> <meta itemprop=\"height\" content=\"200\"> <img decoding=\"async\" class=\"\" data-attachment-id=\"16673\" data-orig-file=\"http:\/\/www.tvturk.com\/wp-content\/uploads\/2019\/02\/sevvali-enkaz-altinda-arkadaslari-aradi_d83ec06.jpg\" data-orig-size=\"1000,750\" data-comments-opened=\"\" data-image-meta=\"{&quot;aperture&quot;:&quot;0&quot;,&quot;credit&quot;:&quot;IHA&quot;,&quot;camera&quot;:&quot;&quot;,&quot;caption&quot;:&quot;BU YIL HEM\\u015e\\u0130RE OLARAK MEZUN OLMAYI PLANLAYAN \\u015eEVVAL HEN\\u00dcZ 23 YA\\u015eINDAYKEN KARTAL\\u0027DA \\u00c7\\u00d6KEN B\\u0130NADA HAYATINI KAYBETT\\u0130. B\\u0130NANIN \\u00c7\\u00d6KME ANINDA ANNES\\u0130 G\\u00dcLER YILMAZ \\u0130LE EVDE OLAN \\u015eEVVAL\\u2019\\u0130 ENKAZ ALTINDAN \\u00c7IKARMAYA \\u00c7ALI\\u015eANLAR ARASINDA \\u00d6\\u011eREN\\u0130M G\\u00d6RD\\u00dc\\u011e\\u00dc \\u00dcN\\u0130VERS\\u0130TEN\\u0130N \\u00d6\\u011eRENC\\u0130LER\\u0130NDEN OLU\\u015eAN MALTEPE \\u00dcN\\u0130VERS\\u0130TES\\u0130 ARAMA KURTARMA KUL\\u00dcB\\u00dc\\u2019NDEN OKUL ARKADA\\u015eLARI VARDI. (\\u0130HA\\\/\\u0130STANBUL-\\u0130HA)&quot;,&quot;created_timestamp&quot;:&quot;0&quot;,&quot;copyright&quot;:&quot;\\u0130HLAS HABER AJANSI, www.iha.com.tr&quot;,&quot;focal_length&quot;:&quot;0&quot;,&quot;iso&quot;:&quot;0&quot;,&quot;shutter_speed&quot;:&quot;0&quot;,&quot;title&quot;:&quot;\\u015eEVVAL\\u2019\\u0130 ENKAZ ALTINDA ARKADA\\u015eLARI ARADI&quot;,&quot;orientation&quot;:&quot;0&quot;}\" data-image-title=\"\u015eevval\u2019i enkaz alt\u0131nda arkada\u015flar\u0131 arad\u0131\" data-image-description=\"&lt;p&gt;\u015eevval\u2019i enkaz alt\u0131nda arkada\u015flar\u0131 arad\u0131&lt;\/p&gt; \" data-medium-file=\"https:\/\/i0.wp.com\/www.tvturk.com\/wp-content\/uploads\/2019\/02\/sevvali-enkaz-altinda-arkadaslari-aradi_d83ec06.jpg?fit=300%2C225\" data-large-file=\"https:\/\/i0.wp.com\/www.tvturk.com\/wp-content\/uploads\/2019\/02\/sevvali-enkaz-altinda-arkadaslari-aradi_d83ec06.jpg?fit=1000%2C750\" src=\"https:\/\/i0.wp.com\/www.tvturk.com\/wp-content\/uploads\/2019\/02\/sevvali-enkaz-altinda-arkadaslari-aradi_d83ec06.jpg?w=266&#038;h=200\" srcset=\"https:\/\/i0.wp.com\/www.tvturk.com\/wp-content\/uploads\/2019\/02\/sevvali-enkaz-altinda-arkadaslari-aradi_d83ec06.jpg?w=1000 1000w, https:\/\/i0.wp.com\/www.tvturk.com\/wp-content\/uploads\/2019\/02\/sevvali-enkaz-altinda-arkadaslari-aradi_d83ec06.jpg?resize=150%2C113 150w, https:\/\/i0.wp.com\/www.tvturk.com\/wp-content\/uploads\/2019\/02\/sevvali-enkaz-altinda-arkadaslari-aradi_d83ec06.jpg?resize=300%2C225 300w, https:\/\/i0.wp.com\/www.tvturk.com\/wp-content\/uploads\/2019\/02\/sevvali-enkaz-altinda-arkadaslari-aradi_d83ec06.jpg?resize=768%2C576 768w\" width=\"266\" height=\"200\" loading=\"lazy\" data-original-width=\"266\" data-original-height=\"200\" itemprop=\"http:\/\/schema.org\/image\" title=\"\u015eevval\u2019i enkaz alt\u0131nda arkada\u015flar\u0131 arad\u0131\" alt=\"\u015eevval\u2019i enkaz alt\u0131nda arkada\u015flar\u0131 arad\u0131\" style=\"width: 266px; height: 200px;\" \/> <\/a> <\/div> <div class=\"tiled-gallery-item tiled-gallery-item-large\" itemprop=\"associatedMedia\" itemscope itemtype=\"http:\/\/schema.org\/ImageObject\"> <a href=\"http:\/\/www.tvturk.com\/index.php\/sevvali-enkaz-altinda-arkadaslari-aradi\/sevvali-enkaz-altinda-arkadaslari-aradi-4\/\" border=\"0\" itemprop=\"url\"> <meta itemprop=\"width\" content=\"266\"> <meta itemprop=\"height\" content=\"199\"> <img decoding=\"async\" class=\"\" data-attachment-id=\"16674\" data-orig-file=\"http:\/\/www.tvturk.com\/wp-content\/uploads\/2019\/02\/sevvali-enkaz-altinda-arkadaslari-aradi_83a8416.jpg\" data-orig-size=\"1000,750\" data-comments-opened=\"\" data-image-meta=\"{&quot;aperture&quot;:&quot;0&quot;,&quot;credit&quot;:&quot;IHA&quot;,&quot;camera&quot;:&quot;&quot;,&quot;caption&quot;:&quot;BU YIL HEM\\u015e\\u0130RE OLARAK MEZUN OLMAYI PLANLAYAN \\u015eEVVAL HEN\\u00dcZ 23 YA\\u015eINDAYKEN KARTAL\\u0027DA \\u00c7\\u00d6KEN B\\u0130NADA HAYATINI KAYBETT\\u0130. B\\u0130NANIN \\u00c7\\u00d6KME ANINDA ANNES\\u0130 G\\u00dcLER YILMAZ \\u0130LE EVDE OLAN \\u015eEVVAL\\u2019\\u0130 ENKAZ ALTINDAN \\u00c7IKARMAYA \\u00c7ALI\\u015eANLAR ARASINDA \\u00d6\\u011eREN\\u0130M G\\u00d6RD\\u00dc\\u011e\\u00dc \\u00dcN\\u0130VERS\\u0130TEN\\u0130N \\u00d6\\u011eRENC\\u0130LER\\u0130NDEN OLU\\u015eAN MALTEPE \\u00dcN\\u0130VERS\\u0130TES\\u0130 ARAMA KURTARMA KUL\\u00dcB\\u00dc\\u2019NDEN OKUL ARKADA\\u015eLARI VARDI. (\\u0130HA\\\/\\u0130STANBUL-\\u0130HA)&quot;,&quot;created_timestamp&quot;:&quot;0&quot;,&quot;copyright&quot;:&quot;\\u0130HLAS HABER AJANSI, www.iha.com.tr&quot;,&quot;focal_length&quot;:&quot;0&quot;,&quot;iso&quot;:&quot;0&quot;,&quot;shutter_speed&quot;:&quot;0&quot;,&quot;title&quot;:&quot;\\u015eEVVAL\\u2019\\u0130 ENKAZ ALTINDA ARKADA\\u015eLARI ARADI&quot;,&quot;orientation&quot;:&quot;0&quot;}\" data-image-title=\"\u015eevval\u2019i enkaz alt\u0131nda arkada\u015flar\u0131 arad\u0131\" data-image-description=\"&lt;p&gt;\u015eevval\u2019i enkaz alt\u0131nda arkada\u015flar\u0131 arad\u0131&lt;\/p&gt; \" data-medium-file=\"https:\/\/i0.wp.com\/www.tvturk.com\/wp-content\/uploads\/2019\/02\/sevvali-enkaz-altinda-arkadaslari-aradi_83a8416.jpg?fit=300%2C225\" data-large-file=\"https:\/\/i0.wp.com\/www.tvturk.com\/wp-content\/uploads\/2019\/02\/sevvali-enkaz-altinda-arkadaslari-aradi_83a8416.jpg?fit=1000%2C750\" src=\"https:\/\/i0.wp.com\/www.tvturk.com\/wp-content\/uploads\/2019\/02\/sevvali-enkaz-altinda-arkadaslari-aradi_83a8416.jpg?w=266&#038;h=199\" srcset=\"https:\/\/i0.wp.com\/www.tvturk.com\/wp-content\/uploads\/2019\/02\/sevvali-enkaz-altinda-arkadaslari-aradi_83a8416.jpg?w=1000 1000w, https:\/\/i0.wp.com\/www.tvturk.com\/wp-content\/uploads\/2019\/02\/sevvali-enkaz-altinda-arkadaslari-aradi_83a8416.jpg?resize=150%2C113 150w, https:\/\/i0.wp.com\/www.tvturk.com\/wp-content\/uploads\/2019\/02\/sevvali-enkaz-altinda-arkadaslari-aradi_83a8416.jpg?resize=300%2C225 300w, https:\/\/i0.wp.com\/www.tvturk.com\/wp-content\/uploads\/2019\/02\/sevvali-enkaz-altinda-arkadaslari-aradi_83a8416.jpg?resize=768%2C576 768w\" width=\"266\" height=\"199\" loading=\"lazy\" data-original-width=\"266\" data-original-height=\"199\" itemprop=\"http:\/\/schema.org\/image\" title=\"\u015eevval\u2019i enkaz alt\u0131nda arkada\u015flar\u0131 arad\u0131\" alt=\"\u015eevval\u2019i enkaz alt\u0131nda arkada\u015flar\u0131 arad\u0131\" style=\"width: 266px; height: 199px;\" \/> <\/a> <\/div> <\/div> <!-- close group --> <div class=\"gallery-group images-1\" style=\"width: 230px; height: 407px;\" data-original-width=\"230\" data-original-height=\"407\" > <div class=\"tiled-gallery-item tiled-gallery-item-small\" itemprop=\"associatedMedia\" itemscope itemtype=\"http:\/\/schema.org\/ImageObject\"> <a href=\"http:\/\/www.tvturk.com\/index.php\/sevvali-enkaz-altinda-arkadaslari-aradi\/sevvali-enkaz-altinda-arkadaslari-aradi-5\/\" border=\"0\" itemprop=\"url\"> <meta itemprop=\"width\" content=\"226\"> <meta itemprop=\"height\" content=\"403\"> <img decoding=\"async\" class=\"\" data-attachment-id=\"16675\" data-orig-file=\"http:\/\/www.tvturk.com\/wp-content\/uploads\/2019\/02\/sevvali-enkaz-altinda-arkadaslari-aradi_584fced.jpg\" data-orig-size=\"562,1000\" data-comments-opened=\"\" data-image-meta=\"{&quot;aperture&quot;:&quot;0&quot;,&quot;credit&quot;:&quot;IHA&quot;,&quot;camera&quot;:&quot;&quot;,&quot;caption&quot;:&quot;BU YIL HEM\\u015e\\u0130RE OLARAK MEZUN OLMAYI PLANLAYAN \\u015eEVVAL HEN\\u00dcZ 23 YA\\u015eINDAYKEN KARTAL\\u0027DA \\u00c7\\u00d6KEN B\\u0130NADA HAYATINI KAYBETT\\u0130. (\\u0130HA\\\/\\u0130STANBUL-\\u0130HA)&quot;,&quot;created_timestamp&quot;:&quot;0&quot;,&quot;copyright&quot;:&quot;\\u0130HLAS HABER AJANSI, www.iha.com.tr&quot;,&quot;focal_length&quot;:&quot;0&quot;,&quot;iso&quot;:&quot;0&quot;,&quot;shutter_speed&quot;:&quot;0&quot;,&quot;title&quot;:&quot;\\u015eEVVAL\\u2019\\u0130 ENKAZ ALTINDA ARKADA\\u015eLARI ARADI&quot;,&quot;orientation&quot;:&quot;0&quot;}\" data-image-title=\"\u015eevval\u2019i enkaz alt\u0131nda arkada\u015flar\u0131 arad\u0131\" data-image-description=\"&lt;p&gt;\u015eevval\u2019i enkaz alt\u0131nda arkada\u015flar\u0131 arad\u0131&lt;\/p&gt; \" data-medium-file=\"https:\/\/i0.wp.com\/www.tvturk.com\/wp-content\/uploads\/2019\/02\/sevvali-enkaz-altinda-arkadaslari-aradi_584fced.jpg?fit=169%2C300\" data-large-file=\"https:\/\/i0.wp.com\/www.tvturk.com\/wp-content\/uploads\/2019\/02\/sevvali-enkaz-altinda-arkadaslari-aradi_584fced.jpg?fit=562%2C1000\" src=\"https:\/\/i0.wp.com\/www.tvturk.com\/wp-content\/uploads\/2019\/02\/sevvali-enkaz-altinda-arkadaslari-aradi_584fced.jpg?w=226&#038;h=403\" srcset=\"https:\/\/i0.wp.com\/www.tvturk.com\/wp-content\/uploads\/2019\/02\/sevvali-enkaz-altinda-arkadaslari-aradi_584fced.jpg?w=562 562w, https:\/\/i0.wp.com\/www.tvturk.com\/wp-content\/uploads\/2019\/02\/sevvali-enkaz-altinda-arkadaslari-aradi_584fced.jpg?resize=84%2C150 84w, https:\/\/i0.wp.com\/www.tvturk.com\/wp-content\/uploads\/2019\/02\/sevvali-enkaz-altinda-arkadaslari-aradi_584fced.jpg?resize=169%2C300 169w\" width=\"226\" height=\"403\" loading=\"lazy\" data-original-width=\"226\" data-original-height=\"403\" itemprop=\"http:\/\/schema.org\/image\" title=\"\u015eevval\u2019i enkaz alt\u0131nda arkada\u015flar\u0131 arad\u0131\" alt=\"\u015eevval\u2019i enkaz alt\u0131nda arkada\u015flar\u0131 arad\u0131\" style=\"width: 226px; height: 403px;\" \/> <\/a> <\/div> <\/div> <!-- close group --> <\/div> <!-- close row --> <\/div><\/p>\n","protected":false},"excerpt":{"rendered":"<p>BU YIL HEM\u015e\u0130RE OLARAK MEZUN OLMAYI PLANLAYAN \u015eEVVAL HEN\u00dcZ 23 YA\u015eINDAYKEN KARTAL&#8217;DA \u00c7\u00d6KEN B\u0130NADA HAYATINI KAYBETT\u0130. B\u0130NANIN \u00c7\u00d6KME ANINDA ANNES\u0130 G\u00dcLER YILMAZ \u0130LE EVDE OLAN \u015eEVVAL\u2019\u0130 ENKAZ ALTINDAN \u00c7IKARMAYA \u00c7ALI\u015eANLAR ARASINDA \u00d6\u011eREN\u0130M G\u00d6RD\u00dc\u011e\u00dc \u00dcN\u0130VERS\u0130TEN\u0130N \u00d6\u011eRENC\u0130LER\u0130NDEN OLU\u015eAN MALTEPE \u00dcN\u0130VERS\u0130TES\u0130 ARAMA KURTARMA KUL\u00dcB\u00dc\u2019NDEN OKUL ARKADA\u015eLARI VARDI.<\/p>\n","protected":false},"author":1,"featured_media":16672,"comment_status":"closed","ping_status":"open","sticky":false,"template":"","format":"standard","meta":{"jetpack_post_was_ever_published":false,"_jetpack_newsletter_access":"","_jetpack_dont_email_post_to_subs":false,"_jetpack_newsletter_tier_id":0,"_jetpack_memberships_contains_paywalled_content":false,"_jetpack_memberships_contains_paid_content":false,"footnotes":"","jetpack_publicize_message":"","jetpack_publicize_feature_enabled":true,"jetpack_social_post_already_shared":false,"jetpack_social_options":{"image_generator_settings":{"template":"highway","default_image_id":0,"font":"","enabled":false},"version":2}},"categories":[655],"tags":[3114,7892,7808,3385,7891],"class_list":["post-16671","post","type-post","status-publish","format-standard","has-post-thumbnail","hentry","category-son-dakika","tag-altinda","tag-aradi","tag-arkadaslari","tag-enkaz","tag-sevvali"],"jetpack_publicize_connections":[],"jetpack_featured_media_url":"https:\/\/i0.wp.com\/www.tvturk.com\/wp-content\/uploads\/2019\/02\/sevvali-enkaz-altinda-arkadaslari-aradi_208495d.jpg?fit=1000%2C750","jetpack_sharing_enabled":true,"jetpack_shortlink":"https:\/\/wp.me\/paKIfm-4kT","_links":{"self":[{"href":"http:\/\/www.tvturk.com\/index.php\/wp-json\/wp\/v2\/posts\/16671","targetHints":{"allow":["GET"]}}],"collection":[{"href":"http:\/\/www.tvturk.com\/index.php\/wp-json\/wp\/v2\/posts"}],"about":[{"href":"http:\/\/www.tvturk.com\/index.php\/wp-json\/wp\/v2\/types\/post"}],"author":[{"embeddable":true,"href":"http:\/\/www.tvturk.com\/index.php\/wp-json\/wp\/v2\/users\/1"}],"replies":[{"embeddable":true,"href":"http:\/\/www.tvturk.com\/index.php\/wp-json\/wp\/v2\/comments?post=16671"}],"version-history":[{"count":1,"href":"http:\/\/www.tvturk.com\/index.php\/wp-json\/wp\/v2\/posts\/16671\/revisions"}],"predecessor-version":[{"id":16676,"href":"http:\/\/www.tvturk.com\/index.php\/wp-json\/wp\/v2\/posts\/16671\/revisions\/16676"}],"wp:featuredmedia":[{"embeddable":true,"href":"http:\/\/www.tvturk.com\/index.php\/wp-json\/wp\/v2\/media\/16672"}],"wp:attachment":[{"href":"http:\/\/www.tvturk.com\/index.php\/wp-json\/wp\/v2\/media?parent=16671"}],"wp:term":[{"taxonomy":"category","embeddable":true,"href":"http:\/\/www.tvturk.com\/index.php\/wp-json\/wp\/v2\/categories?post=16671"},{"taxonomy":"post_tag","embeddable":true,"href":"http:\/\/www.tvturk.com\/index.php\/wp-json\/wp\/v2\/tags?post=16671"}],"curies":[{"name":"wp","href":"https:\/\/api.w.org\/{rel}","templated":true}]}}