{"id":166768,"date":"2019-06-07T23:26:58","date_gmt":"2019-06-07T20:26:58","guid":{"rendered":"http:\/\/www.tvturk.com\/index.php\/halil-dervisoglu-korner-haksiz-verildi-ama-yine-de-o-topa-vurdurmamaliydik\/"},"modified":"2019-06-07T23:26:58","modified_gmt":"2019-06-07T20:26:58","slug":"halil-dervisoglu-korner-haksiz-verildi-ama-yine-de-o-topa-vurdurmamaliydik","status":"publish","type":"post","link":"http:\/\/www.tvturk.com\/index.php\/halil-dervisoglu-korner-haksiz-verildi-ama-yine-de-o-topa-vurdurmamaliydik\/","title":{"rendered":"Halil Dervi\u015fo\u011flu: \u201cKorner haks\u0131z verildi ama yine de o topa vurdurmamal\u0131yd\u0131k\u201d"},"content":{"rendered":"<p>\u00dcmit Milli Futbol Tak\u0131m\u0131 oyuncular\u0131ndan Halil Dervi\u015fo\u011flu, Arnavutluk kar\u015f\u0131s\u0131nda rakiplerinden iyi oynad\u0131klar\u0131n\u0131 s\u00f6yleyerek, \u201cBu ma\u00e7\u0131 kesinlikle yenmeliydik. Son dakika gol\u00fc yememeliyiz. Korner haks\u0131z verildi ama yine de o topa vurdurmamal\u0131yd\u0131k\u201d dedi.<\/p>\n<p>\u00dcmit Milli Futbol Tak\u0131m\u0131, 2021 UEFA U21 Avrupa Futbol \u015eampiyonas\u0131 Elemeleri 3. Grup\u2019taki ikinci ma\u00e7\u0131nda \u0130stanbul\u2019da kar\u015f\u0131la\u015ft\u0131\u011f\u0131 Arnavutluk ile 2-2 berabere kald\u0131. M\u00fccadelenin ard\u0131ndan ma\u00e7ta gol de atan milli futbolcu Halil Dervi\u015fo\u011flu bas\u0131n mensuplar\u0131na a\u00e7\u0131klamalarda bulundu. Arnavutluk ma\u00e7\u0131 i\u00e7in \u00fczg\u00fcn olduklar\u0131n\u0131 s\u00f6yleyen Halil, \u201cBiz bug\u00fcn daha iyi oynad\u0131k. Bu ma\u00e7\u0131 kesinlikle yenmeliydik. Son dakika gol\u00fc hayatta yememeliyiz. Korner haks\u0131z verildi. Yine de o topa vurdurmamal\u0131yd\u0131k. Biz daha iyiydik. Gol\u00fcm\u00fc de att\u0131m. Bug\u00fcn yenmeliydik, \u00f6nemli olan oydu\u201d diye konu\u015ftu.<\/p>\n<p>\u201c11 gol at\u0131p, 8 asist yapt\u0131m\u201d<\/p>\n<p>Hollanda ekibi Sparta Rotterdam\u2019daki performans\u0131 hakk\u0131nda da konu\u015fan Dervi\u015fo\u011flu, \u201cBu sene her ma\u00e7 oynamad\u0131m ama \u00e7o\u011fu ma\u00e7 oynad\u0131m. O ma\u00e7lar\u0131 da iyi de\u011ferlendirdi\u011fimi d\u00fc\u015f\u00fcn\u00fcyorum. 11 gol att\u0131m, 8 asist yapt\u0131m. 1. Lige \u00e7\u0131kt\u0131k. \u0130yi bir sezon ge\u00e7irdim diyebilirim\u201d \u015feklinde konu\u015ftu.<\/p>\n<p>\u201cT\u00fcrkiye\u2019den ilgi oluyor\u201d<\/p>\n<p>T\u00fcrkiye\u2019den transfer i\u00e7in ilgi oldu\u011funu a\u00e7\u0131klayan gen\u00e7 futbolcu, \u201cO konulara ben fazla ilgilenmiyorum. Menajerlerim ilgileniyor. \u00d6yle olmasayd\u0131 \u00dcmit Milli Tak\u0131m\u2019da oynamazd\u0131m. Bizlerden \u00e7ok \u015fey bekleniyor. Hepimiz A Milli Tak\u0131m\u2019a ad\u0131m atmay\u0131 d\u00fc\u015f\u00fcn\u00fcyoruz\u201d ifadelerini kulland\u0131.<\/p>\n<p>\u201c\u0130spanya\u2019da, Premier Lig\u2019de oynamak isterim\u201d<\/p>\n<p>S\u00fcper Ligi k\u00fc\u00e7\u00fckl\u00fc\u011f\u00fcnden beri takip etti\u011fini belirten Halil Dervi\u015fo\u011flu, \u201cHer ma\u00e7a bakar\u0131z. G\u00fczel bir lig. Seviyenin \u00e7ok y\u00fckseldi\u011fini d\u00fc\u015f\u00fcn\u00fcyorum. Avrupa\u2019da y\u00fcksek bir seviyede. \u0130kisinde de oynamak \u00e7ok g\u00fczel olur. Herkesin bir hayali var. \u00c7o\u011fu ki\u015fi Real Madrid, Barcelona seviyelerine gelmek istiyor. O tak\u0131mlarda oynamak isterim. \u0130spanya\u2019da, Premier Lig\u2019de oynamak isterim\u201d dedi.<\/p>\n<p>\u201cTrabzonspor\u2019un ilgisini duydum\u201d<\/p>\n<p>Ailecek Trabzonlu olduklar\u0131n\u0131 s\u00f6yleyen Halil, \u201cTrabzon\u2019u \u00e7ok seviyoruz. Ailecek takip ediyoruz. Trabzon\u2019da oynamak gurur verici bir \u015fey. B\u00f6yle \u015feyler zamanla oluyor. Hay\u0131rl\u0131s\u0131 ne ise o olsun. Transfer teklifi oldu\u011fu bilmiyorum ama ilgisi oldu\u011fu duydum (Trabzonspor)\u201d de\u011ferlendirmesinde bulundu.<\/p>\n","protected":false},"excerpt":{"rendered":"<p>\u00dcM\u0130T M\u0130LL\u0130 FUTBOL TAKIMI OYUNCULARINDAN HAL\u0130L DERV\u0130\u015eO\u011eLU, ARNAVUTLUK KAR\u015eISINDA RAK\u0130PLER\u0130NDEN \u0130Y\u0130 OYNADIKLARINI S\u00d6YLEYEREK, \u201cBU MA\u00c7I KES\u0130NL\u0130KLE YENMEL\u0130YD\u0130K. SON DAK\u0130KA GOL\u00dc YEMEMEL\u0130Y\u0130Z. KORNER HAKSIZ VER\u0130LD\u0130 AMA Y\u0130NE DE O TOPA VURDURMAMALIYDIK\u201d DED\u0130.<\/p>\n","protected":false},"author":1,"featured_media":166769,"comment_status":"closed","ping_status":"open","sticky":false,"template":"","format":"standard","meta":{"jetpack_post_was_ever_published":false,"_jetpack_newsletter_access":"","_jetpack_dont_email_post_to_subs":false,"_jetpack_newsletter_tier_id":0,"_jetpack_memberships_contains_paywalled_content":false,"_jetpack_memberships_contains_paid_content":false,"footnotes":"","jetpack_publicize_message":"","jetpack_publicize_feature_enabled":true,"jetpack_social_post_already_shared":true,"jetpack_social_options":{"image_generator_settings":{"template":"highway","default_image_id":0,"font":"","enabled":false},"version":2}},"categories":[657],"tags":[39814,5120,39813,10300,1396,21739,634,39815,3860],"class_list":["post-166768","post","type-post","status-publish","format-standard","has-post-thumbnail","hentry","category-spor","tag-korner","tag-ama","tag-dervisoglu","tag-haksiz","tag-halil","tag-topa","tag-verildi","tag-vurdurmamaliydik","tag-yine"],"jetpack_publicize_connections":[],"jetpack_featured_media_url":"https:\/\/i0.wp.com\/www.tvturk.com\/wp-content\/uploads\/2019\/06\/halil-dervisoglu-korner-haksiz-verildi-ama-yine-de-o-topa-vurdurmamaliydik_966fd8f.jpg?fit=1000%2C711","jetpack_sharing_enabled":true,"jetpack_shortlink":"https:\/\/wp.me\/paKIfm-HnO","_links":{"self":[{"href":"http:\/\/www.tvturk.com\/index.php\/wp-json\/wp\/v2\/posts\/166768","targetHints":{"allow":["GET"]}}],"collection":[{"href":"http:\/\/www.tvturk.com\/index.php\/wp-json\/wp\/v2\/posts"}],"about":[{"href":"http:\/\/www.tvturk.com\/index.php\/wp-json\/wp\/v2\/types\/post"}],"author":[{"embeddable":true,"href":"http:\/\/www.tvturk.com\/index.php\/wp-json\/wp\/v2\/users\/1"}],"replies":[{"embeddable":true,"href":"http:\/\/www.tvturk.com\/index.php\/wp-json\/wp\/v2\/comments?post=166768"}],"version-history":[{"count":0,"href":"http:\/\/www.tvturk.com\/index.php\/wp-json\/wp\/v2\/posts\/166768\/revisions"}],"wp:featuredmedia":[{"embeddable":true,"href":"http:\/\/www.tvturk.com\/index.php\/wp-json\/wp\/v2\/media\/166769"}],"wp:attachment":[{"href":"http:\/\/www.tvturk.com\/index.php\/wp-json\/wp\/v2\/media?parent=166768"}],"wp:term":[{"taxonomy":"category","embeddable":true,"href":"http:\/\/www.tvturk.com\/index.php\/wp-json\/wp\/v2\/categories?post=166768"},{"taxonomy":"post_tag","embeddable":true,"href":"http:\/\/www.tvturk.com\/index.php\/wp-json\/wp\/v2\/tags?post=166768"}],"curies":[{"name":"wp","href":"https:\/\/api.w.org\/{rel}","templated":true}]}}