{"id":166774,"date":"2019-06-07T23:43:23","date_gmt":"2019-06-07T20:43:23","guid":{"rendered":"http:\/\/www.tvturk.com\/index.php\/9-cumhurbaskani-demirelin-anit-mezarina-bayram-tatilinde-ziyaretci-akini\/"},"modified":"2019-06-07T23:43:23","modified_gmt":"2019-06-07T20:43:23","slug":"9-cumhurbaskani-demirelin-anit-mezarina-bayram-tatilinde-ziyaretci-akini","status":"publish","type":"post","link":"http:\/\/www.tvturk.com\/index.php\/9-cumhurbaskani-demirelin-anit-mezarina-bayram-tatilinde-ziyaretci-akini\/","title":{"rendered":"9. Cumhurba\u015fkan\u0131 Demirel\u2019in An\u0131t Mezar\u0131\u2019na bayram tatilinde ziyaret\u00e7i ak\u0131n\u0131"},"content":{"rendered":"<p>T\u00fcrkiye\u2019nin 9\u2019uncu Cumhurba\u015fkan\u0131 S\u00fcleyman Demirel\u2019in memleketi \u0130slamk\u00f6y \u00c7alcatepe\u2019deki an\u0131t mezar\u0131nda bayram tatilinde ziyaret\u00e7i yo\u011funlu\u011fu ya\u015fand\u0131.<\/p>\n<p>9 g\u00fcnl\u00fck Ramazan Bayram\u0131 tatilinde, Isparta\u2019ya 24 kilometre uzakl\u0131kta bulunan 9.Cumhurba\u015fkan\u0131 Demirel\u2019in \u0130slamk\u00f6y \u00c7alcatepe\u2019deki an\u0131t mezar\u0131n\u0131 g\u00fcnde ortalama bin ki\u015fi ziyaret etti. Ziyaret\u00e7iler, kabir ba\u015f\u0131nda bulunan k\u00fcrs\u00fcdeki an\u0131 defterine duygu ve d\u00fc\u015f\u00fcncelerini yazarak, dilek ve temennilerde bulundular. Demirel\u2019in g\u00fcl yapraklar\u0131yla bezenmi\u015f cam mezar ta\u015fl\u0131 kabri ba\u015f\u0131na gelen hemen her ya\u015ftan vatanda\u015f, merhum Cumhurba\u015fkan\u0131\u2019n\u0131 rahmetle and\u0131klar\u0131n\u0131 ifade etti.<\/p>\n<p>\u201c\u015eu anda T\u00fcrkiye\u2019nin hangi ta\u015f\u0131n\u0131 kald\u0131rsak, alt\u0131nda Demirel ismi g\u00f6r\u00fcl\u00fcr\u201d<\/p>\n<p>Demirel\u2019in, ya\u015fam\u0131 boyunca T\u00fcrkiye\u2019nin hemen her yerinde yapt\u0131\u011f\u0131 \u00e7al\u0131\u015fmalarla \u00f6nemli izler b\u0131rakt\u0131\u011f\u0131n\u0131 dile getirerek \u2018Baba\u2019 lakab\u0131n\u0131n hakk\u0131n\u0131 verdi\u011fini ifade eden ziyaret\u00e7i S\u00fcleyman Baykal, \u201cDenizli Tavas\u2019tan geldim. \u0130lk defa geliyorum. Demirel\u2019i anlatmaya kelimeler yetmez. Gen\u00e7li\u011fimizde onunla birlikte siyaset yapt\u0131k. Buraya geldi\u011fimiz zaman kelimeler bulam\u0131yoruz, daha nas\u0131l anlatay\u0131m. \u00c7ok an\u0131m\u0131z var, unutam\u0131yoruz o y\u0131llar\u0131. Hem bayram ziyareti i\u00e7in bir b\u00fcy\u00fck olarak, hem de gen\u00e7li\u011fimizde siyasette arkas\u0131na tak\u0131ld\u0131\u011f\u0131m\u0131z i\u00e7in geldim. \u0130\u00e7imizde ona kar\u015f\u0131 bir a\u015fk\u0131m\u0131z var yani. O, baba lakab\u0131n\u0131n hakk\u0131n\u0131 verdi. \u015eu anda T\u00fcrkiye\u2019nin hangi ta\u015f\u0131n\u0131 kald\u0131rsak, alt\u0131nda Demirel ismi g\u00f6r\u00fcl\u00fcr\u201d dedi.<\/p>\n<p>Antalya\u2019dan \u00c7alcatepe\u2019deki an\u0131t mezara gelen Fatma Tekal, \u201cBen Antalya\u2019dan geliyorum, e\u015fim Ispartal\u0131. Bug\u00fcn bayram m\u00fcnasebetiyle misafirlerimiz de vard\u0131. Birlikte ziyaret edelim dedik. S\u00fcleyman Demirel, benim \u00e7ocuklu\u011fumun Cumhurba\u015fkanlar\u0131ndan birisi, kendisini sayg\u0131 ve sevgiyle an\u0131yoruz, ruhu \u015fad olsun. Biz, Isparta\u2019n\u0131n usul\u00fcne g\u00f6re asl\u0131nda onu hep arife g\u00fcnleri ziyaret ediyorduk ama bu y\u0131l, bug\u00fcne (Bayram\u0131n 3.g\u00fcn\u00fcne) nasipmi\u015f. \u0130n\u015fallah, Allah dualar\u0131m\u0131z\u0131 kabul eder\u201d g\u00f6r\u00fc\u015flerinde bulundu.<\/p>\n","protected":false},"excerpt":{"rendered":"<p>T\u00dcRK\u0130YE\u2019N\u0130N 9&#8217;UNCU CUMHURBA\u015eKANI S\u00dcLEYMAN DEM\u0130REL\u2019\u0130N MEMLEKET\u0130 \u0130SLAMK\u00d6Y \u00c7ALCATEPE\u2019DEK\u0130 ANIT MEZARINDA BAYRAM TAT\u0130L\u0130NDE Z\u0130YARET\u00c7\u0130 YO\u011eUNLU\u011eU YA\u015eANDI.<\/p>\n","protected":false},"author":1,"featured_media":166775,"comment_status":"closed","ping_status":"open","sticky":false,"template":"","format":"standard","meta":{"jetpack_post_was_ever_published":false,"_jetpack_newsletter_access":"","_jetpack_dont_email_post_to_subs":false,"_jetpack_newsletter_tier_id":0,"_jetpack_memberships_contains_paywalled_content":false,"_jetpack_memberships_contains_paid_content":false,"footnotes":"","jetpack_publicize_message":"","jetpack_publicize_feature_enabled":true,"jetpack_social_post_already_shared":true,"jetpack_social_options":{"image_generator_settings":{"template":"highway","default_image_id":0,"font":"","enabled":false},"version":2}},"categories":[1],"tags":[8365,22466,23995,503,35555,22467,4755,6267],"class_list":["post-166774","post","type-post","status-publish","format-standard","has-post-thumbnail","hentry","category-genel","tag-akini","tag-anit","tag-bayram","tag-cumhurbaskani","tag-demirelin","tag-mezarina","tag-tatilinde","tag-ziyaretci"],"jetpack_publicize_connections":[],"jetpack_featured_media_url":"https:\/\/i0.wp.com\/www.tvturk.com\/wp-content\/uploads\/2019\/06\/9-cumhurbaskani-demirelin-anit-mezarina-bayram-tatilinde-ziyaretci-akini_d2ec3b3.jpg?fit=1000%2C562","jetpack_sharing_enabled":true,"jetpack_shortlink":"https:\/\/wp.me\/paKIfm-HnU","_links":{"self":[{"href":"http:\/\/www.tvturk.com\/index.php\/wp-json\/wp\/v2\/posts\/166774","targetHints":{"allow":["GET"]}}],"collection":[{"href":"http:\/\/www.tvturk.com\/index.php\/wp-json\/wp\/v2\/posts"}],"about":[{"href":"http:\/\/www.tvturk.com\/index.php\/wp-json\/wp\/v2\/types\/post"}],"author":[{"embeddable":true,"href":"http:\/\/www.tvturk.com\/index.php\/wp-json\/wp\/v2\/users\/1"}],"replies":[{"embeddable":true,"href":"http:\/\/www.tvturk.com\/index.php\/wp-json\/wp\/v2\/comments?post=166774"}],"version-history":[{"count":0,"href":"http:\/\/www.tvturk.com\/index.php\/wp-json\/wp\/v2\/posts\/166774\/revisions"}],"wp:featuredmedia":[{"embeddable":true,"href":"http:\/\/www.tvturk.com\/index.php\/wp-json\/wp\/v2\/media\/166775"}],"wp:attachment":[{"href":"http:\/\/www.tvturk.com\/index.php\/wp-json\/wp\/v2\/media?parent=166774"}],"wp:term":[{"taxonomy":"category","embeddable":true,"href":"http:\/\/www.tvturk.com\/index.php\/wp-json\/wp\/v2\/categories?post=166774"},{"taxonomy":"post_tag","embeddable":true,"href":"http:\/\/www.tvturk.com\/index.php\/wp-json\/wp\/v2\/tags?post=166774"}],"curies":[{"name":"wp","href":"https:\/\/api.w.org\/{rel}","templated":true}]}}