{"id":166794,"date":"2019-06-08T10:33:12","date_gmt":"2019-06-08T07:33:12","guid":{"rendered":"http:\/\/www.tvturk.com\/index.php\/ozel-zeytinyagi-sabunu-binlerce-yildir-geri-donusturulebiliyor\/"},"modified":"2019-06-08T10:33:12","modified_gmt":"2019-06-08T07:33:12","slug":"ozel-zeytinyagi-sabunu-binlerce-yildir-geri-donusturulebiliyor","status":"publish","type":"post","link":"http:\/\/www.tvturk.com\/index.php\/ozel-zeytinyagi-sabunu-binlerce-yildir-geri-donusturulebiliyor\/","title":{"rendered":"(\u00d6zel) Zeytinya\u011f\u0131 sabunu binlerce y\u0131ld\u0131r geri d\u00f6n\u00fc\u015ft\u00fcr\u00fclebiliyor"},"content":{"rendered":"<p>5 bin y\u0131ld\u0131r insanlar\u0131n temizlik malzemesi olarak kulland\u0131klar\u0131 zeytinya\u011f\u0131 sabunu ayn\u0131 zamanda \u00fcretildi\u011fi g\u00fcnden bu yana geri d\u00f6n\u00fc\u015f\u00fcm\u00fc yap\u0131labilen end\u00fcstriyel \u00fcr\u00fcn olarak dikkati \u00e7ekiyor. \u00dcreticiler zeytinya\u011f\u0131 sabunlar\u0131n\u0131 binlerce y\u0131ld\u0131r geri d\u00f6n\u00fc\u015ft\u00fcrerek tekrar kullan\u0131ma sunabiliyor.<\/p>\n<p>Bal\u0131kesir \u00dcniversitesi Edremit Meslek Y\u00fcksek Okulu \u00d6\u011fretim G\u00f6revlisi M\u00fccahit K\u0131vrak, \u201cZeytinya\u011fl\u0131 sabun binlerce y\u0131ld\u0131r insanlar\u0131n temizlik hayat\u0131nda \u00f6n planda yer al\u0131yor. Do\u011fal ve bitkisel olmas\u0131 nedeniyle insanlar bunu son g\u00fcnlerde tercih ediyor. Pop\u00fcler hale geldi. Biz bu sabunu yaparken bazen hatal\u0131 \u00fcretim yapabiliyoruz. \u0130\u00e7erisine fazla kostik konmu\u015f olabiliyor. Yapt\u0131\u011f\u0131m\u0131z yerde kuruma esnas\u0131nda e\u015fit bir \u015fekilde kurumad\u0131\u011f\u0131nda yanl\u0131\u015f \u015fekilde \u00e7\u0131kabiliyor sabunlar. Biz bunlar\u0131 tekrar yeniden al\u0131p kaynat\u0131p ayn\u0131 i\u015flemlerden ge\u00e7irerek tekrar sabun haline getirebiliyoruz. Bu \u015fekilde sabunun geri d\u00f6n\u00fc\u015f\u00fcm\u00fcn\u00fc sa\u011flam\u0131\u015f oluyoruz. Sabun yapt\u0131\u011f\u0131n\u0131zda hatal\u0131 veya normal sabun yapt\u0131\u011f\u0131n\u0131zda normal sabunu be\u011fenmeyip tekrar yeniden bunu ayn\u0131 i\u015fleme tabi tutup ki\u015filerin kullan\u0131m\u0131na haz\u0131r hale getirebiliyoruz\u201c dedi.<\/p>\n<p>Zeytin ya\u011f\u0131 sabununun binlerce y\u0131ld\u0131r geri d\u00f6n\u00fc\u015ft\u00fcr\u00fcld\u00fc\u011f\u00fcn\u00fc ifade eden K\u0131vrak, \u201c5 bin y\u0131ld\u0131r bu i\u015flem var. D\u00fcnya\u2019n\u0131n belki ilk geri d\u00f6n\u00fc\u015ft\u00fcr\u00fclen malzemesi. Geri d\u00f6n\u00fc\u015f\u00fcm\u00fc olup da yeniden bir kullan\u0131m malzemesi, end\u00fcstriyel malzemesi olarak bizim bildi\u011fimiz ba\u015fka bir \u015fey yok. Geri d\u00f6n\u00fc\u015ft\u00fcr\u00fclebilir olmas\u0131 a\u00e7\u0131s\u0131ndan da zeytinya\u011fl\u0131 sabun \u00f6n plana \u00e7\u0131k\u0131yor\u201d dedi.<\/p>\n<p>Eski ve hatal\u0131 imal edilen sabunlar tekrar ate\u015f \u00fcst\u00fcnde kazanlarda kaynat\u0131larak yeni yap\u0131lar\u0131na d\u00f6n\u00fc\u015ft\u00fcr\u00fcl\u00fcyor. Bu d\u00f6n\u00fc\u015f\u00fcm s\u0131ras\u0131nda sabun \u00f6zelli\u011finden ve de\u011ferinden hi\u00e7 bir \u015fey kaybetmiyor.<\/p>\n","protected":false},"excerpt":{"rendered":"<p>5 B\u0130N YILDIR \u0130NSANLARIN TEM\u0130ZL\u0130K MALZEMES\u0130 OLARAK KULLANDIKLARI ZEYT\u0130NYA\u011eI SABUNU AYNI ZAMANDA \u00dcRET\u0130LD\u0130\u011e\u0130N G\u00dcNDEN BU YANA GER\u0130 D\u00d6N\u00dc\u015e\u00dcM\u00dc YAPILAB\u0130LEN END\u00dcSTR\u0130YEL \u00dcR\u00dcN OLARAK TA D\u0130KKATLER\u0130 \u00c7EK\u0130YOR.<\/p>\n","protected":false},"author":1,"featured_media":166795,"comment_status":"closed","ping_status":"open","sticky":false,"template":"","format":"standard","meta":{"jetpack_post_was_ever_published":false,"_jetpack_newsletter_access":"","_jetpack_dont_email_post_to_subs":false,"_jetpack_newsletter_tier_id":0,"_jetpack_memberships_contains_paywalled_content":false,"_jetpack_memberships_contains_paid_content":false,"footnotes":"","jetpack_publicize_message":"","jetpack_publicize_feature_enabled":true,"jetpack_social_post_already_shared":true,"jetpack_social_options":{"image_generator_settings":{"template":"highway","default_image_id":0,"font":"","enabled":false},"version":2}},"categories":[1],"tags":[1073,3818,39825,592,39824,1682,1187],"class_list":["post-166794","post","type-post","status-publish","format-standard","has-post-thumbnail","hentry","category-genel","tag-ozel","tag-binlerce","tag-donusturulebiliyor","tag-geri","tag-sabunu","tag-yildir","tag-zeytinyagi"],"jetpack_publicize_connections":[],"jetpack_featured_media_url":"https:\/\/i0.wp.com\/www.tvturk.com\/wp-content\/uploads\/2019\/06\/ozel-zeytinyagi-sabunu-binlerce-yildir-geri-donusturulebiliyor_2b27a7a.jpg?fit=1000%2C750","jetpack_sharing_enabled":true,"jetpack_shortlink":"https:\/\/wp.me\/paKIfm-Hoe","_links":{"self":[{"href":"http:\/\/www.tvturk.com\/index.php\/wp-json\/wp\/v2\/posts\/166794","targetHints":{"allow":["GET"]}}],"collection":[{"href":"http:\/\/www.tvturk.com\/index.php\/wp-json\/wp\/v2\/posts"}],"about":[{"href":"http:\/\/www.tvturk.com\/index.php\/wp-json\/wp\/v2\/types\/post"}],"author":[{"embeddable":true,"href":"http:\/\/www.tvturk.com\/index.php\/wp-json\/wp\/v2\/users\/1"}],"replies":[{"embeddable":true,"href":"http:\/\/www.tvturk.com\/index.php\/wp-json\/wp\/v2\/comments?post=166794"}],"version-history":[{"count":0,"href":"http:\/\/www.tvturk.com\/index.php\/wp-json\/wp\/v2\/posts\/166794\/revisions"}],"wp:featuredmedia":[{"embeddable":true,"href":"http:\/\/www.tvturk.com\/index.php\/wp-json\/wp\/v2\/media\/166795"}],"wp:attachment":[{"href":"http:\/\/www.tvturk.com\/index.php\/wp-json\/wp\/v2\/media?parent=166794"}],"wp:term":[{"taxonomy":"category","embeddable":true,"href":"http:\/\/www.tvturk.com\/index.php\/wp-json\/wp\/v2\/categories?post=166794"},{"taxonomy":"post_tag","embeddable":true,"href":"http:\/\/www.tvturk.com\/index.php\/wp-json\/wp\/v2\/tags?post=166794"}],"curies":[{"name":"wp","href":"https:\/\/api.w.org\/{rel}","templated":true}]}}