{"id":166798,"date":"2019-06-08T10:35:03","date_gmt":"2019-06-08T07:35:03","guid":{"rendered":"http:\/\/www.tvturk.com\/index.php\/ozel-cografi-isaretli-ayvalik-zeytinyagi-ab-tescili-yolunda\/"},"modified":"2019-06-08T10:35:03","modified_gmt":"2019-06-08T07:35:03","slug":"ozel-cografi-isaretli-ayvalik-zeytinyagi-ab-tescili-yolunda","status":"publish","type":"post","link":"http:\/\/www.tvturk.com\/index.php\/ozel-cografi-isaretli-ayvalik-zeytinyagi-ab-tescili-yolunda\/","title":{"rendered":"(\u00d6zel) Co\u011frafi i\u015faretli Ayval\u0131k zeytinya\u011f\u0131 AB tescili yolunda"},"content":{"rendered":"<p>Sanayi ve Teknoloji Bakanl\u0131\u011f\u0131 b\u00fcnyesindeki T\u00fcrk Patent Enstit\u00fcs\u00fc\u2019n\u00fcn Anadolu topraklar\u0131ndaki 394 co\u011frafi i\u015faretli \u00fcr\u00fcnden biri olan Ayval\u0131k zeytinya\u011f\u0131, AB taraf\u0131ndan tescillenerek \u00f6n\u00fcm\u00fczdeki y\u0131l Avrupa Birli\u011fi pazar\u0131nda yerini almaya haz\u0131rlan\u0131yor.<\/p>\n<p>Bug\u00fcne kadar D\u00e2hilde \u0130\u015fleme Rejimi (D\u0130R) sistemiyle AB\u2019ye s\u0131n\u0131rl\u0131 miktarda markas\u0131z ve ambalajs\u0131z olarak ihra\u00e7 edilebilen Ayval\u0131k\u2019\u0131n co\u011frafi i\u015faretli zeytinya\u011f\u0131n\u0131n sadece 50 ton olan markal\u0131 ve ambalajl\u0131 olarak AB \u00fclkelerindeki sat\u0131\u015f\u0131ndaki kotan\u0131n; AB taraf\u0131ndan tescillenmesi ile birlikte \u00f6n\u00fcm\u00fczdeki y\u0131ldan itibaren Avrupa \u00fclkeleri ma\u011fazalar\u0131ndaki reyonlarda da yerini almaya ba\u015flayacak olmas\u0131 ise Ayval\u0131kl\u0131 butik zeytinya\u011f\u0131 \u00fcreticileri ba\u015fta olmak \u00fczere t\u00fcm sekt\u00f6r taraf\u0131ndan memnuniyetle kar\u015f\u0131land\u0131.<\/p>\n<p>AB\u2019nin \u00f6n\u00fcm\u00fczdeki y\u0131l T\u00fcrkiye\u2019den Ayd\u0131n inciri, Antep baklavas\u0131, Malatya kay\u0131s\u0131s\u0131 gibi co\u011frafi i\u015faretli \u00fcr\u00fcnlerden sadece 20 \u00e7e\u015fidinin Avrupa \u00fclkelerinde sat\u0131\u015fa sunulabilmesine izin vermesinin ard\u0131ndan, bu \u00fcr\u00fcnlerin aras\u0131nda Ayval\u0131k\u2019\u0131n co\u011frafi i\u015faretli zeytinya\u011f\u0131 da yerini almas\u0131 ile ilgili muhabirimize a\u00e7\u0131klamalarda bulunan Ayval\u0131k Ticaret Odas\u0131 Ba\u015fkan\u0131 Mustafa B\u00fcy\u00fck\u00e7\u0131vg\u0131n, 2007 y\u0131l\u0131nda Ayval\u0131k Zeytinya\u011f\u0131 Co\u011frafi \u0130\u015fareti alarak ta\u00e7land\u0131rd\u0131klar\u0131 Ayval\u0131k Zeytinya\u011f\u0131\u2019n\u0131n, \u00f6n\u00fcm\u00fczdeki y\u0131ldan itibaren Avrupa Birli\u011fi taraf\u0131ndan tescillenmi\u015f olmas\u0131ndan duydu\u011fu memnuniyeti ifade etti.<\/p>\n<p>Yakla\u015f\u0131k olarak 10 aydan bu yana gerek Sanayi ve Teknoloji Bakanl\u0131\u011f\u0131, gerekse de ayn\u0131 bakanl\u0131\u011fa ba\u011fl\u0131 T\u00fcrk Patent Kurumu ile s\u00fcrd\u00fcrd\u00fckleri yo\u011fun \u00e7al\u0131\u015fmalar\u0131n sonu\u00e7 verdi\u011fini ifade eden ATO Ba\u015fkan\u0131 B\u00fcy\u00fck\u00e7\u0131vg\u0131n, \u201c Bildi\u011finiz \u00fczere Avrupa Birli\u011fi, bu y\u0131l T\u00fcrkiye\u2019den 20 tane co\u011frafi i\u015faretli \u00fcr\u00fcne Avrupa tescili verece\u011fini belirtti. T\u00fcrkiye\u2019de 394 adet co\u011frafi i\u015faretli \u00fcr\u00fcn bulunmaktad\u0131r. Tabi\u00ee ki bu co\u011frafi i\u015faretli \u00fcr\u00fcnlerin tamam\u0131 s\u0131n\u0131rl\u0131 say\u0131da tutulan 20 \u00fcr\u00fcn\u00fcn aras\u0131na girebilmek i\u00e7in b\u00fcy\u00fck bir m\u00fccadele i\u00e7ine girerek, b\u00fcy\u00fck bir \u00e7aba harcad\u0131lar. Ayn\u0131 \u015fekilde bizde, co\u011frafi i\u015faretli zeytinya\u011f\u0131m\u0131z i\u00e7in bu m\u00fccadeledeki yerimizi ald\u0131k. Bakanl\u0131k yetkililerine ya\u011f\u0131m\u0131z\u0131n AB tescilli alabilmesi hususunu ve bunun \u00f6nemini anlatt\u0131k. Bu \u00e7al\u0131\u015fmalar\u0131m\u0131z\u0131n neticesinde de AB\u2019nin T\u00fcrkiye\u2019den talep etti\u011fi 20 \u00fcr\u00fcn\u00fcn aras\u0131na bakanl\u0131\u011f\u0131m\u0131z taraf\u0131ndan zeytinya\u011f\u0131m\u0131z\u0131n da bu tescili almas\u0131 teklif edildi ve bu listeye girdi. Hay\u0131rl\u0131, u\u011furlu olsun \u201c dedi.<\/p>\n<p>AB\u2019nin \u00f6zel bir birlik oldu\u011funa i\u015faret eden Mustafa B\u00fcy\u00fck\u00e7\u0131vg\u0131n, \u201cAB \u00f6zel bir pazara sahip. Bug\u00fcn AB pazar\u0131nda bir mal\u0131n sat\u0131labilmesi i\u00e7in bu birli\u011fin tescili \u00e7ok \u00f6nemli. \u00d6zellikle de uluslararas\u0131 marketlerin, Avrupa\u2019daki ma\u011fazalar\u0131na bir tak\u0131m \u00fcr\u00fcnlerin sat\u0131labilmesi i\u00e7in AB, bu tescili \u00e7ok \u00f6nemsiyor ve ar\u0131yor. Bug\u00fcn biliyorsunuz zeytinya\u011f\u0131m\u0131z, sadece yurtd\u0131\u015f\u0131na \u2018D\u0130R\u2019 dedi\u011fimiz Dahilde \u0130\u015fleme Rejimi ile ihra\u00e7 edilebiliyor. Bu y\u00fczden de ambalajl\u0131 markalar\u0131m\u0131z\u0131n sat\u0131\u015f\u0131 da yurt d\u0131\u015f\u0131nda olduk\u00e7a s\u0131n\u0131rl\u0131 say\u0131da olabiliyor. Size \u015f\u00f6yle bir \u00f6rnek vereyim. T\u00fcrkiye\u2019nin ambalajl\u0131 ihracat kotas\u0131 y\u0131ll\u0131k bazda, zeytinya\u011f\u0131nda sadece 50 tondur. Ama d\u00fc\u015f\u00fcn\u00fcn ki; AB tescili alan Ayval\u0131k zeytinya\u011f\u0131 Avrupa pazarlar\u0131nda rahat\u00e7a sat\u0131labilecek. Buradaki butik \u00fcreticilerimiz ile di\u011fer \u00fcrecilerimizin tamam\u0131 ambalajl\u0131 zeytinya\u011flar\u0131n\u0131 in\u015fallah Avrupa \u00fclkelerinde rahat\u00e7a satabilme imk\u00e2n\u0131na kavu\u015fabilecektir.\u201d ifadelerini kulland\u0131.<\/p>\n<p>ATO Ba\u015fkan\u0131 B\u00fcy\u00fck\u00e7\u0131vg\u0131n yapt\u0131\u011f\u0131 a\u00e7\u0131klamada, bakanl\u0131ktan kendilerine gelen liste i\u00e7erisinde sadece co\u011frafi i\u015faretli olarak sadece Ayval\u0131k zeytinya\u011f\u0131n\u0131n AB taraf\u0131ndan tescillenece\u011fini vurgulayarak, \u201cBu b\u00fcy\u00fck geli\u015fmede elbette 2005 y\u0131l\u0131nda ba\u015flatt\u0131\u011f\u0131m\u0131z ve her y\u0131l da geleneksel olarak s\u00fcrd\u00fcrd\u00fc\u011f\u00fcm\u00fcz, 2015 y\u0131l\u0131nda da uluslararas\u0131 boyutlara ta\u015f\u0131nan Ayval\u0131k Zeytin Hasat G\u00fcnleri etkinli\u011fimizin de b\u00fcy\u00fck pay\u0131 bulunmaktad\u0131r. Bunun yan\u0131 s\u0131ra Ayval\u0131k Ticaret Odas\u0131 olarak 2007 y\u0131l\u0131nda da Ayval\u0131k zeytinya\u011f\u0131na co\u011frafi i\u015fareti almam\u0131z\u0131n ard\u0131ndan da y\u00f6remizin zeytinya\u011f\u0131n\u0131n tan\u0131t\u0131m ata\u011f\u0131 kendili\u011finden ba\u015flam\u0131\u015f oldu ve Ayval\u0131k zeytinya\u011f\u0131n\u0131n AB yoluna yelken a\u00e7mas\u0131n\u0131n da en \u00f6nemli fakt\u00f6rleri oldu\u201d diye konu\u015ftu.<\/p>\n<p>Zeytinya\u011f\u0131\u2019n\u0131n \u00f6n\u00fcm\u00fczdeki y\u0131l AB taraf\u0131ndan tescillenerek, Avrupa pazar\u0131nda yer alacak olmas\u0131 ise Ayval\u0131k\u2019ta co\u011frafi i\u015faretli zeytinya\u011f\u0131 sat\u0131\u015f\u0131 yapan firmalar taraf\u0131ndan memnuniyete kar\u015f\u0131land\u0131.<\/p>\n<p>Bug\u00fcne kadar Japonya, Hong Kong ve Norve\u00e7 ba\u015fta olmak \u00fczere bir \u00e7ok \u00fclkeye zeytinya\u011f\u0131 ihra\u00e7 eden Ayval\u0131k\u2019\u0131n en eski ve k\u00f6kl\u00fc firmalar\u0131ndan birinin Y\u00f6netim Kurulu Ba\u015fkan\u0131 Mustafa K\u00fcrlek, D\u0130R sistemi d\u0131\u015f\u0131nda da AB\u2019nin T\u00fcrkiye\u2019den sadece co\u011frafi i\u015faretli Ayval\u0131k zeytinya\u011f\u0131na tescil verecek olmas\u0131n\u0131n il\u00e7edeki zeytin ve zeytinya\u011f\u0131 \u00fcreticisi i\u00e7in son derece gurur verici oldu\u011funu kaydetti.<\/p>\n<p>Firma olarak halen daha AB \u00fclkesi olan \u0130ngiltere\u2019ye de co\u011frafi i\u015faretli zeytinya\u011f\u0131n\u0131 s\u0131n\u0131rl\u0131 miktarda da olsa ihra\u00e7 ettiklerini a\u00e7\u0131klayan Mustafa K\u00fcrlek, \u201cAld\u0131\u011f\u0131m\u0131z habere g\u00f6re, AB bundan b\u00f6yle T\u00fcrkiye\u2019den Co\u011frafi i\u015faretli Ayval\u0131k zeytinya\u011flar\u0131n\u0131 sat\u0131n alacak. Bu da \u015fu anlama geliyor; AB \u00fclkeleri Ayval\u0131k zeytinya\u011f\u0131n\u0131 resmen tan\u0131m\u0131\u015f duruma gelmi\u015f olacak. Bunun sonucunda da T\u00fcrkiye\u2019den, AB \u00fclkelerine ihra\u00e7  olan herhangi bir \u00fcr\u00fcn \u00fczerinde co\u011frafi i\u015faret bulunmazsa, o \u00fcr\u00fcn Avrupa\u2019da yerini alamayacak. Zeytinya\u011f\u0131m\u0131z\u0131n \u00f6n\u00fcm\u00fczdeki y\u0131ldan itibaren AB taraf\u0131ndan tescillenmesi Ayval\u0131k zeytinya\u011f\u0131\u2019n\u0131n de\u011ferinin ve \u00f6neminin artmas\u0131na \u00e7ok b\u00fcy\u00fck bir katk\u0131 sa\u011flam\u0131\u015f olacakt\u0131r.\u201ddedi.<\/p>\n<p>Ayval\u0131k\u2019ta yeti\u015fen zeytinlerden \u00fcretilen zeytinya\u011f\u0131n\u0131n kalitesinin d\u00fcnya genelinde kabul g\u00f6rm\u00fc\u015f olan ender \u00fcr\u00fcnlerden biri oldu\u011funa i\u015faret eden Mustafa K\u00fcrlek, \u201cAyval\u0131k\u2019taki zeytin a\u011fa\u00e7lar\u0131m\u0131z antik ve as\u0131rl\u0131k a\u011fa\u00e7lard\u0131r. Bizler bu a\u011fa\u00e7lar\u0131 koruyoruz ve yeni dikimler yaparak a\u011fa\u00e7 say\u0131m\u0131z\u0131 artt\u0131rmaya \u00e7al\u0131\u015f\u0131yoruz. Ayval\u0131k zeytinya\u011f\u0131 bu ba\u011flamda son derece de\u011ferli. AB\u2019nin tescil etmesiyle birlikte bu de\u011fer de daha da artacakt\u0131r. \u00d6rne\u011fin bu sayede \u00fcretti\u011fimiz zeytinya\u011f\u0131n\u0131 Avrupa\u2019da daha y\u00fcksek fiyata sat\u0131labilmesinin yan\u0131 s\u0131ra zeytin \u00fcreticisi kalk\u0131nacak, Ayval\u0131k\u2019\u0131n d\u00fcnya genelindeki reklam\u0131 daha fazla yap\u0131lm\u0131\u015f olacak ve zeytinya\u011f\u0131m\u0131z\u0131n de\u011feri daha da artacakt\u0131r\u201d ifadelerini kulland\u0131.<\/p>\n","protected":false},"excerpt":{"rendered":"<p>SANAY\u0130 VE TEKNOLOJ\u0130 BAKANLI\u011eI B\u00dcNYES\u0130NDEK\u0130 T\u00dcRK PATENT ENST\u0130T\u00dcS\u00dc\u2019N\u00dcN ANADOLU TOPRAKLARINDAK\u0130 394 CO\u011eRAF\u0130 \u0130\u015eARETL\u0130 \u00dcR\u00dcNDEN B\u0130R\u0130 OLAN AYVALIK ZEYT\u0130NYA\u011eI, AB TARAFINDAN TESC\u0130LLENEREK \u00d6N\u00dcM\u00dcZDEK\u0130 YIL AVRUPA B\u0130RL\u0130\u011e\u0130 PAZARINDA YER\u0130N\u0130 ALMAYA HAZIRLANIYOR.<\/p>\n","protected":false},"author":1,"featured_media":166799,"comment_status":"closed","ping_status":"open","sticky":false,"template":"","format":"standard","meta":{"jetpack_post_was_ever_published":false,"_jetpack_newsletter_access":"","_jetpack_dont_email_post_to_subs":false,"_jetpack_newsletter_tier_id":0,"_jetpack_memberships_contains_paywalled_content":false,"_jetpack_memberships_contains_paid_content":false,"footnotes":"","jetpack_publicize_message":"","jetpack_publicize_feature_enabled":true,"jetpack_social_post_already_shared":true,"jetpack_social_options":{"image_generator_settings":{"template":"highway","default_image_id":0,"font":"","enabled":false},"version":2}},"categories":[19],"tags":[1073,14474,17603,20406,39828,1464,1187],"class_list":["post-166798","post","type-post","status-publish","format-standard","has-post-thumbnail","hentry","category-ekonomi","tag-ozel","tag-ayvalik","tag-cografi","tag-isaretli","tag-tescili","tag-yolunda","tag-zeytinyagi"],"jetpack_publicize_connections":[],"jetpack_featured_media_url":"https:\/\/i0.wp.com\/www.tvturk.com\/wp-content\/uploads\/2019\/06\/ozel-cografi-isaretli-ayvalik-zeytinyagi-ab-tescili-yolunda_4b0af34.jpg?fit=1000%2C666","jetpack_sharing_enabled":true,"jetpack_shortlink":"https:\/\/wp.me\/paKIfm-Hoi","_links":{"self":[{"href":"http:\/\/www.tvturk.com\/index.php\/wp-json\/wp\/v2\/posts\/166798","targetHints":{"allow":["GET"]}}],"collection":[{"href":"http:\/\/www.tvturk.com\/index.php\/wp-json\/wp\/v2\/posts"}],"about":[{"href":"http:\/\/www.tvturk.com\/index.php\/wp-json\/wp\/v2\/types\/post"}],"author":[{"embeddable":true,"href":"http:\/\/www.tvturk.com\/index.php\/wp-json\/wp\/v2\/users\/1"}],"replies":[{"embeddable":true,"href":"http:\/\/www.tvturk.com\/index.php\/wp-json\/wp\/v2\/comments?post=166798"}],"version-history":[{"count":0,"href":"http:\/\/www.tvturk.com\/index.php\/wp-json\/wp\/v2\/posts\/166798\/revisions"}],"wp:featuredmedia":[{"embeddable":true,"href":"http:\/\/www.tvturk.com\/index.php\/wp-json\/wp\/v2\/media\/166799"}],"wp:attachment":[{"href":"http:\/\/www.tvturk.com\/index.php\/wp-json\/wp\/v2\/media?parent=166798"}],"wp:term":[{"taxonomy":"category","embeddable":true,"href":"http:\/\/www.tvturk.com\/index.php\/wp-json\/wp\/v2\/categories?post=166798"},{"taxonomy":"post_tag","embeddable":true,"href":"http:\/\/www.tvturk.com\/index.php\/wp-json\/wp\/v2\/tags?post=166798"}],"curies":[{"name":"wp","href":"https:\/\/api.w.org\/{rel}","templated":true}]}}