{"id":166834,"date":"2019-06-08T11:53:23","date_gmt":"2019-06-08T08:53:23","guid":{"rendered":"http:\/\/www.tvturk.com\/index.php\/100-yasinda-ilk-kez-dogum-gununu-kutladi\/"},"modified":"2019-06-08T11:53:23","modified_gmt":"2019-06-08T08:53:23","slug":"100-yasinda-ilk-kez-dogum-gununu-kutladi","status":"publish","type":"post","link":"http:\/\/www.tvturk.com\/index.php\/100-yasinda-ilk-kez-dogum-gununu-kutladi\/","title":{"rendered":"100 ya\u015f\u0131nda ilk kez do\u011fum g\u00fcn\u00fcn\u00fc kutlad\u0131"},"content":{"rendered":"<p>Malatya\u2019n\u0131n Ak\u00e7ada\u011f il\u00e7esinde ya\u015fayan Hasan H\u00fcseyin Sar\u0131kaya 100 ya\u015f\u0131na girdi\u011fi do\u011fum g\u00fcn\u00fcn\u00fc \u00e7ocuklar\u0131 ve torunlar\u0131yla pasta keserek kutlad\u0131. Hayat\u0131nda ilk kez do\u011fum g\u00fcn\u00fc kutlayan Hasan dedenin heyecan\u0131 ise g\u00f6r\u00fclmeye de\u011ferdi.<\/p>\n<p>Ak\u00e7ada\u011f il\u00e7esine ba\u011fl\u0131 Kayadibi Mahallesi\u2019nde ikamet eden Hasan H\u00fcseyin Sar\u0131kaya\u2019n\u0131n 100 ya\u015f\u0131na girmesi nedeniyle \u00e7ocuklar\u0131 ve torunlar\u0131 taraf\u0131ndan s\u00fcrpriz yap\u0131ld\u0131.<\/p>\n<p>2000 y\u0131l\u0131nda e\u015fi G\u00fcls\u00fcm Sar\u0131kaya\u2019y\u0131 kaybeden 5 erkek, 3 k\u0131z \u00e7ocu\u011fu, 42 torunu bulunan Hasan H\u00fcseyin Sar\u0131kaya\u2019n\u0131n torununun torunu  Ba\u015fak Sar\u0131kaya 17 ya\u015f\u0131nda. Dokuz g\u00fcnl\u00fck Ramazan bayram\u0131 tatili nedeniyle Kayadibi Mahallesi\u2019nde bir araya gelen aile fertleri, Sar\u0131kaya\u2019ya 100. ya\u015f\u0131na \u00f6zel \u00fczerinde \u201c100\u201d yazan pasta haz\u0131rlad\u0131. Havai fi\u015fek g\u00f6sterisinin de yap\u0131ld\u0131\u011f\u0131 programda Sar\u0131kaya kendisi i\u00e7in haz\u0131rlanan pastan\u0131n \u00fczerindeki mumu \u00fcfledi.<\/p>\n<p>Unutulmayacak bir do\u011fum g\u00fcn\u00fc ya\u015fayan Sar\u0131kaya, \u00e7ocuklar\u0131 ve torunlar\u0131na te\u015fekk\u00fcr ederken, duygusal anlar\u0131n ya\u015fand\u0131\u011f\u0131 do\u011fum g\u00fcn\u00fc program\u0131 misafirlere Ak\u00e7ada\u011f pilav\u0131 ikram ile son buldu.<\/p>\n","protected":false},"excerpt":{"rendered":"<p>MALATYA&#8217;NIN AK\u00c7ADA\u011e \u0130L\u00c7ES\u0130NDE YA\u015eAYAN HASAN H\u00dcSEY\u0130N SARIKAYA 100 YA\u015eINA G\u0130RD\u0130\u011e\u0130 DO\u011eUM G\u00dcN\u00dcN\u00dc \u00c7OCUKLARI VE TORUNLARIYLA PASTA KESEREK KUTLADI. HAYATINDA \u0130LK KEZ DO\u011eUM G\u00dcN\u00dc KUTLAYAN HASAN DEDEN\u0130N HEYECANI \u0130SE G\u00d6R\u00dcLMEYE DE\u011eERD\u0130.<\/p>\n","protected":false},"author":1,"featured_media":166835,"comment_status":"closed","ping_status":"open","sticky":false,"template":"","format":"standard","meta":{"jetpack_post_was_ever_published":false,"_jetpack_newsletter_access":"","_jetpack_dont_email_post_to_subs":false,"_jetpack_newsletter_tier_id":0,"_jetpack_memberships_contains_paywalled_content":false,"_jetpack_memberships_contains_paid_content":false,"footnotes":"","jetpack_publicize_message":"","jetpack_publicize_feature_enabled":true,"jetpack_social_post_already_shared":true,"jetpack_social_options":{"image_generator_settings":{"template":"highway","default_image_id":0,"font":"","enabled":false},"version":2}},"categories":[1],"tags":[2127,1068,12884,37,1497,4040,2487],"class_list":["post-166834","post","type-post","status-publish","format-standard","has-post-thumbnail","hentry","category-genel","tag-2127","tag-dogum","tag-gununu","tag-ilk","tag-kez","tag-kutladi","tag-yasinda"],"jetpack_publicize_connections":[],"jetpack_featured_media_url":"https:\/\/i0.wp.com\/www.tvturk.com\/wp-content\/uploads\/2019\/06\/100-yasinda-ilk-kez-dogum-gununu-kutladi_1ce7d95.jpg?fit=1000%2C750","jetpack_sharing_enabled":true,"jetpack_shortlink":"https:\/\/wp.me\/paKIfm-HoS","_links":{"self":[{"href":"http:\/\/www.tvturk.com\/index.php\/wp-json\/wp\/v2\/posts\/166834","targetHints":{"allow":["GET"]}}],"collection":[{"href":"http:\/\/www.tvturk.com\/index.php\/wp-json\/wp\/v2\/posts"}],"about":[{"href":"http:\/\/www.tvturk.com\/index.php\/wp-json\/wp\/v2\/types\/post"}],"author":[{"embeddable":true,"href":"http:\/\/www.tvturk.com\/index.php\/wp-json\/wp\/v2\/users\/1"}],"replies":[{"embeddable":true,"href":"http:\/\/www.tvturk.com\/index.php\/wp-json\/wp\/v2\/comments?post=166834"}],"version-history":[{"count":0,"href":"http:\/\/www.tvturk.com\/index.php\/wp-json\/wp\/v2\/posts\/166834\/revisions"}],"wp:featuredmedia":[{"embeddable":true,"href":"http:\/\/www.tvturk.com\/index.php\/wp-json\/wp\/v2\/media\/166835"}],"wp:attachment":[{"href":"http:\/\/www.tvturk.com\/index.php\/wp-json\/wp\/v2\/media?parent=166834"}],"wp:term":[{"taxonomy":"category","embeddable":true,"href":"http:\/\/www.tvturk.com\/index.php\/wp-json\/wp\/v2\/categories?post=166834"},{"taxonomy":"post_tag","embeddable":true,"href":"http:\/\/www.tvturk.com\/index.php\/wp-json\/wp\/v2\/tags?post=166834"}],"curies":[{"name":"wp","href":"https:\/\/api.w.org\/{rel}","templated":true}]}}