{"id":166854,"date":"2019-06-08T12:46:28","date_gmt":"2019-06-08T09:46:28","guid":{"rendered":"http:\/\/www.tvturk.com\/index.php\/paraguay-buyukelcisi-ankara-itfaiyesinde\/"},"modified":"2019-06-08T12:46:28","modified_gmt":"2019-06-08T09:46:28","slug":"paraguay-buyukelcisi-ankara-itfaiyesinde","status":"publish","type":"post","link":"http:\/\/www.tvturk.com\/index.php\/paraguay-buyukelcisi-ankara-itfaiyesinde\/","title":{"rendered":"Paraguay B\u00fcy\u00fckel\u00e7isi Ankara \u0130tfaiyesi\u2019nde"},"content":{"rendered":"<p>Paraguay B\u00fcy\u00fckel\u00e7isi Ceferino Adrian Valdez Peralta, Ankara B\u00fcy\u00fck\u015fehir Belediyesi \u0130tfaiye Daire Ba\u015fkanl\u0131\u011f\u0131\u2019n\u0131 ziyaret etti.<\/p>\n<p>Ankara \u0130tfaiye Daire Ba\u015fkan\u0131 Salih Kurumlu, Ankara \u0130tfaiyesi\u2019nin faaliyetleri ve te\u015fkilat yap\u0131s\u0131 hakk\u0131nda B\u00fcy\u00fckel\u00e7i Peralta\u2019ya ayr\u0131nt\u0131l\u0131 bilgi verdi. Paraguay B\u00fcy\u00fckel\u00e7isi Peralta\u2019ya Ankara \u0130tfaiyesi\u2019ni gezdiren Kurumlu, \u201c\u0130tfaiye Te\u015fkilat\u0131, din, dil, \u0131rk gibi hi\u00e7bir farkl\u0131l\u0131\u011f\u0131 i\u00e7inde bar\u0131nd\u0131rmayan mesleklerden biridir\u201d dedi. Mesle\u011fin evrensel yan\u0131 oldu\u011funu vurgulayan Kurumlu, d\u00fcnyadaki t\u00fcm itfaiyecilerin arkada\u015f oldu\u011funu s\u00f6yledi. Ankara \u0130tfaiyesi Labirent Merkezi ve \u0130tfaiye Ara\u00e7 Sim\u00fclasyon Merkezi\u2019nde incelemelerde bulunan konuk B\u00fcy\u00fckel\u00e7i, Sim\u00fclasyon koltu\u011funa oturarak, itfaiye arac\u0131 da kulland\u0131.<\/p>\n<p>D\u00fcnyaya \u00f6rnek \u0130tfaiye<\/p>\n<p>Ankara \u0130tfaiyesi\u2019nde bulunan ara\u00e7 ve ekipmanlar\u0131 yak\u0131ndan inceleyen Paraguay B\u00fcy\u00fckel\u00e7isi Peralta, K9 Arama-kurtarma k\u00f6peklerinin g\u00f6sterisini de ilgiyle izledi.<\/p>\n<p>Ankara \u0130tfaiye Daire Ba\u015fkan\u0131 Salih Kurumlu, B\u00fcy\u00fckel\u00e7i Ceferino Adrian Valdez Peralta\u2019ya \u00fczerinde b\u00fcy\u00fckel\u00e7inin isminin yaz\u0131l\u0131 oldu\u011fu itfaiyeci kask\u0131 hediye etti.<\/p>\n","protected":false},"excerpt":{"rendered":"<p>PARAGUAY B\u00dcY\u00dcKEL\u00c7\u0130S\u0130 CEFER\u0130NO ADR\u0130AN VALDEZ PERALTA, ANKARA B\u00dcY\u00dcK\u015eEH\u0130R BELED\u0130YES\u0130 \u0130TFA\u0130YE DA\u0130RE BA\u015eKANLI\u011eI\u2019NI Z\u0130YARET ETT\u0130.<\/p>\n","protected":false},"author":1,"featured_media":166855,"comment_status":"closed","ping_status":"open","sticky":false,"template":"","format":"standard","meta":{"jetpack_post_was_ever_published":false,"_jetpack_newsletter_access":"","_jetpack_dont_email_post_to_subs":false,"_jetpack_newsletter_tier_id":0,"_jetpack_memberships_contains_paywalled_content":false,"_jetpack_memberships_contains_paid_content":false,"footnotes":"","jetpack_publicize_message":"","jetpack_publicize_feature_enabled":true,"jetpack_social_post_already_shared":true,"jetpack_social_options":{"image_generator_settings":{"template":"highway","default_image_id":0,"font":"","enabled":false},"version":2}},"categories":[1],"tags":[1475,4684,39860,39859],"class_list":["post-166854","post","type-post","status-publish","format-standard","has-post-thumbnail","hentry","category-genel","tag-ankara","tag-buyukelcisi","tag-itfaiyesinde","tag-paraguay"],"jetpack_publicize_connections":[],"jetpack_featured_media_url":"https:\/\/i0.wp.com\/www.tvturk.com\/wp-content\/uploads\/2019\/06\/paraguay-buyukelcisi-ankara-itfaiyesinde_c7bb1e1.jpg?fit=1000%2C666","jetpack_sharing_enabled":true,"jetpack_shortlink":"https:\/\/wp.me\/paKIfm-Hpc","_links":{"self":[{"href":"http:\/\/www.tvturk.com\/index.php\/wp-json\/wp\/v2\/posts\/166854","targetHints":{"allow":["GET"]}}],"collection":[{"href":"http:\/\/www.tvturk.com\/index.php\/wp-json\/wp\/v2\/posts"}],"about":[{"href":"http:\/\/www.tvturk.com\/index.php\/wp-json\/wp\/v2\/types\/post"}],"author":[{"embeddable":true,"href":"http:\/\/www.tvturk.com\/index.php\/wp-json\/wp\/v2\/users\/1"}],"replies":[{"embeddable":true,"href":"http:\/\/www.tvturk.com\/index.php\/wp-json\/wp\/v2\/comments?post=166854"}],"version-history":[{"count":0,"href":"http:\/\/www.tvturk.com\/index.php\/wp-json\/wp\/v2\/posts\/166854\/revisions"}],"wp:featuredmedia":[{"embeddable":true,"href":"http:\/\/www.tvturk.com\/index.php\/wp-json\/wp\/v2\/media\/166855"}],"wp:attachment":[{"href":"http:\/\/www.tvturk.com\/index.php\/wp-json\/wp\/v2\/media?parent=166854"}],"wp:term":[{"taxonomy":"category","embeddable":true,"href":"http:\/\/www.tvturk.com\/index.php\/wp-json\/wp\/v2\/categories?post=166854"},{"taxonomy":"post_tag","embeddable":true,"href":"http:\/\/www.tvturk.com\/index.php\/wp-json\/wp\/v2\/tags?post=166854"}],"curies":[{"name":"wp","href":"https:\/\/api.w.org\/{rel}","templated":true}]}}