{"id":166876,"date":"2019-06-08T13:50:15","date_gmt":"2019-06-08T10:50:15","guid":{"rendered":"http:\/\/www.tvturk.com\/index.php\/ozel-haber-mimar-sinanin-ustalik-eseri-selimiyeye-ziyaretci-akini\/"},"modified":"2019-06-08T13:50:15","modified_gmt":"2019-06-08T10:50:15","slug":"ozel-haber-mimar-sinanin-ustalik-eseri-selimiyeye-ziyaretci-akini","status":"publish","type":"post","link":"http:\/\/www.tvturk.com\/index.php\/ozel-haber-mimar-sinanin-ustalik-eseri-selimiyeye-ziyaretci-akini\/","title":{"rendered":"(\u00d6zel Haber) Mimar Sinan\u2019\u0131n \u2018Ustal\u0131k eseri\u2019 Selimiye\u2019ye ziyaret\u00e7i ak\u0131n\u0131"},"content":{"rendered":"<p>Mimar Sinan\u2019\u0131n \u2018Ustal\u0131k eserim\u2019 dedi\u011fi muhte\u015fem mabet Selimiye Camii, bayram tatili boyunca ziyaret\u00e7i ak\u0131n\u0131na u\u011fruyor.<\/p>\n<p>UNESCO D\u00fcnya K\u00fclt\u00fcr Miras\u0131 Listesi\u2019nde yer alan, Osmanl\u0131-\u0130slam mimarisinin zirvesi Selimiye Camii, yerli ve yabanc\u0131 turistlerin ak\u0131n\u0131na u\u011fruyor. Ramazan Bayram\u0131 tatili nedeniyle Edirne\u2019yi ziyaret eden binlerce yerli ve yabanc\u0131 turist, Mimar Sinan\u2019\u0131n \u2018ustal\u0131k eserim\u2019 dedi\u011fi e\u015fsiz camiyi ziyaret etmeden \u015fehirden ayr\u0131lm\u0131yor.<\/p>\n<p>Hem ihti\u015fam\u0131 hem de manevi atmosferi ile muhakkak ziyaret edilmesi ve g\u00f6r\u00fclmesi bir yer oldu\u011funu dile getiren G\u00f6khan A\u00e7ar, \u201c\u0130stanbul\u2019dan geliyoruz. Kesinlikle m\u00fckemmel bir g\u00f6r\u00fcnt\u00fcs\u00fc var. Hayran kald\u0131k\u201d dedi.<\/p>\n","protected":false},"excerpt":{"rendered":"<p>UNESCO D\u00dcNYA K\u00dcLT\u00dcR M\u0130RASI L\u0130STES\u0130\u2019NDE YER ALAN, OSMANLI-\u0130SLAM M\u0130MAR\u0130S\u0130N\u0130N Z\u0130RVES\u0130 SEL\u0130M\u0130YE CAM\u0130\u0130, YERL\u0130 VE YABANCI TUR\u0130STLER\u0130N AKININA U\u011eRUYOR. RAMAZAN BAYRAMI TAT\u0130L\u0130 NEDEN\u0130YLE ED\u0130RNE\u2019Y\u0130 Z\u0130YARET EDEN B\u0130NLERCE YERL\u0130 VE YABANCI TUR\u0130ST, M\u0130MAR S\u0130NAN\u2019IN \u2018USTALIK ESER\u0130M\u2019 DED\u0130\u011e\u0130 E\u015eS\u0130Z CAM\u0130Y\u0130 Z\u0130YARET ETMEDEN \u015eEH\u0130RDEN AYRILMIYOR.<\/p>\n","protected":false},"author":1,"featured_media":166877,"comment_status":"closed","ping_status":"open","sticky":false,"template":"","format":"standard","meta":{"jetpack_post_was_ever_published":false,"_jetpack_newsletter_access":"","_jetpack_dont_email_post_to_subs":false,"_jetpack_newsletter_tier_id":0,"_jetpack_memberships_contains_paywalled_content":false,"_jetpack_memberships_contains_paid_content":false,"footnotes":"","jetpack_publicize_message":"","jetpack_publicize_feature_enabled":true,"jetpack_social_post_already_shared":true,"jetpack_social_options":{"image_generator_settings":{"template":"highway","default_image_id":0,"font":"","enabled":false},"version":2}},"categories":[1],"tags":[14940,1073,8365,19183,1545,13286,39871,22201,6267],"class_list":["post-166876","post","type-post","status-publish","format-standard","has-post-thumbnail","hentry","category-genel","tag-ustalik","tag-ozel","tag-akini","tag-eseri","tag-haber","tag-mimar","tag-selimiyeye","tag-sinanin","tag-ziyaretci"],"jetpack_publicize_connections":[],"jetpack_featured_media_url":"https:\/\/i0.wp.com\/www.tvturk.com\/wp-content\/uploads\/2019\/06\/ozel-haber-mimar-sinanin-ustalik-eseri-selimiyeye-ziyaretci-akini_bce66e4.jpg?fit=1000%2C666","jetpack_sharing_enabled":true,"jetpack_shortlink":"https:\/\/wp.me\/paKIfm-Hpy","_links":{"self":[{"href":"http:\/\/www.tvturk.com\/index.php\/wp-json\/wp\/v2\/posts\/166876","targetHints":{"allow":["GET"]}}],"collection":[{"href":"http:\/\/www.tvturk.com\/index.php\/wp-json\/wp\/v2\/posts"}],"about":[{"href":"http:\/\/www.tvturk.com\/index.php\/wp-json\/wp\/v2\/types\/post"}],"author":[{"embeddable":true,"href":"http:\/\/www.tvturk.com\/index.php\/wp-json\/wp\/v2\/users\/1"}],"replies":[{"embeddable":true,"href":"http:\/\/www.tvturk.com\/index.php\/wp-json\/wp\/v2\/comments?post=166876"}],"version-history":[{"count":0,"href":"http:\/\/www.tvturk.com\/index.php\/wp-json\/wp\/v2\/posts\/166876\/revisions"}],"wp:featuredmedia":[{"embeddable":true,"href":"http:\/\/www.tvturk.com\/index.php\/wp-json\/wp\/v2\/media\/166877"}],"wp:attachment":[{"href":"http:\/\/www.tvturk.com\/index.php\/wp-json\/wp\/v2\/media?parent=166876"}],"wp:term":[{"taxonomy":"category","embeddable":true,"href":"http:\/\/www.tvturk.com\/index.php\/wp-json\/wp\/v2\/categories?post=166876"},{"taxonomy":"post_tag","embeddable":true,"href":"http:\/\/www.tvturk.com\/index.php\/wp-json\/wp\/v2\/tags?post=166876"}],"curies":[{"name":"wp","href":"https:\/\/api.w.org\/{rel}","templated":true}]}}