{"id":166890,"date":"2019-06-08T14:24:16","date_gmt":"2019-06-08T11:24:16","guid":{"rendered":"http:\/\/www.tvturk.com\/index.php\/genc-ogretmen-son-yolculuguna-ugurlandi\/"},"modified":"2019-06-08T14:24:16","modified_gmt":"2019-06-08T11:24:16","slug":"genc-ogretmen-son-yolculuguna-ugurlandi","status":"publish","type":"post","link":"http:\/\/www.tvturk.com\/index.php\/genc-ogretmen-son-yolculuguna-ugurlandi\/","title":{"rendered":"Gen\u00e7 \u00f6\u011fretmen son yolculu\u011funa u\u011furland\u0131"},"content":{"rendered":"<p>D\u00fczce\u2019nin Kayna\u015fl\u0131 il\u00e7esi \u015eehit Sabri Alt\u0131nba\u015f Mesleki ve Teknik Anadolu Lisesi\u2019nde Beden E\u011fitimi \u00f6\u011fretmeni olarak g\u00f6rev ve yakaland\u0131\u011f\u0131 amans\u0131z hastal\u0131\u011f\u0131n pen\u00e7esinden kurtulamayarak hayat\u0131n\u0131 kaybeden Tamer Caner son yolculu\u011funa u\u011furland\u0131.<\/p>\n<p>Kayna\u015fl\u0131\u2019da g\u00f6rev yapan ve hen\u00fcz hayat\u0131n\u0131n bahar\u0131nda olan Beden E\u011fitimi \u00d6\u011fretmeni Tamer Caner (30), ge\u00e7ti\u011fimiz aylarda konulan kanser te\u015fhisinin ard\u0131ndan uzun s\u00fcre \u0130stanbul\u2019da tedavi g\u00f6rd\u00fc. Yap\u0131lan t\u00fcm tedavilere ra\u011fmen hastal\u0131\u011f\u0131n pen\u00e7esinden kurtulamayan \u00f6\u011fretmen hayat\u0131n\u0131 kaybetti. Gen\u00e7 \u00f6\u011fretmen i\u00e7in Kayna\u015fl\u0131 il\u00e7esi Dar\u0131yeri Hasanbey K\u00f6y\u00fc Camisinde k\u0131l\u0131nan cenaze namaz\u0131n\u0131n ard\u0131ndan son yolculu\u011funa u\u011furland\u0131. Cenazeye Caner ailesi, meslekta\u015flar\u0131 ve sevenleri kat\u0131ld\u0131.<\/p>\n","protected":false},"excerpt":{"rendered":"<p>D\u00dcZCE\u2019N\u0130N KAYNA\u015eLI \u0130L\u00c7ES\u0130 \u015eEH\u0130T SABR\u0130 ALTINBA\u015e MESLEK\u0130 VE TEKN\u0130K ANADOLU L\u0130SES\u0130\u2019NDE BEDEN E\u011e\u0130T\u0130M\u0130 \u00d6\u011eRETMEN\u0130 OLARAK G\u00d6REV VE YAKALANDI\u011eI AMANSIZ HASTALI\u011eIN PEN\u00c7ES\u0130NDEN KURTULAMAYARAK HAYATINI KAYBEDEN TAMER CANER SON YOLCULU\u011eUNA U\u011eURLANDI.<\/p>\n","protected":false},"author":1,"featured_media":166891,"comment_status":"closed","ping_status":"open","sticky":false,"template":"","format":"standard","meta":{"jetpack_post_was_ever_published":false,"_jetpack_newsletter_access":"","_jetpack_dont_email_post_to_subs":false,"_jetpack_newsletter_tier_id":0,"_jetpack_memberships_contains_paywalled_content":false,"_jetpack_memberships_contains_paid_content":false,"footnotes":"","jetpack_publicize_message":"","jetpack_publicize_feature_enabled":true,"jetpack_social_post_already_shared":true,"jetpack_social_options":{"image_generator_settings":{"template":"highway","default_image_id":0,"font":"","enabled":false},"version":2}},"categories":[1],"tags":[803,1904,1240,2516,2515],"class_list":["post-166890","post","type-post","status-publish","format-standard","has-post-thumbnail","hentry","category-genel","tag-genc","tag-ogretmen","tag-son","tag-ugurlandi","tag-yolculuguna"],"jetpack_publicize_connections":[],"jetpack_featured_media_url":"https:\/\/i0.wp.com\/www.tvturk.com\/wp-content\/uploads\/2019\/06\/genc-ogretmen-son-yolculuguna-ugurlandi_c1cd1f3.jpg?fit=1000%2C666","jetpack_sharing_enabled":true,"jetpack_shortlink":"https:\/\/wp.me\/paKIfm-HpM","_links":{"self":[{"href":"http:\/\/www.tvturk.com\/index.php\/wp-json\/wp\/v2\/posts\/166890","targetHints":{"allow":["GET"]}}],"collection":[{"href":"http:\/\/www.tvturk.com\/index.php\/wp-json\/wp\/v2\/posts"}],"about":[{"href":"http:\/\/www.tvturk.com\/index.php\/wp-json\/wp\/v2\/types\/post"}],"author":[{"embeddable":true,"href":"http:\/\/www.tvturk.com\/index.php\/wp-json\/wp\/v2\/users\/1"}],"replies":[{"embeddable":true,"href":"http:\/\/www.tvturk.com\/index.php\/wp-json\/wp\/v2\/comments?post=166890"}],"version-history":[{"count":0,"href":"http:\/\/www.tvturk.com\/index.php\/wp-json\/wp\/v2\/posts\/166890\/revisions"}],"wp:featuredmedia":[{"embeddable":true,"href":"http:\/\/www.tvturk.com\/index.php\/wp-json\/wp\/v2\/media\/166891"}],"wp:attachment":[{"href":"http:\/\/www.tvturk.com\/index.php\/wp-json\/wp\/v2\/media?parent=166890"}],"wp:term":[{"taxonomy":"category","embeddable":true,"href":"http:\/\/www.tvturk.com\/index.php\/wp-json\/wp\/v2\/categories?post=166890"},{"taxonomy":"post_tag","embeddable":true,"href":"http:\/\/www.tvturk.com\/index.php\/wp-json\/wp\/v2\/tags?post=166890"}],"curies":[{"name":"wp","href":"https:\/\/api.w.org\/{rel}","templated":true}]}}