{"id":166920,"date":"2019-06-08T15:20:14","date_gmt":"2019-06-08T12:20:14","guid":{"rendered":"http:\/\/www.tvturk.com\/index.php\/antalyada-sahillerde-hafta-sonu-yogunlugu\/"},"modified":"2019-06-08T15:20:14","modified_gmt":"2019-06-08T12:20:14","slug":"antalyada-sahillerde-hafta-sonu-yogunlugu","status":"publish","type":"post","link":"http:\/\/www.tvturk.com\/index.php\/antalyada-sahillerde-hafta-sonu-yogunlugu\/","title":{"rendered":"Antalya\u2019da sahillerde hafta sonu yo\u011funlu\u011fu"},"content":{"rendered":"<p>Turizmin ba\u015fkenti Antalya\u2019da 9 g\u00fcnl\u00fck bayram tatilinin son g\u00fcnlerinde sahillerde yo\u011funluk olu\u015ftu.<\/p>\n<p>9 g\u00fcnl\u00fck Ramazan Bayram\u0131 tatilinin bitmesine son bir g\u00fcn kala sahillerde yo\u011funluk olu\u015ftu. \u0130l d\u0131\u015f\u0131ndan gelen tatilcilerin d\u00f6n\u00fc\u015fe ge\u00e7mesiyle d\u00fcnyaca \u00fcnl\u00fc Konyaalt\u0131 ve Lara Sahili\u2019ne bu kez yerle\u015fik ya\u015fayanlar ak\u0131n etti. Havan\u0131n 28, deniz suyu s\u0131cakl\u0131\u011f\u0131n\u0131n 26 derece ve nem oran\u0131n\u0131n y\u00fczde 50\u2019ye ula\u015ft\u0131\u011f\u0131 kentte, s\u0131caktan bunalan yerli halk ve tatilciler sahillere ak\u0131n etti. A\u015f\u0131r\u0131 yakmayan g\u00fcne\u015fte baz\u0131 tatilciler bronzla\u015f\u0131rken, baz\u0131lar\u0131 da y\u00fczmeyi tercih etti. Varyant alt\u0131ndaki kayalar ise gen\u00e7lerin suya atlama noktas\u0131 oldu. Sahil boyunca t\u00fcm plajlar\u0131n dolu oldu\u011fu g\u00f6r\u00fcld\u00fc. Sahil Ya\u015fam Park\u0131\u2019na kurulan  su f\u0131skiyelerinde e\u011flenen \u00e7ocuklar renkli g\u00f6r\u00fcnt\u00fcler olu\u015fturdu.<\/p>\n<p>Antalya\u2019da \u00f6\u011frenci olan Tolga Sirkeci, \u201cRamazan Bayram\u0131\u2019nda kent \u00e7ok kalabal\u0131kt\u0131. Tatilciler gitmeye ba\u015flay\u0131nca sahiller bize kald\u0131. Bug\u00fcn hem hava s\u0131cak hem yo\u011funluk var.  Bizde arkada\u015flarla geldik, sahile y\u00fcz\u00fcyoruz, sohbet ediyoruz. Su g\u00fczel hava da s\u0131cak\u201d dedi.<\/p>\n<p>\u00d6zg\u00fcr Aydo\u011fdu ise \u201cBayramda a\u015f\u0131r\u0131 bir yo\u011funluk vard\u0131. \u015eimdi biraz sakinledi. Antalya s\u0131cakta olsa g\u00fczel. Bug\u00fcn hafta sonu yo\u011funlu\u011fu var. Sahilde y\u00fcz\u00fcp, sohbet edip, \u015fark\u0131 s\u00f6yl\u00fcyoruz\u201d diye konu\u015ftu.<\/p>\n","protected":false},"excerpt":{"rendered":"<p>TUR\u0130ZM\u0130N BA\u015eKENT\u0130 ANTALYA\u2019DA 9 G\u00dcNL\u00dcK BAYRAM TAT\u0130L\u0130N\u0130N SON G\u00dcNLER\u0130NDE SAH\u0130LLERDE YO\u011eUNLUK OLU\u015eTU.<\/p>\n","protected":false},"author":1,"featured_media":166921,"comment_status":"closed","ping_status":"open","sticky":false,"template":"","format":"standard","meta":{"jetpack_post_was_ever_published":false,"_jetpack_newsletter_access":"","_jetpack_dont_email_post_to_subs":false,"_jetpack_newsletter_tier_id":0,"_jetpack_memberships_contains_paywalled_content":false,"_jetpack_memberships_contains_paid_content":false,"footnotes":"","jetpack_publicize_message":"","jetpack_publicize_feature_enabled":true,"jetpack_social_post_already_shared":true,"jetpack_social_options":{"image_generator_settings":{"template":"highway","default_image_id":0,"font":"","enabled":false},"version":2}},"categories":[1],"tags":[1327,1178,39460,3535,10277],"class_list":["post-166920","post","type-post","status-publish","format-standard","has-post-thumbnail","hentry","category-genel","tag-antalyada","tag-hafta","tag-sahillerde","tag-sonu","tag-yogunlugu"],"jetpack_publicize_connections":[],"jetpack_featured_media_url":"https:\/\/i0.wp.com\/www.tvturk.com\/wp-content\/uploads\/2019\/06\/antalyada-sahillerde-hafta-sonu-yogunlugu_3aed920.jpg?fit=1000%2C666","jetpack_sharing_enabled":true,"jetpack_shortlink":"https:\/\/wp.me\/paKIfm-Hqg","_links":{"self":[{"href":"http:\/\/www.tvturk.com\/index.php\/wp-json\/wp\/v2\/posts\/166920","targetHints":{"allow":["GET"]}}],"collection":[{"href":"http:\/\/www.tvturk.com\/index.php\/wp-json\/wp\/v2\/posts"}],"about":[{"href":"http:\/\/www.tvturk.com\/index.php\/wp-json\/wp\/v2\/types\/post"}],"author":[{"embeddable":true,"href":"http:\/\/www.tvturk.com\/index.php\/wp-json\/wp\/v2\/users\/1"}],"replies":[{"embeddable":true,"href":"http:\/\/www.tvturk.com\/index.php\/wp-json\/wp\/v2\/comments?post=166920"}],"version-history":[{"count":0,"href":"http:\/\/www.tvturk.com\/index.php\/wp-json\/wp\/v2\/posts\/166920\/revisions"}],"wp:featuredmedia":[{"embeddable":true,"href":"http:\/\/www.tvturk.com\/index.php\/wp-json\/wp\/v2\/media\/166921"}],"wp:attachment":[{"href":"http:\/\/www.tvturk.com\/index.php\/wp-json\/wp\/v2\/media?parent=166920"}],"wp:term":[{"taxonomy":"category","embeddable":true,"href":"http:\/\/www.tvturk.com\/index.php\/wp-json\/wp\/v2\/categories?post=166920"},{"taxonomy":"post_tag","embeddable":true,"href":"http:\/\/www.tvturk.com\/index.php\/wp-json\/wp\/v2\/tags?post=166920"}],"curies":[{"name":"wp","href":"https:\/\/api.w.org\/{rel}","templated":true}]}}