{"id":166924,"date":"2019-06-08T15:26:23","date_gmt":"2019-06-08T12:26:23","guid":{"rendered":"http:\/\/www.tvturk.com\/index.php\/naim-baburoglu-turkiye-s-400-aliminda-kararliysa-mutekabiliyet-esasi-kapsaminda-adim-atmali\/"},"modified":"2019-06-08T15:26:23","modified_gmt":"2019-06-08T12:26:23","slug":"naim-baburoglu-turkiye-s-400-aliminda-kararliysa-mutekabiliyet-esasi-kapsaminda-adim-atmali","status":"publish","type":"post","link":"http:\/\/www.tvturk.com\/index.php\/naim-baburoglu-turkiye-s-400-aliminda-kararliysa-mutekabiliyet-esasi-kapsaminda-adim-atmali\/","title":{"rendered":"Naim Bab\u00fcro\u011flu: \u201cT\u00fcrkiye S-400 al\u0131m\u0131nda kararl\u0131ysa \u2019M\u00fctekabiliyet Esas\u0131\u2019 kapsam\u0131nda ad\u0131m atmal\u0131\u201d"},"content":{"rendered":"<p>\u0130stanbul Ayd\u0131n \u00dcniversitesi \u00d6\u011fretim \u00dcyesi ve Strateji Uzman\u0131 Emekli Tu\u011fgeneral Dr. Naim Bab\u00fcro\u011flu, ABD Ba\u015fkan\u0131 Trump\u2019\u0131n y\u00f6netim tarz\u0131 da dikkate al\u0131nd\u0131\u011f\u0131nda, T\u00fcrkiye\u2019yi olumsuz etkileyecek ekonomik ad\u0131mlar\u0131n gelece\u011fini belirterek, \u201cT\u00fcrkiye S-400 al\u0131m\u0131nda kararl\u0131 ise \u2019M\u00fctekabiliyet Esas\u0131\u2019 kapsam\u0131nda bir ad\u0131m atmal\u0131\u201d dedi.<\/p>\n<p>Amerika Birle\u015fik Devletleri (ABD) ve T\u00fcrkiye aras\u0131nda ya\u015fanan \u2019S-400 krizi\u2019nde Washington, \u2019F-35 yapt\u0131r\u0131mlar\u0131yla\u2019 kar\u015f\u0131l\u0131k vermeye haz\u0131rlanmas\u0131n\u0131 de\u011ferlendiren \u0130stanbul Ayd\u0131n \u00dcniversitesi \u00d6\u011fretim \u00dcyesi ve Strateji Uzman\u0131 Emekli Tu\u011fgeneral Dr. Naim Bab\u00fcro\u011flu, \u201cABD \u00f6teden beri bu yapt\u0131r\u0131mlar\u0131 dillendiriyordu. Bu kez, bir mektupta s\u0131ralam\u0131\u015f oldu. Ba\u011f\u0131ms\u0131z bir \u00fclke olarak T\u00fcrkiye\u2019nin elbette S-400 sistemini alma hakk\u0131 var. Ancak, T\u00fcrkiye bir NATO \u00fcyesi ve Rusya\u2019dan stratejik d\u00fczeyde bir silah sistemi ald\u0131\u011f\u0131nda, baz\u0131 maliyetlerin olaca\u011f\u0131 beklenmeli. Yani, ABD ve NATO, T\u00fcrkiye\u2019nin S-400 sistemini almas\u0131 durumunda a\u011f\u0131r yapt\u0131r\u0131mlarla kar\u015f\u0131 kar\u015f\u0131ya kalaca\u011f\u0131n\u0131 s\u00f6yl\u00fcyorlar. ABD Ba\u015fkan\u0131 Trump\u2019\u0131n y\u00f6netim tarz\u0131 da dikkate al\u0131nd\u0131\u011f\u0131nda, T\u00fcrkiye\u2019yi olumsuz etkileyecek ekonomik ad\u0131mlar\u0131 da ataca\u011f\u0131n\u0131 hesaba katmak gerekiyor\u201d dedi.<\/p>\n<p>Bab\u00fcro\u011flu, \u201cT\u00fcrkiye\u2019nin kar\u015f\u0131 kar\u015f\u0131ya kald\u0131\u011f\u0131 ekonomik sorunlar; Do\u011fu Akdeniz\u2019de enerji ve g\u00fc\u00e7 m\u00fccadelesinde ABD\u2019nin kar\u015f\u0131 cephede yer almas\u0131; Suriye\u2019de F\u0131rat\u2019\u0131n do\u011fusunda olu\u015fturulmas\u0131 \u00f6ng\u00f6r\u00fclen G\u00fcvenli B\u00f6lge\/Tampon B\u00f6lge; F\u0131rat\u2019\u0131n bat\u0131s\u0131nda T\u00fcrkiye\u2019nin var olan askeri varl\u0131\u011f\u0131; \u0130dlib\u2019in gelece\u011fi; Suriye\u2019de Menbi\u00e7 ve F\u0131rat\u2019\u0131n do\u011fusunda ABD\u2019nin destekledi\u011fi PYD\/PKK ter\u00f6r \u00f6rg\u00fct\u00fcn\u00fcn varl\u0131\u011f\u0131; Kuzey Irak\u2019ta PKK ter\u00f6r \u00f6rg\u00fct\u00fcn\u00fcn durumu;Karadeniz\u2019de g\u00fc\u00e7 m\u00fccadelesi; ABD\u2019nin \u0130ran\u2019a olas\u0131 operasyon giri\u015fimleri Ortaya \u00e7\u0131kan bu stratejik resimde, T\u00fcrkiye\u2019nin \u00e7evresinde tehdit \u00fcreten bir co\u011frafya var. S-400\u2019\u00fcn T\u00fcrkiye\u2019ye konu\u015fland\u0131r\u0131lmas\u0131n\u0131n ba\u015flamas\u0131yla birlikte, ABD\u2019nin ve NATO\u2019nun her cephede gerginli\u011fi t\u0131rmand\u0131raca\u011f\u0131n\u0131 g\u00f6rmek s\u00fcrpriz olmayacak. Bununla beraber, F-35, T\u00fcrkiye\u2019nin b\u00f6lgedeki a\u011f\u0131rl\u0131\u011f\u0131 ve cayd\u0131r\u0131c\u0131l\u0131\u011f\u0131 y\u00f6n\u00fcnden, 2020\u2019den itibaren TSK i\u00e7in kritik \u00f6nemde\u201d diye konu\u015ftu.<\/p>\n<p>Peki, T\u00fcrkiye ne yapacak?<\/p>\n<p>Bab\u00fcro\u011flu, bundan sonra T\u00fcrkiye\u2019nin neler yapabilece\u011fini de \u015f\u00f6yle s\u0131ralad\u0131:<\/p>\n<p>T\u00fcrkiye, ABD Savunma Bakan\u0131\u2019n\u0131n g\u00f6nderdi\u011fi bu mektuba, \u2019M\u00fctekabiliyet Esas\u0131\u2019 \u00e7er\u00e7evesinde bir ad\u0131m atacakt\u0131r. Rusya\u2019dan S-400 sistemini alma kararl\u0131l\u0131\u011f\u0131 devam edecekse, bu durumda, ABD\u2019de F-35 Sava\u015f U\u00e7a\u011f\u0131 e\u011fitimi g\u00f6ren personel, 31 Temmuz 2019 tarihi beklenmeden geri \u00e7a\u011fr\u0131lmal\u0131d\u0131r. Peki, tarih tekerr\u00fcr eder mi? Y\u0131l 1975, 25 Temmuz 1974\u2019te uygulad\u0131\u011f\u0131 silah ambargosunu kald\u0131rmad\u0131\u011f\u0131 i\u00e7in, ABD\u2019nin T\u00fcrkiye\u2019deki 21 \u00fcs ve tesisi kapat\u0131lm\u0131\u015ft\u0131. \u00dcs ve tesislerde ABD\u2019nin be\u015f bin sivil ve asker personeli vard\u0131.<\/p>\n<p>Bu durumda, T\u00fcrkiye\u2019nin Rusya ve \u0130ran\u2019la i\u015fbirli\u011fini art\u0131rarak, tehditlere kar\u015f\u0131 koyabilecek politika ve stratejilerin belirlenerek geli\u015ftirilmesi en do\u011fru y\u00f6ntem Suriye i\u00e7in, Adana Mutabakt\u0131\u2019n\u0131 aktif duruma getirmek ise \u00f6nemli bir kilometre ta\u015f\u0131 olacak.<\/p>\n<p>S-400 d\u00fcne kadar etkili bir silah sistemiydi, \u015fimdi ise bir tehdit durumuna geldi.<\/p>\n<p>Mektupta yer alan yapt\u0131r\u0131mlar neler?<\/p>\n<p>1- ABD\u2019de F-35 Sava\u015f U\u00e7a\u011f\u0131 e\u011fitimi alan 42 T\u00fcrk personelinin 31 Temmuz 2019\u2019a kadar e\u011fitimlerinin sonland\u0131r\u0131lmas\u0131,<\/p>\n<p>2- T\u00fcrkiye\u2019nin F-35 Sava\u015f U\u00e7a\u011f\u0131 e\u011fitimi i\u00e7in Kas\u0131m ay\u0131na ABD\u2019ye g\u00f6nderece\u011fi 34 personelin ABD\u2019ye gitmesinin durdurulmas\u0131,<\/p>\n<p>3- T\u00fcrkiye\u2019nin F-35 Sava\u015f U\u00e7a\u011f\u0131 toplant\u0131lar\u0131na davet edilmemesi,<\/p>\n<p>4- T\u00fcrkiye\u2019nin F-35 Sava\u015f U\u00e7a\u011f\u0131 \u00fcretim projesinden \u00e7\u0131kar\u0131lmas\u0131, bu kapsamda T\u00fcrk \u015firketlerine yeni sipari\u015flerin durdurulmas\u0131,<\/p>\n<p>5- T\u00fcrkiye\u2019nin CAATSA (ABD\u2019nin Has\u0131mlar\u0131yla Yapt\u0131r\u0131mlar Yoluyla M\u00fccadele Etme Yasas\u0131) yapt\u0131r\u0131mlar\u0131n\u0131n uygulanmas\u0131,<\/p>\n<p>6- T\u00fcrkiye\u2019nin ABD ve NATO ile ili\u015fkilerinin olumsuz etkilenmesi.<\/p>\n","protected":false},"excerpt":{"rendered":"<p>AMER\u0130KA B\u0130RLE\u015e\u0130K DEVLETLER\u0130 (ABD) VE T\u00dcRK\u0130YE ARASINDA YA\u015eANAN &#8216;S-400 KR\u0130Z\u0130&#8217;NDE WASH\u0130NGTON, &#8216;F-35 YAPTIRIMLARIYLA&#8217; KAR\u015eILIK VERMEYE HAZIRLANMASINI DE\u011eERLEND\u0130REN \u0130STANBUL AYDIN \u00dcN\u0130VERS\u0130TES\u0130 \u00d6\u011eRET\u0130M \u00dcYES\u0130 VE STRATEJ\u0130 UZMANI EMEKL\u0130 TU\u011eGENERAL DR. NA\u0130M BAB\u00dcRO\u011eLU, \u201cABD \u00d6TEDEN BER\u0130 BU YAPTIRIMLARI D\u0130LLEND\u0130R\u0130YORDU. BU KEZ, B\u0130R MEKTUPTA SIRALAMI\u015e OLDU. BA\u011eIMSIZ B\u0130R \u00dcLKE OLARAK T\u00dcRK\u0130YE\u2019N\u0130N ELBETTE S-400 S\u0130STEM\u0130N\u0130 ALMA HAKKI VAR. ANCAK, T\u00dcRK\u0130YE B\u0130R NATO \u00dcYES\u0130 VE RUSYA\u2019DAN STRATEJ\u0130K D\u00dcZEYDE B\u0130R S\u0130LAH S\u0130STEM\u0130 ALDI\u011eINDA, BAZI MAL\u0130YETLER\u0130N OLACA\u011eI BEKLENMEL\u0130. YAN\u0130, ABD VE NATO, T\u00dcRK\u0130YE\u2019N\u0130N S-400 S\u0130STEM\u0130N\u0130 ALMASI DURUMUNDA A\u011eIR YAPTIRIMLARLA KAR\u015eI KAR\u015eIYA KALACA\u011eINI S\u00d6YL\u00dcYORLAR. ABD BA\u015eKANI TRUMP\u2019IN Y\u00d6NET\u0130M TARZI DA D\u0130KKATE ALINDI\u011eINDA, T\u00dcRK\u0130YE\u2019Y\u0130 OLUMSUZ ETK\u0130LEYECEK EKONOM\u0130K ADIMLARI DA ATACA\u011eINI HESABA KATMAK GEREK\u0130YOR\u201d DED\u0130.<\/p>\n","protected":false},"author":1,"featured_media":166925,"comment_status":"closed","ping_status":"open","sticky":false,"template":"","format":"standard","meta":{"jetpack_post_was_ever_published":false,"_jetpack_newsletter_access":"","_jetpack_dont_email_post_to_subs":false,"_jetpack_newsletter_tier_id":0,"_jetpack_memberships_contains_paywalled_content":false,"_jetpack_memberships_contains_paid_content":false,"footnotes":"","jetpack_publicize_message":"","jetpack_publicize_feature_enabled":true,"jetpack_social_post_already_shared":true,"jetpack_social_options":{"image_generator_settings":{"template":"highway","default_image_id":0,"font":"","enabled":false},"version":2}},"categories":[1],"tags":[39883,7429,6426,39885,28052,39884,2199,39882,28051,22904,453],"class_list":["post-166924","post","type-post","status-publish","format-standard","has-post-thumbnail","hentry","category-genel","tag-mutekabiliyet","tag-adim","tag-aliminda","tag-atmali","tag-baburoglu","tag-esasi","tag-kapsaminda","tag-kararliysa","tag-naim","tag-s-400","tag-turkiye"],"jetpack_publicize_connections":[],"jetpack_featured_media_url":"https:\/\/i0.wp.com\/www.tvturk.com\/wp-content\/uploads\/2019\/06\/naim-baburoglu-turkiye-s-400-aliminda-kararliysa-mutekabiliyet-esasi-kapsaminda-adim-atmali_cd308f1.jpg?fit=1000%2C666","jetpack_sharing_enabled":true,"jetpack_shortlink":"https:\/\/wp.me\/paKIfm-Hqk","_links":{"self":[{"href":"http:\/\/www.tvturk.com\/index.php\/wp-json\/wp\/v2\/posts\/166924","targetHints":{"allow":["GET"]}}],"collection":[{"href":"http:\/\/www.tvturk.com\/index.php\/wp-json\/wp\/v2\/posts"}],"about":[{"href":"http:\/\/www.tvturk.com\/index.php\/wp-json\/wp\/v2\/types\/post"}],"author":[{"embeddable":true,"href":"http:\/\/www.tvturk.com\/index.php\/wp-json\/wp\/v2\/users\/1"}],"replies":[{"embeddable":true,"href":"http:\/\/www.tvturk.com\/index.php\/wp-json\/wp\/v2\/comments?post=166924"}],"version-history":[{"count":0,"href":"http:\/\/www.tvturk.com\/index.php\/wp-json\/wp\/v2\/posts\/166924\/revisions"}],"wp:featuredmedia":[{"embeddable":true,"href":"http:\/\/www.tvturk.com\/index.php\/wp-json\/wp\/v2\/media\/166925"}],"wp:attachment":[{"href":"http:\/\/www.tvturk.com\/index.php\/wp-json\/wp\/v2\/media?parent=166924"}],"wp:term":[{"taxonomy":"category","embeddable":true,"href":"http:\/\/www.tvturk.com\/index.php\/wp-json\/wp\/v2\/categories?post=166924"},{"taxonomy":"post_tag","embeddable":true,"href":"http:\/\/www.tvturk.com\/index.php\/wp-json\/wp\/v2\/tags?post=166924"}],"curies":[{"name":"wp","href":"https:\/\/api.w.org\/{rel}","templated":true}]}}