{"id":166930,"date":"2019-06-08T15:49:17","date_gmt":"2019-06-08T12:49:17","guid":{"rendered":"http:\/\/www.tvturk.com\/index.php\/sirnaklilar-ferasin-yaylasina-akin-etti\/"},"modified":"2019-06-08T15:49:17","modified_gmt":"2019-06-08T12:49:17","slug":"sirnaklilar-ferasin-yaylasina-akin-etti","status":"publish","type":"post","link":"http:\/\/www.tvturk.com\/index.php\/sirnaklilar-ferasin-yaylasina-akin-etti\/","title":{"rendered":"\u015e\u0131rnakl\u0131lar, Fera\u015fin yaylas\u0131na ak\u0131n etti"},"content":{"rendered":"<p>Bayramda tatile gidemeyen vatanda\u015flar g\u00fcnlerini de\u011ferlendirmek i\u00e7in \u015e\u0131rnak\u2019\u0131n Beyt\u00fc\u015f\u015febap il\u00e7esinin Fera\u015fin ve 2 bin 850 rak\u0131ml\u0131 Kato Da\u011f\u0131 eteklerinde bulunan yaylalara ak\u0131n etti.<\/p>\n<p>\u015e\u0131rnak\u2019ta vatanda\u015flar, aileleriyle birlikte kentin g\u00fcr\u00fclt\u00fcs\u00fcnden uzak yerleri tercih etti. Vatanda\u015flar\u0131n en \u00e7ok tercih etti\u011fi yerlerin ba\u015f\u0131nda g\u00fcvenlik g\u00fc\u00e7leri taraf\u0131ndan ter\u00f6ristlerden ar\u0131nd\u0131r\u0131lan Fera\u015fin ve Kato Da\u011f\u0131 eteklerinde bulunan yaylalar oldu. Vatanda\u015flar, adeta yaylalara h\u00fccum ederek uzun s\u00fcren k\u0131\u015f mevsiminin ard\u0131ndan \u00e7ok \u00f6zledikleri yaylalar\u0131n keyfini doyas\u0131ya ya\u015fad\u0131. \u015e\u0131rnak ve \u00e7evre illerden gelen vatanda\u015flar Beyt\u00fc\u015f\u015febap Z\u00fcmr\u00fct Kapl\u0131cas\u0131nda geceleri \u00e7ad\u0131r kurarak, Kato Da\u011f\u0131 manzaras\u0131nda y\u00fczmenin keyfini de \u00e7\u0131kar\u0131yor. G\u00fcnd\u00fczleri ise yaylalara ak\u0131n ediyor.<\/p>\n<p>Ter\u00f6r bitti vatanda\u015flar yaylalara ak\u0131n etti<\/p>\n<p>\u015e\u0131rnak, Hakkari ve Van \u00fc\u00e7geninde bulunan Fera\u015fin yaylas\u0131nda, benzersiz do\u011fal g\u00fczellikleri ve temiz havas\u0131yla, g\u00fcvenlik g\u00fc\u00e7lerinin ba\u015far\u0131l\u0131 ter\u00f6r operasyonlar\u0131 sonras\u0131 huzur hakim oldu. G\u00fcvenlik ortam\u0131n sa\u011fland\u0131\u011f\u0131 Fera\u015fin yaylas\u0131, do\u011fal g\u00fczellikleriyle g\u00f6rsel bir \u015f\u00f6len sunarken, vatanda\u015flar temiz hava soluman\u0131n ve so\u011fuk sular\u0131ndan i\u00e7menin mutlulu\u011funu ya\u015fad\u0131.<\/p>\n<p>Fera\u015fin yaylas\u0131na gezmek i\u00e7in gelen Selahattin Ta\u015far, yaylan\u0131n do\u011fa harikas\u0131 bir yer oldu\u011funu belirterek yetkililerin bir an evvel yollar\u0131 onar\u0131p tan\u0131t\u0131p buran\u0131n tan\u0131t\u0131m\u0131n\u0131 yapmas\u0131 gerekti\u011fini s\u00f6yledi. Ta\u015far, &#8220;Bu yaylalar art\u0131k huzur yaylas\u0131 diyebiliriz. Mevsimin bu ay\u0131nda bile bir taraf\u0131 karlarla kapl\u0131, bir taraf\u0131 ye\u015fillik ve bir taraf\u0131 sular. Ben \u00e7ok mutlu oldum. \u0130n\u015fallah bir daha ter\u00f6r s\u0131k\u0131nt\u0131s\u0131 ya\u015famay\u0131z ve s\u00fcrekli bu yaylalara rahat bir \u015fekilde gelebiliriz&#8221; dedi.<\/p>\n","protected":false},"excerpt":{"rendered":"<p>BAYRAMDA TAT\u0130LE G\u0130DEMEYEN VATANDA\u015eLAR G\u00dcNLER\u0130N\u0130 DE\u011eERLEND\u0130RMEK \u0130\u00c7\u0130N \u015eIRNAK\u2019IN BEYT\u00dc\u015e\u015eEBAP \u0130L\u00c7ES\u0130N\u0130N FERA\u015e\u0130N VE 2 B\u0130N 850 RAKIMLI KATO DA\u011eI ETEKLER\u0130NDE BULUNAN YAYLALARA AKIN ETT\u0130.<\/p>\n","protected":false},"author":1,"featured_media":166931,"comment_status":"closed","ping_status":"open","sticky":false,"template":"","format":"standard","meta":{"jetpack_post_was_ever_published":false,"_jetpack_newsletter_access":"","_jetpack_dont_email_post_to_subs":false,"_jetpack_newsletter_tier_id":0,"_jetpack_memberships_contains_paywalled_content":false,"_jetpack_memberships_contains_paid_content":false,"footnotes":"","jetpack_publicize_message":"","jetpack_publicize_feature_enabled":true,"jetpack_social_post_already_shared":true,"jetpack_social_options":{"image_generator_settings":{"template":"highway","default_image_id":0,"font":"","enabled":false},"version":2}},"categories":[1],"tags":[328,207,39890,39889,39891],"class_list":["post-166930","post","type-post","status-publish","format-standard","has-post-thumbnail","hentry","category-genel","tag-akin","tag-etti","tag-ferasin","tag-sirnaklilar","tag-yaylasina"],"jetpack_publicize_connections":[],"jetpack_featured_media_url":"https:\/\/i0.wp.com\/www.tvturk.com\/wp-content\/uploads\/2019\/06\/sirnaklilar-ferasin-yaylasina-akin-etti_6fbc83c.jpg?fit=1000%2C753","jetpack_sharing_enabled":true,"jetpack_shortlink":"https:\/\/wp.me\/paKIfm-Hqq","_links":{"self":[{"href":"http:\/\/www.tvturk.com\/index.php\/wp-json\/wp\/v2\/posts\/166930","targetHints":{"allow":["GET"]}}],"collection":[{"href":"http:\/\/www.tvturk.com\/index.php\/wp-json\/wp\/v2\/posts"}],"about":[{"href":"http:\/\/www.tvturk.com\/index.php\/wp-json\/wp\/v2\/types\/post"}],"author":[{"embeddable":true,"href":"http:\/\/www.tvturk.com\/index.php\/wp-json\/wp\/v2\/users\/1"}],"replies":[{"embeddable":true,"href":"http:\/\/www.tvturk.com\/index.php\/wp-json\/wp\/v2\/comments?post=166930"}],"version-history":[{"count":0,"href":"http:\/\/www.tvturk.com\/index.php\/wp-json\/wp\/v2\/posts\/166930\/revisions"}],"wp:featuredmedia":[{"embeddable":true,"href":"http:\/\/www.tvturk.com\/index.php\/wp-json\/wp\/v2\/media\/166931"}],"wp:attachment":[{"href":"http:\/\/www.tvturk.com\/index.php\/wp-json\/wp\/v2\/media?parent=166930"}],"wp:term":[{"taxonomy":"category","embeddable":true,"href":"http:\/\/www.tvturk.com\/index.php\/wp-json\/wp\/v2\/categories?post=166930"},{"taxonomy":"post_tag","embeddable":true,"href":"http:\/\/www.tvturk.com\/index.php\/wp-json\/wp\/v2\/tags?post=166930"}],"curies":[{"name":"wp","href":"https:\/\/api.w.org\/{rel}","templated":true}]}}