{"id":166934,"date":"2019-06-08T15:54:17","date_gmt":"2019-06-08T12:54:17","guid":{"rendered":"http:\/\/www.tvturk.com\/index.php\/tbmm-baskani-sentop-arslan-mecliste-saygi-goren-bir-milletvekiliydi\/"},"modified":"2019-06-08T15:54:17","modified_gmt":"2019-06-08T12:54:17","slug":"tbmm-baskani-sentop-arslan-mecliste-saygi-goren-bir-milletvekiliydi","status":"publish","type":"post","link":"http:\/\/www.tvturk.com\/index.php\/tbmm-baskani-sentop-arslan-mecliste-saygi-goren-bir-milletvekiliydi\/","title":{"rendered":"TBMM Ba\u015fkan\u0131 \u015eentop: \u201cArslan, mecliste sayg\u0131 g\u00f6ren bir milletvekiliydi\u201d"},"content":{"rendered":"<p>TBMM Ba\u015fkan\u0131 Mustafa \u015eentop, cenaze t\u00f6renine de kat\u0131ld\u0131\u011f\u0131 hayat\u0131n\u0131 kaybeden CHP Denizli Milletvekili Kaz\u0131m Arslan\u2019\u0131n mecliste sevilen, say\u0131lan bir milletvekili oldu\u011funu ve farkl\u0131 fikirlere g\u00f6sterdi\u011fi sayg\u0131yla kendisini her zaman takdir etti\u011fini s\u00f6yledi.<\/p>\n<p>TBMM Ba\u015fkan\u0131 Mustafa \u015eentop, Antalya\u2019da ge\u00e7irdi\u011fi rahats\u0131zl\u0131k sonucu hayat\u0131na kaybeden CHP Denizli Milletvekili Kaz\u0131m Arslan\u2019\u0131n (65) cenaze t\u00f6renine kat\u0131lmak i\u00e7in kente geldi. T\u00f6rene kat\u0131lan Ba\u015fkan \u015eentop, ard\u0131ndan Denizli Valisi Hasan Karahan ve Denizli B\u00fcy\u00fck\u015fehir Belediye Ba\u015fkan\u0131 Osman Zolan\u2019\u0131 makamlar\u0131nda ziyaret etti. Ziyaretler sonras\u0131 gazetecilere a\u00e7\u0131klama yapan Ba\u015fkan \u015eentop, son yolculu\u011funa u\u011furlanan Milletvekili Arslan ile ilgili olarak, Kaz\u0131m Arslan\u2019\u0131n mecliste sevilen, say\u0131lan bir milletvekili oldu\u011fun belirterek, \u201cFarkl\u0131 partilerden milletvekili arkada\u015flar\u0131m\u0131z da nezaketiyle fikirlerini ifade ederken kar\u015f\u0131 tarafa g\u00f6sterdi\u011fi sayg\u0131yla kendisini her zaman takdir ederdim. Bizde Ramazan Bayram\u0131ndan \u00f6nce mecliste g\u00f6r\u00fc\u015fm\u00fc\u015ft\u00fck. Kendisi hay\u0131rl\u0131 olsun i\u00e7in gelemedi\u011fini bayramdan sonra gelece\u011fini ifade etmi\u015fti. Bizim mecliste sahalara giren arkada\u015flar\u0131m\u0131zdan birisiydi.  \u00d6l\u00fcm ya\u015fad\u0131\u011f\u0131m\u0131z hayat\u0131n bir ger\u00e7e\u011fi. Ne zaman, hangi sebeple, hangi vesileyle, nerede kar\u015f\u0131la\u015faca\u011f\u0131m\u0131z\u0131 bilmiyoruz. Bu bak\u0131mdan b\u00fcy\u00fck bir \u00fcz\u00fcnt\u00fc duyduk. Bu sebeple kendisine tekrar Allah\u2019tan rahmet diliyorum. Kendisine, ailesine ba\u015f sa\u011fl\u0131\u011f\u0131 diliyorum. Bunun i\u00e7in geldik birlikte d\u00f6nece\u011fiz in\u015fallah\u201d dedi.<\/p>\n","protected":false},"excerpt":{"rendered":"<p>T\u00dcRK\u0130YE B\u00dcY\u00dcK M\u0130LLET MECL\u0130S\u0130 (TBMM) BA\u015eKANI MUSTAFA \u015eENTOP, CENAZE T\u00d6REN\u0130NE DE KATILDI\u011eI HAYATINI KAYBEDEN CHP DEN\u0130ZL\u0130 M\u0130LLETVEK\u0130L\u0130 KAZIM ARSLAN\u2019IN MECL\u0130STE SEV\u0130LEN, SAYILAN B\u0130R M\u0130LLETVEK\u0130L\u0130 OLDU\u011eUNU VE FARKLI F\u0130K\u0130RLERE G\u00d6STERD\u0130\u011e\u0130 SAYGIYLA KEND\u0130S\u0130N\u0130 HER ZAMAN TAKD\u0130R ETT\u0130\u011e\u0130N\u0130 S\u00d6YLED\u0130. (SOLDAN SA\u011eA SIRASIYLA; AK PANT\u0130 DEN\u0130ZL\u0130 M\u0130LLETVEK\u0130L\u0130 \u015eAH\u0130N T\u0130N, DEN\u0130ZL\u0130 VAL\u0130S\u0130 HASAN KARAHAN, TBMM BA\u015eKANI MUSTAFA \u015eENTOP, AK PART\u0130 DEN\u0130ZL\u0130 M\u0130LLETVEK\u0130L\u0130 CAH\u0130T \u00d6ZKAN)<\/p>\n","protected":false},"author":1,"featured_media":166935,"comment_status":"closed","ping_status":"open","sticky":false,"template":"","format":"standard","meta":{"jetpack_post_was_ever_published":false,"_jetpack_newsletter_access":"","_jetpack_dont_email_post_to_subs":false,"_jetpack_newsletter_tier_id":0,"_jetpack_memberships_contains_paywalled_content":false,"_jetpack_memberships_contains_paid_content":false,"footnotes":"","jetpack_publicize_message":"","jetpack_publicize_feature_enabled":true,"jetpack_social_post_already_shared":true,"jetpack_social_options":{"image_generator_settings":{"template":"highway","default_image_id":0,"font":"","enabled":false},"version":2}},"categories":[1],"tags":[3051,216,125,5493,544,39892,11487,18442,3424],"class_list":["post-166934","post","type-post","status-publish","format-standard","has-post-thumbnail","hentry","category-genel","tag-arslan","tag-baskani","tag-bir","tag-goren","tag-mecliste","tag-milletvekiliydi","tag-saygi","tag-sentop","tag-tbmm"],"jetpack_publicize_connections":[],"jetpack_featured_media_url":"https:\/\/i0.wp.com\/www.tvturk.com\/wp-content\/uploads\/2019\/06\/tbmm-baskani-sentop-arslan-mecliste-saygi-goren-bir-milletvekiliydi_6fae5ee.jpg?fit=1000%2C640","jetpack_sharing_enabled":true,"jetpack_shortlink":"https:\/\/wp.me\/paKIfm-Hqu","_links":{"self":[{"href":"http:\/\/www.tvturk.com\/index.php\/wp-json\/wp\/v2\/posts\/166934","targetHints":{"allow":["GET"]}}],"collection":[{"href":"http:\/\/www.tvturk.com\/index.php\/wp-json\/wp\/v2\/posts"}],"about":[{"href":"http:\/\/www.tvturk.com\/index.php\/wp-json\/wp\/v2\/types\/post"}],"author":[{"embeddable":true,"href":"http:\/\/www.tvturk.com\/index.php\/wp-json\/wp\/v2\/users\/1"}],"replies":[{"embeddable":true,"href":"http:\/\/www.tvturk.com\/index.php\/wp-json\/wp\/v2\/comments?post=166934"}],"version-history":[{"count":0,"href":"http:\/\/www.tvturk.com\/index.php\/wp-json\/wp\/v2\/posts\/166934\/revisions"}],"wp:featuredmedia":[{"embeddable":true,"href":"http:\/\/www.tvturk.com\/index.php\/wp-json\/wp\/v2\/media\/166935"}],"wp:attachment":[{"href":"http:\/\/www.tvturk.com\/index.php\/wp-json\/wp\/v2\/media?parent=166934"}],"wp:term":[{"taxonomy":"category","embeddable":true,"href":"http:\/\/www.tvturk.com\/index.php\/wp-json\/wp\/v2\/categories?post=166934"},{"taxonomy":"post_tag","embeddable":true,"href":"http:\/\/www.tvturk.com\/index.php\/wp-json\/wp\/v2\/tags?post=166934"}],"curies":[{"name":"wp","href":"https:\/\/api.w.org\/{rel}","templated":true}]}}