{"id":166936,"date":"2019-06-08T15:56:56","date_gmt":"2019-06-08T12:56:56","guid":{"rendered":"http:\/\/www.tvturk.com\/index.php\/dunya-rafting-sampiyonasi-heyecani-antrenmanla-basladi\/"},"modified":"2019-06-08T15:56:56","modified_gmt":"2019-06-08T12:56:56","slug":"dunya-rafting-sampiyonasi-heyecani-antrenmanla-basladi","status":"publish","type":"post","link":"http:\/\/www.tvturk.com\/index.php\/dunya-rafting-sampiyonasi-heyecani-antrenmanla-basladi\/","title":{"rendered":"D\u00fcnya Rafting \u015eampiyonas\u0131 heyecan\u0131 antrenmanla ba\u015flad\u0131"},"content":{"rendered":"<p>T\u00fcrkiye\u2019de ilk defa Tunceli\u2019de d\u00fczenlenen D\u00fcnya Rafting \u015eampiyonas\u0131 heyecan\u0131 ba\u015flad\u0131. 20 \u00fclkeden tak\u0131m\u0131n kat\u0131ld\u0131\u011f\u0131 \u015fampiyona i\u00e7in kente gelen sporcular bug\u00fcn ilk antrenmanlar\u0131n\u0131 ger\u00e7ekle\u015ftirdi.<\/p>\n<p>Gen\u00e7lik ve Spor Bakanl\u0131\u011f\u0131\u2019n\u0131n deste\u011fi Tunceli Valisi Tuncay Sonel\u2019in giri\u015fimleriyle T\u00fcrkiye\u2019de ilk defa 8-13 Haziran aras\u0131nda ger\u00e7ekle\u015ftirilen D\u00fcnya Rafting \u015eampiyonas\u0131 i\u00e7in 20 \u00fclkeden 600 sporcunun yan\u0131 s\u0131ra 200 de teknik heyet ve hakem kente geldi. Munzur \u00c7ay\u0131\u2019nda d\u00fczenlenecek olan \u015fampiyonaya kat\u0131lacak tak\u0131mlar antrenmanlara ba\u015flarken D\u00fcnya Rafting Federasyonu Ba\u015fkan\u0131 Danilo Barmaz da kente gelerek yap\u0131lan \u00e7al\u0131\u015fmalar\u0131 inceledi.<\/p>\n<p>\u015eampiyona hakk\u0131nda bilgi veren Geli\u015fmekte Rafting Asba\u015fkan\u0131 ve D\u00fcnya Rafting Federasyonu \u0130kinci Ba\u015fkan\u0131 Fikret Yard\u0131mc\u0131, yo\u011fun bir \u00e7al\u0131\u015fman\u0131n ard\u0131ndan b\u00fct\u00fcn \u00fclke temsilcilerinin kente geldi\u011fini s\u00f6yledi.<\/p>\n<p>Gelen tak\u0131mlar\u0131n konaklama dahil t\u00fcm ihtiya\u00e7lar\u0131n\u0131n kar\u015f\u0131land\u0131\u011f\u0131n\u0131 ifade eden Yard\u0131mc\u0131, &#8220;Tunceli Halk\u0131 da bu \u00f6nemli organizasyonun fark\u0131nda. 20 \u00fclkeden 60\u2019a yak\u0131n tak\u0131m geldi. Bu \u00e7ok \u00f6nemli bir organizasyon&#8221; dedi.<\/p>\n<p>&#8220;\u00c7ok g\u00fczel bir organizasyon var&#8221;<\/p>\n<p>Bu sabah saatlerinde kente gelen D\u00fcnya Rafting Federasyonu Ba\u015fkan\u0131 Danilo Barmaz ise, &#8220;Kendimi harika bir \u015fehirde buldum. M\u00fckemmel insanlar\u0131n aras\u0131nda \u00e7ok g\u00fczel bir organizasyon var. Tunceli \u015fehrine ve organizasyonu d\u00fczenleyenlere te\u015fekk\u00fcr ediyorum. Harika bir i\u015f \u00e7\u0131kart\u0131yorsunuz&#8221; ifadelerini kulland\u0131.<\/p>\n<p>Kente gelen sporcular, bug\u00fcn ve yar\u0131n antrenman ger\u00e7ekle\u015ftirdikten sonra pazartesi g\u00fcn\u00fc haz\u0131rlanan program dahilinde yar\u0131\u015flara ba\u015flanaca\u011f\u0131 belirtildi.<\/p>\n<p>Turizm \u015fehri olan Tunceli\u2019de oteller doldu<\/p>\n<p>\u00d6te yandan ter\u00f6rle m\u00fccadele kapsam\u0131nda \u00f6nemli bir ba\u015far\u0131 elde edilen Tunceli huzur ve turizm \u015fehri haline geldi. Kentte ge\u00e7ti\u011fimiz y\u0131l \u00e7ok say\u0131da T\u00fcrkiye \u015fampiyonas\u0131 d\u00fczenlendi. Bug\u00fcn sporcular\u0131n geldi\u011fi ve pazartesi ba\u015flayacak olan Rafting D\u00fcnya \u015eampiyonas\u0131 \u00f6ncesi kentte otellerin tamamen doldu\u011fu, kamplar\u0131n kuruldu\u011fu belirtildi.<\/p>\n","protected":false},"excerpt":{"rendered":"<p>TUNCEL\u0130&#8217;DE 8-13 HAZ\u0130RAN TAR\u0130HLER\u0130 ARASINDA GER\u00c7EKLE\u015eT\u0130R\u0130LECEK OLAN D\u00dcNYA RAFT\u0130NG \u015eAMP\u0130YONASI HEYECANI YA\u015eANIYOR.<\/p>\n","protected":false},"author":1,"featured_media":166937,"comment_status":"closed","ping_status":"open","sticky":false,"template":"","format":"standard","meta":{"jetpack_post_was_ever_published":false,"_jetpack_newsletter_access":"","_jetpack_dont_email_post_to_subs":false,"_jetpack_newsletter_tier_id":0,"_jetpack_memberships_contains_paywalled_content":false,"_jetpack_memberships_contains_paid_content":false,"footnotes":"","jetpack_publicize_message":"","jetpack_publicize_feature_enabled":true,"jetpack_social_post_already_shared":true,"jetpack_social_options":{"image_generator_settings":{"template":"highway","default_image_id":0,"font":"","enabled":false},"version":2}},"categories":[657],"tags":[349,39893,55,1179,24523,395],"class_list":["post-166936","post","type-post","status-publish","format-standard","has-post-thumbnail","hentry","category-spor","tag-dunya","tag-antrenmanla","tag-basladi","tag-heyecani","tag-rafting","tag-sampiyonasi"],"jetpack_publicize_connections":[],"jetpack_featured_media_url":"https:\/\/i0.wp.com\/www.tvturk.com\/wp-content\/uploads\/2019\/06\/dunya-rafting-sampiyonasi-heyecani-antrenmanla-basladi_d4d76fe.jpg?fit=1000%2C666","jetpack_sharing_enabled":true,"jetpack_shortlink":"https:\/\/wp.me\/paKIfm-Hqw","_links":{"self":[{"href":"http:\/\/www.tvturk.com\/index.php\/wp-json\/wp\/v2\/posts\/166936","targetHints":{"allow":["GET"]}}],"collection":[{"href":"http:\/\/www.tvturk.com\/index.php\/wp-json\/wp\/v2\/posts"}],"about":[{"href":"http:\/\/www.tvturk.com\/index.php\/wp-json\/wp\/v2\/types\/post"}],"author":[{"embeddable":true,"href":"http:\/\/www.tvturk.com\/index.php\/wp-json\/wp\/v2\/users\/1"}],"replies":[{"embeddable":true,"href":"http:\/\/www.tvturk.com\/index.php\/wp-json\/wp\/v2\/comments?post=166936"}],"version-history":[{"count":0,"href":"http:\/\/www.tvturk.com\/index.php\/wp-json\/wp\/v2\/posts\/166936\/revisions"}],"wp:featuredmedia":[{"embeddable":true,"href":"http:\/\/www.tvturk.com\/index.php\/wp-json\/wp\/v2\/media\/166937"}],"wp:attachment":[{"href":"http:\/\/www.tvturk.com\/index.php\/wp-json\/wp\/v2\/media?parent=166936"}],"wp:term":[{"taxonomy":"category","embeddable":true,"href":"http:\/\/www.tvturk.com\/index.php\/wp-json\/wp\/v2\/categories?post=166936"},{"taxonomy":"post_tag","embeddable":true,"href":"http:\/\/www.tvturk.com\/index.php\/wp-json\/wp\/v2\/tags?post=166936"}],"curies":[{"name":"wp","href":"https:\/\/api.w.org\/{rel}","templated":true}]}}